{"id":1986,"date":"2014-03-12T22:03:41","date_gmt":"2014-03-12T22:03:41","guid":{"rendered":"https:\/\/www.progeriaresearch.org\/?p=1986"},"modified":"2020-12-11T11:54:24","modified_gmt":"2020-12-11T16:54:24","slug":"prf-on-the-move","status":"publish","type":"post","link":"https:\/\/www.progeriaresearch.org\/de\/2014\/03\/12\/prf-on-the-move\/","title":{"rendered":"PRF unterwegs"},"content":{"rendered":"<p>[et_pb_section fb_built=\u201d1\u2033 _builder_version=\u201d3.22\u2033][et_pb_row _builder_version=\u201d3.25\u2033 background_size=\u201dinitial\u201d background_position=\u201dtop_left\u201d background_repeat=\u201dwiederholen\u201d][et_pb_column type=\u201d4_4\u2033 _builder_version=\u201d3.25\u2033 custom_padding=\u201d|||\u201d custom_padding__hover=\u201d|||\u201d][et_pb_text _builder_version=\u201d4.6.5\u2033 background_size=\u201dinitial\u201d background_position=\u201dtop_left\u201d background_repeat=\u201dwiederholen\u201d hover_enabled=\u201d0\u2033 sticky_enabled=\u201d0\u2033]<\/p>\n<p>PRF wurde in Washington DC f\u00fcr seinen \u201ebedeutenden Einfluss auf die F\u00f6rderung der Forschung\u201c ausgezeichnet und erhielt von der f\u00fchrenden Aufsichtsbeh\u00f6rde f\u00fcr gemeinn\u00fctzige Organisationen die Bestnote. Das Unternehmen ist hocherfreut \u00fcber die bedeutende Anerkennung.<\/p>\n<p><strong>Am 12. M\u00e4rz 2014 erhielt PRF den renommierten<\/strong> <a href=\"https:\/\/www.researchamerica.org\/advocacy_awards\" target=\"_blank\" rel=\"noopener noreferrer\">Paul G. Rogers Auszeichnung f\u00fcr herausragende Organisationsf\u00f6rderung<\/a> in Washington, DC, wo sich f\u00fchrende Vertreter aus Regierung, Industrie, Wissenschaft und gemeinn\u00fctzigen Organisationen versammelten, um diejenigen zu ehren, die einen bedeutenden Beitrag zur Weiterentwicklung der Forschung geleistet haben. Mary Woolley, Pr\u00e4sidentin und CEO von Research!America, die daf\u00fcr gew\u00fcrdigt wurde, dass sie Progeria aus der Bedeutungslosigkeit in die erfolgreiche translationale Forschung gebracht hat, sagte: \u201eDie Progeria Research Foundation ist ein Vorreiter in der Forschungsf\u00f6rderungsgemeinschaft. Ihre Leidenschaft und Hingabe zur Verbesserung des Lebens von Patienten und Familien ist ein Vorbild f\u00fcr andere.\u201c<\/p>\n<div id=\"attachment_1987\" style=\"width: 460px\" class=\"wp-caption aligncenter\"><img loading=\"lazy\" decoding=\"async\" aria-describedby=\"caption-attachment-1987\" class=\"wp-image-1987 size-full\" src=\"https:\/\/www.progeriaresearch.org\/wp-content\/uploads\/2017\/05\/RA-award-with-Nabel-and-Rogers.jpg\" alt=\"\" width=\"450\" height=\"265\" srcset=\"https:\/\/www.progeriaresearch.org\/wp-content\/uploads\/2017\/05\/RA-award-with-Nabel-and-Rogers.jpg 450w, https:\/\/www.progeriaresearch.org\/wp-content\/uploads\/2017\/05\/RA-award-with-Nabel-and-Rogers-300x177.jpg 300w\" sizes=\"(max-width: 450px) 100vw, 450px\" \/><p id=\"caption-attachment-1987\" class=\"wp-caption-text\">Im Bild: PRF-Vorstandsvorsitzender Dr. Scott Berns, Mr. Rogers\u2018 Tochter Laing Rogers Sisto, Ehefrau Becky Rogers, PRF-\u00c4rztlicher Direktor Dr. Leslie Gordon, Preistr\u00e4gerin und Pr\u00e4sidentin des Brigham &amp; Women&#039;s Hospital Dr. Betsy Nabel und PRF-Gesch\u00e4ftsf\u00fchrerin Audrey Gordon<\/p><\/div>\n<p><img loading=\"lazy\" decoding=\"async\" class=\"size-full wp-image-1988 alignleft\" src=\"https:\/\/www.progeriaresearch.org\/wp-content\/uploads\/2017\/05\/CN-4Star-125x125.jpg\" alt=\"\" width=\"150\" height=\"150\" \/>PRF wurde auch ausgezeichnet <strong>vier (von vier!) Sternen von Charity Navigator,<\/strong> Amerikas f\u00fchrender unabh\u00e4ngiger Gutachter f\u00fcr gemeinn\u00fctzige Organisationen. Ihre gr\u00fcndliche, objektive Analyse ergab den starken finanziellen und organisatorischen Status von PRF: \u201ePRF h\u00e4lt sich an gute Unternehmensf\u00fchrung und andere bew\u00e4hrte Praktiken\u201c, stellte das Pr\u00fcfgremium fest, \u201eund f\u00fchrt seine Mission konsequent auf finanziell verantwortungsvolle Weise aus.\u201c Bitte <a href=\"https:\/\/www.charitynavigator.org\/index.cfm?bay=search.summary&amp;orgid=11884#.U0VeLOewLd2\" target=\"_blank\" rel=\"noopener noreferrer\">klicken Sie hier<\/a> um unsere Vier-Sterne-Bewertung zu \u00fcberpr\u00fcfen.<\/p>\n<p><strong>Wir freuen uns sehr \u00fcber die Anerkennung, die PRF in dieser Form erh\u00e4lt.<\/strong> f\u00fcr seine wichtige und erfolgreiche Arbeit f\u00fcr Kinder mit Progerie. <strong>Ein gro\u00dfes Lob an EUCH alle<\/strong>, die solche Erfolge mit Ihrer unerm\u00fcdlichen Unterst\u00fctzung erm\u00f6glichen.<\/p>\n<p>[\/et_pb_text][\/et_pb_column][\/et_pb_row][\/et_pb_section]<\/p>","protected":false},"excerpt":{"rendered":"<p>[et_pb_section fb_built=&#8221;1&#8243; _builder_version=&#8221;3.22&#8243;][et_pb_row _builder_version=&#8221;3.25&#8243; background_size=&#8221;initial&#8221; background_position=&#8221;top_left&#8221; background_repeat=&#8221;repeat&#8221;][et_pb_column type=&#8221;4_4&#8243; _builder_version=&#8221;3.25&#8243; custom_padding=&#8221;|||&#8221; custom_padding__hover=&#8221;|||&#8221;][et_pb_text _builder_version=&#8221;4.6.5&#8243; background_size=&#8221;initial&#8221; background_position=&#8221;top_left&#8221; background_repeat=&#8221;repeat&#8221; hover_enabled=&#8221;0&#8243; sticky_enabled=&#8221;0&#8243;] Recognized in Washington DC for its \u201csignificant impact in advancing research\u201d, and attaining the top score from the premier nonprofit overseer, PRF is thrilled to be recognized in such significant ways. On March 12, 2014, PRF received Research!America&#8217;s [&hellip;]<\/p>","protected":false},"author":1,"featured_media":2014,"comment_status":"open","ping_status":"open","sticky":false,"template":"","format":"standard","meta":{"_et_pb_use_builder":"on","_et_pb_old_content":"<p>[vc_custom_heading text=\"PRF On the Move: Receives Research!America Award, Achieves Highest 4-Star Rating\" font_container=\"tag:h1|text_align:left\" use_theme_fonts=\"yes\"]Recognized in Washington DC for its \u201csignificant impact in advancing research\u201d, and attaining the top score from the premier nonprofit overseer, PRF is thrilled to be recognized in such significant ways.<strong>On March 12, 2014, PRF received Research!America's prestigious<\/strong> <a href=\"https:\/\/www.researchamerica.org\/advocacy_awards\" target=\"_blank\" rel=\"noopener noreferrer\">Paul G. Rogers Distinguished Organization Advocacy Award<\/a> in Washington, DC, where leaders from government, industry, academia and nonprofit organizations gathered to honor those who have made a significant impact in advancing research. Recognized for bringing Progeria from obscurity to successful translational research, Mary Woolley, president and CEO of Research!America said, \"The Progeria Research Foundation is a trailblazer in the research advocacy community. Their passion and dedication to improving the lives of patients and families is a model for others.\"<\/p>[caption id=\"attachment_1987\" align=\"aligncenter\" width=\"450\"]<img class=\"wp-image-1987 size-full\" src=\"https:\/\/www.progeriaresearch.org\/wp-content\/uploads\/2017\/05\/RA-award-with-Nabel-and-Rogers.jpg\" alt=\"\" width=\"450\" height=\"265\" \/> Pictured: PRF Board Chair Dr. Scott Berns, Mr. Rogers\u2019 daughter Laing Rogers Sisto, wife Becky Rogers, PRF Medical Director Dr. Leslie Gordon, award presenter and President of Brigham & Women's Hospital Dr. Betsy Nabel, and PRF Executive Director Audrey Gordon[\/caption]<p><img class=\"size-full wp-image-1988 alignleft\" src=\"https:\/\/www.progeriaresearch.org\/wp-content\/uploads\/2017\/05\/CN-4Star-125x125.jpg\" alt=\"\" width=\"150\" height=\"150\" \/>PRF has also been awarded <strong>four (out of four!) stars from Charity Navigator,<\/strong> America's premier independent nonprofit evaluator. Their in-depth, objective analysis revealed PRF's strong financial and organizational status: \"PRF adheres to good governance and other best practices\u201d, the review panel noted, \u201cand consistently executes its mission in a fiscally responsible way.\" Please <a href=\"https:\/\/www.charitynavigator.org\/index.cfm?bay=search.summary&orgid=11884#.U0VeLOewLd2\" target=\"_blank\" rel=\"noopener noreferrer\">click here<\/a> to review our four star rating.<\/p><p><strong>We are thrilled that PRF is being recognized in such significant ways<\/strong> for its important and accomplished work for children with Progeria. <strong>Kudos to all of YOU<\/strong>, who make such achievements possible with your unwavering support.<\/p>","_et_gb_content_width":"","footnotes":"","_links_to":"","_links_to_target":""},"categories":[2],"tags":[],"class_list":["post-1986","post","type-post","status-publish","format-standard","has-post-thumbnail","hentry","category-news"],"yoast_head":"<!-- This site is optimized with the Yoast SEO plugin v26.8 - https:\/\/yoast.com\/product\/yoast-seo-wordpress\/ -->\n<title>PRF On The Move - The Progeria Research Foundation<\/title>\n<meta name=\"robots\" content=\"index, follow, max-snippet:-1, max-image-preview:large, max-video-preview:-1\" \/>\n<link rel=\"canonical\" href=\"https:\/\/www.progeriaresearch.org\/de\/2014\/03\/12\/prf-on-the-move\/\" \/>\n<meta property=\"og:locale\" content=\"de_DE\" \/>\n<meta property=\"og:type\" content=\"article\" \/>\n<meta property=\"og:title\" content=\"PRF On The Move - The Progeria Research Foundation\" \/>\n<meta property=\"og:description\" content=\"[et_pb_section fb_built=&#8221;1&#8243; _builder_version=&#8221;3.22&#8243;][et_pb_row _builder_version=&#8221;3.25&#8243; background_size=&#8221;initial&#8221; background_position=&#8221;top_left&#8221; background_repeat=&#8221;repeat&#8221;][et_pb_column type=&#8221;4_4&#8243; _builder_version=&#8221;3.25&#8243; custom_padding=&#8221;|||&#8221; custom_padding__hover=&#8221;|||&#8221;][et_pb_text _builder_version=&#8221;4.6.5&#8243; background_size=&#8221;initial&#8221; background_position=&#8221;top_left&#8221; background_repeat=&#8221;repeat&#8221; hover_enabled=&#8221;0&#8243; sticky_enabled=&#8221;0&#8243;] Recognized in Washington DC for its \u201csignificant impact in advancing research\u201d, and attaining the top score from the premier nonprofit overseer, PRF is thrilled to be recognized in such significant ways. On March 12, 2014, PRF received Research!America&#8217;s [&hellip;]\" \/>\n<meta property=\"og:url\" content=\"https:\/\/www.progeriaresearch.org\/de\/2014\/03\/12\/prf-on-the-move\/\" \/>\n<meta property=\"og:site_name\" content=\"The Progeria Research Foundation\" \/>\n<meta property=\"article:publisher\" content=\"https:\/\/www.facebook.com\/ProgeriaResearch\/\" \/>\n<meta property=\"article:published_time\" content=\"2014-03-12T22:03:41+00:00\" \/>\n<meta property=\"article:modified_time\" content=\"2020-12-11T16:54:24+00:00\" \/>\n<meta property=\"og:image\" content=\"https:\/\/www.progeriaresearch.org\/wp-content\/uploads\/2014\/03\/RA-award-with-Nabel-and-Rogers.jpg\" \/>\n\t<meta property=\"og:image:width\" content=\"450\" \/>\n\t<meta property=\"og:image:height\" content=\"265\" \/>\n\t<meta property=\"og:image:type\" content=\"image\/jpeg\" \/>\n<meta name=\"author\" content=\"gravoc\" \/>\n<meta name=\"twitter:card\" content=\"summary_large_image\" \/>\n<meta name=\"twitter:creator\" content=\"@Progeria\" \/>\n<meta name=\"twitter:site\" content=\"@Progeria\" \/>\n<meta name=\"twitter:label1\" content=\"Written by\" \/>\n\t<meta name=\"twitter:data1\" content=\"gravoc\" \/>\n\t<meta name=\"twitter:label2\" content=\"Est. reading time\" \/>\n\t<meta name=\"twitter:data2\" content=\"2 Minuten\" \/>\n<script type=\"application\/ld+json\" class=\"yoast-schema-graph\">{\"@context\":\"https:\/\/schema.org\",\"@graph\":[{\"@type\":\"Article\",\"@id\":\"https:\/\/www.progeriaresearch.org\/es\/2014\/03\/12\/prf-on-the-move\/#article\",\"isPartOf\":{\"@id\":\"https:\/\/www.progeriaresearch.org\/es\/2014\/03\/12\/prf-on-the-move\/\"},\"author\":{\"name\":\"gravoc\",\"@id\":\"https:\/\/www.progeriaresearch.org\/ta\/#\/schema\/person\/a3c935a81e92242c6a77ae0018542928\"},\"headline\":\"PRF On The Move\",\"datePublished\":\"2014-03-12T22:03:41+00:00\",\"dateModified\":\"2020-12-11T16:54:24+00:00\",\"mainEntityOfPage\":{\"@id\":\"https:\/\/www.progeriaresearch.org\/es\/2014\/03\/12\/prf-on-the-move\/\"},\"wordCount\":334,\"commentCount\":0,\"publisher\":{\"@id\":\"https:\/\/www.progeriaresearch.org\/ta\/#organization\"},\"image\":{\"@id\":\"https:\/\/www.progeriaresearch.org\/es\/2014\/03\/12\/prf-on-the-move\/#primaryimage\"},\"thumbnailUrl\":\"https:\/\/www.progeriaresearch.org\/wp-content\/uploads\/2014\/03\/RA-award-with-Nabel-and-Rogers.jpg\",\"articleSection\":[\"News\"],\"inLanguage\":\"de\",\"potentialAction\":[{\"@type\":\"CommentAction\",\"name\":\"Comment\",\"target\":[\"https:\/\/www.progeriaresearch.org\/es\/2014\/03\/12\/prf-on-the-move\/#respond\"]}]},{\"@type\":\"WebPage\",\"@id\":\"https:\/\/www.progeriaresearch.org\/es\/2014\/03\/12\/prf-on-the-move\/\",\"url\":\"https:\/\/www.progeriaresearch.org\/es\/2014\/03\/12\/prf-on-the-move\/\",\"name\":\"PRF On The Move - The Progeria Research Foundation\",\"isPartOf\":{\"@id\":\"https:\/\/www.progeriaresearch.org\/ta\/#website\"},\"primaryImageOfPage\":{\"@id\":\"https:\/\/www.progeriaresearch.org\/es\/2014\/03\/12\/prf-on-the-move\/#primaryimage\"},\"image\":{\"@id\":\"https:\/\/www.progeriaresearch.org\/es\/2014\/03\/12\/prf-on-the-move\/#primaryimage\"},\"thumbnailUrl\":\"https:\/\/www.progeriaresearch.org\/wp-content\/uploads\/2014\/03\/RA-award-with-Nabel-and-Rogers.jpg\",\"datePublished\":\"2014-03-12T22:03:41+00:00\",\"dateModified\":\"2020-12-11T16:54:24+00:00\",\"breadcrumb\":{\"@id\":\"https:\/\/www.progeriaresearch.org\/es\/2014\/03\/12\/prf-on-the-move\/#breadcrumb\"},\"inLanguage\":\"de\",\"potentialAction\":[{\"@type\":\"ReadAction\",\"target\":[\"https:\/\/www.progeriaresearch.org\/es\/2014\/03\/12\/prf-on-the-move\/\"]}]},{\"@type\":\"ImageObject\",\"inLanguage\":\"de\",\"@id\":\"https:\/\/www.progeriaresearch.org\/es\/2014\/03\/12\/prf-on-the-move\/#primaryimage\",\"url\":\"https:\/\/www.progeriaresearch.org\/wp-content\/uploads\/2014\/03\/RA-award-with-Nabel-and-Rogers.jpg\",\"contentUrl\":\"https:\/\/www.progeriaresearch.org\/wp-content\/uploads\/2014\/03\/RA-award-with-Nabel-and-Rogers.jpg\",\"width\":450,\"height\":265,\"caption\":\"\"},{\"@type\":\"BreadcrumbList\",\"@id\":\"https:\/\/www.progeriaresearch.org\/es\/2014\/03\/12\/prf-on-the-move\/#breadcrumb\",\"itemListElement\":[{\"@type\":\"ListItem\",\"position\":1,\"name\":\"Home\",\"item\":\"https:\/\/www.progeriaresearch.org\/\"},{\"@type\":\"ListItem\",\"position\":2,\"name\":\"PRF On The Move\"}]},{\"@type\":\"WebSite\",\"@id\":\"https:\/\/www.progeriaresearch.org\/ta\/#website\",\"url\":\"https:\/\/www.progeriaresearch.org\/ta\/\",\"name\":\"The Progeria Research Foundation\",\"description\":\"For the Children \u2665 For the Cure\",\"publisher\":{\"@id\":\"https:\/\/www.progeriaresearch.org\/ta\/#organization\"},\"potentialAction\":[{\"@type\":\"SearchAction\",\"target\":{\"@type\":\"EntryPoint\",\"urlTemplate\":\"https:\/\/www.progeriaresearch.org\/ta\/?s={search_term_string}\"},\"query-input\":{\"@type\":\"PropertyValueSpecification\",\"valueRequired\":true,\"valueName\":\"search_term_string\"}}],\"inLanguage\":\"de\"},{\"@type\":\"Organization\",\"@id\":\"https:\/\/www.progeriaresearch.org\/ta\/#organization\",\"name\":\"The Progeria Research Foundation\",\"url\":\"https:\/\/www.progeriaresearch.org\/ta\/\",\"logo\":{\"@type\":\"ImageObject\",\"inLanguage\":\"de\",\"@id\":\"https:\/\/www.progeriaresearch.org\/ta\/#\/schema\/logo\/image\/\",\"url\":\"https:\/\/www.progeriaresearch.org\/wp-content\/uploads\/2019\/05\/PRF_Logo_2019_optimized.png\",\"contentUrl\":\"https:\/\/www.progeriaresearch.org\/wp-content\/uploads\/2019\/05\/PRF_Logo_2019_optimized.png\",\"width\":300,\"height\":86,\"caption\":\"The Progeria Research Foundation\"},\"image\":{\"@id\":\"https:\/\/www.progeriaresearch.org\/ta\/#\/schema\/logo\/image\/\"},\"sameAs\":[\"https:\/\/www.facebook.com\/ProgeriaResearch\/\",\"https:\/\/x.com\/Progeria\",\"https:\/\/www.instagram.com\/progeriaresearch\/\"]},{\"@type\":\"Person\",\"@id\":\"https:\/\/www.progeriaresearch.org\/ta\/#\/schema\/person\/a3c935a81e92242c6a77ae0018542928\",\"name\":\"gravoc\",\"image\":{\"@type\":\"ImageObject\",\"inLanguage\":\"de\",\"@id\":\"https:\/\/www.progeriaresearch.org\/ta\/#\/schema\/person\/image\/\",\"url\":\"https:\/\/secure.gravatar.com\/avatar\/cee2d206466fdbfc70635d168190f07f615d6e9c97c316eb6a88b5b563efdd7b?s=96&d=mm&r=g\",\"contentUrl\":\"https:\/\/secure.gravatar.com\/avatar\/cee2d206466fdbfc70635d168190f07f615d6e9c97c316eb6a88b5b563efdd7b?s=96&d=mm&r=g\",\"caption\":\"gravoc\"},\"url\":\"https:\/\/www.progeriaresearch.org\/de\/author\/gravoc\/\"}]}<\/script>\n<!-- \/ Yoast SEO plugin. -->","yoast_head_json":{"title":"PRF On The Move - The Progeria Research Foundation","robots":{"index":"index","follow":"follow","max-snippet":"max-snippet:-1","max-image-preview":"max-image-preview:large","max-video-preview":"max-video-preview:-1"},"canonical":"https:\/\/www.progeriaresearch.org\/de\/2014\/03\/12\/prf-on-the-move\/","og_locale":"de_DE","og_type":"article","og_title":"PRF On The Move - The Progeria Research Foundation","og_description":"[et_pb_section fb_built=&#8221;1&#8243; _builder_version=&#8221;3.22&#8243;][et_pb_row _builder_version=&#8221;3.25&#8243; background_size=&#8221;initial&#8221; background_position=&#8221;top_left&#8221; background_repeat=&#8221;repeat&#8221;][et_pb_column type=&#8221;4_4&#8243; _builder_version=&#8221;3.25&#8243; custom_padding=&#8221;|||&#8221; custom_padding__hover=&#8221;|||&#8221;][et_pb_text _builder_version=&#8221;4.6.5&#8243; background_size=&#8221;initial&#8221; background_position=&#8221;top_left&#8221; background_repeat=&#8221;repeat&#8221; hover_enabled=&#8221;0&#8243; sticky_enabled=&#8221;0&#8243;] Recognized in Washington DC for its \u201csignificant impact in advancing research\u201d, and attaining the top score from the premier nonprofit overseer, PRF is thrilled to be recognized in such significant ways. On March 12, 2014, PRF received Research!America&#8217;s [&hellip;]","og_url":"https:\/\/www.progeriaresearch.org\/de\/2014\/03\/12\/prf-on-the-move\/","og_site_name":"The Progeria Research Foundation","article_publisher":"https:\/\/www.facebook.com\/ProgeriaResearch\/","article_published_time":"2014-03-12T22:03:41+00:00","article_modified_time":"2020-12-11T16:54:24+00:00","og_image":[{"width":450,"height":265,"url":"https:\/\/www.progeriaresearch.org\/wp-content\/uploads\/2014\/03\/RA-award-with-Nabel-and-Rogers.jpg","type":"image\/jpeg"}],"author":"gravoc","twitter_card":"summary_large_image","twitter_creator":"@Progeria","twitter_site":"@Progeria","twitter_misc":{"Written by":"gravoc","Est. reading time":"2 Minuten"},"schema":{"@context":"https:\/\/schema.org","@graph":[{"@type":"Article","@id":"https:\/\/www.progeriaresearch.org\/es\/2014\/03\/12\/prf-on-the-move\/#article","isPartOf":{"@id":"https:\/\/www.progeriaresearch.org\/es\/2014\/03\/12\/prf-on-the-move\/"},"author":{"name":"gravoc","@id":"https:\/\/www.progeriaresearch.org\/ta\/#\/schema\/person\/a3c935a81e92242c6a77ae0018542928"},"headline":"PRF On The Move","datePublished":"2014-03-12T22:03:41+00:00","dateModified":"2020-12-11T16:54:24+00:00","mainEntityOfPage":{"@id":"https:\/\/www.progeriaresearch.org\/es\/2014\/03\/12\/prf-on-the-move\/"},"wordCount":334,"commentCount":0,"publisher":{"@id":"https:\/\/www.progeriaresearch.org\/ta\/#organization"},"image":{"@id":"https:\/\/www.progeriaresearch.org\/es\/2014\/03\/12\/prf-on-the-move\/#primaryimage"},"thumbnailUrl":"https:\/\/www.progeriaresearch.org\/wp-content\/uploads\/2014\/03\/RA-award-with-Nabel-and-Rogers.jpg","articleSection":["News"],"inLanguage":"de","potentialAction":[{"@type":"CommentAction","name":"Comment","target":["https:\/\/www.progeriaresearch.org\/es\/2014\/03\/12\/prf-on-the-move\/#respond"]}]},{"@type":"WebPage","@id":"https:\/\/www.progeriaresearch.org\/es\/2014\/03\/12\/prf-on-the-move\/","url":"https:\/\/www.progeriaresearch.org\/es\/2014\/03\/12\/prf-on-the-move\/","name":"PRF On The Move - The Progeria Research Foundation","isPartOf":{"@id":"https:\/\/www.progeriaresearch.org\/ta\/#website"},"primaryImageOfPage":{"@id":"https:\/\/www.progeriaresearch.org\/es\/2014\/03\/12\/prf-on-the-move\/#primaryimage"},"image":{"@id":"https:\/\/www.progeriaresearch.org\/es\/2014\/03\/12\/prf-on-the-move\/#primaryimage"},"thumbnailUrl":"https:\/\/www.progeriaresearch.org\/wp-content\/uploads\/2014\/03\/RA-award-with-Nabel-and-Rogers.jpg","datePublished":"2014-03-12T22:03:41+00:00","dateModified":"2020-12-11T16:54:24+00:00","breadcrumb":{"@id":"https:\/\/www.progeriaresearch.org\/es\/2014\/03\/12\/prf-on-the-move\/#breadcrumb"},"inLanguage":"de","potentialAction":[{"@type":"ReadAction","target":["https:\/\/www.progeriaresearch.org\/es\/2014\/03\/12\/prf-on-the-move\/"]}]},{"@type":"ImageObject","inLanguage":"de","@id":"https:\/\/www.progeriaresearch.org\/es\/2014\/03\/12\/prf-on-the-move\/#primaryimage","url":"https:\/\/www.progeriaresearch.org\/wp-content\/uploads\/2014\/03\/RA-award-with-Nabel-and-Rogers.jpg","contentUrl":"https:\/\/www.progeriaresearch.org\/wp-content\/uploads\/2014\/03\/RA-award-with-Nabel-and-Rogers.jpg","width":450,"height":265,"caption":""},{"@type":"BreadcrumbList","@id":"https:\/\/www.progeriaresearch.org\/es\/2014\/03\/12\/prf-on-the-move\/#breadcrumb","itemListElement":[{"@type":"ListItem","position":1,"name":"Home","item":"https:\/\/www.progeriaresearch.org\/"},{"@type":"ListItem","position":2,"name":"PRF On The Move"}]},{"@type":"WebSite","@id":"https:\/\/www.progeriaresearch.org\/ta\/#website","url":"https:\/\/www.progeriaresearch.org\/ta\/","name":"Die Progeria Research Foundation","description":"F\u00fcr die Kinder \u2665 F\u00fcr die Heilung","publisher":{"@id":"https:\/\/www.progeriaresearch.org\/ta\/#organization"},"potentialAction":[{"@type":"SearchAction","target":{"@type":"EntryPoint","urlTemplate":"https:\/\/www.progeriaresearch.org\/ta\/?s={search_term_string}"},"query-input":{"@type":"PropertyValueSpecification","valueRequired":true,"valueName":"search_term_string"}}],"inLanguage":"de"},{"@type":"Organization","@id":"https:\/\/www.progeriaresearch.org\/ta\/#organization","name":"Die Progeria Research Foundation","url":"https:\/\/www.progeriaresearch.org\/ta\/","logo":{"@type":"ImageObject","inLanguage":"de","@id":"https:\/\/www.progeriaresearch.org\/ta\/#\/schema\/logo\/image\/","url":"https:\/\/www.progeriaresearch.org\/wp-content\/uploads\/2019\/05\/PRF_Logo_2019_optimized.png","contentUrl":"https:\/\/www.progeriaresearch.org\/wp-content\/uploads\/2019\/05\/PRF_Logo_2019_optimized.png","width":300,"height":86,"caption":"The Progeria Research Foundation"},"image":{"@id":"https:\/\/www.progeriaresearch.org\/ta\/#\/schema\/logo\/image\/"},"sameAs":["https:\/\/www.facebook.com\/ProgeriaResearch\/","https:\/\/x.com\/Progeria","https:\/\/www.instagram.com\/progeriaresearch\/"]},{"@type":"Person","@id":"https:\/\/www.progeriaresearch.org\/ta\/#\/schema\/person\/a3c935a81e92242c6a77ae0018542928","name":"Gravoc","image":{"@type":"ImageObject","inLanguage":"de","@id":"https:\/\/www.progeriaresearch.org\/ta\/#\/schema\/person\/image\/","url":"https:\/\/secure.gravatar.com\/avatar\/cee2d206466fdbfc70635d168190f07f615d6e9c97c316eb6a88b5b563efdd7b?s=96&d=mm&r=g","contentUrl":"https:\/\/secure.gravatar.com\/avatar\/cee2d206466fdbfc70635d168190f07f615d6e9c97c316eb6a88b5b563efdd7b?s=96&d=mm&r=g","caption":"gravoc"},"url":"https:\/\/www.progeriaresearch.org\/de\/author\/gravoc\/"}]}},"_links":{"self":[{"href":"https:\/\/www.progeriaresearch.org\/de\/wp-json\/wp\/v2\/posts\/1986","targetHints":{"allow":["GET"]}}],"collection":[{"href":"https:\/\/www.progeriaresearch.org\/de\/wp-json\/wp\/v2\/posts"}],"about":[{"href":"https:\/\/www.progeriaresearch.org\/de\/wp-json\/wp\/v2\/types\/post"}],"author":[{"embeddable":true,"href":"https:\/\/www.progeriaresearch.org\/de\/wp-json\/wp\/v2\/users\/1"}],"replies":[{"embeddable":true,"href":"https:\/\/www.progeriaresearch.org\/de\/wp-json\/wp\/v2\/comments?post=1986"}],"version-history":[{"count":0,"href":"https:\/\/www.progeriaresearch.org\/de\/wp-json\/wp\/v2\/posts\/1986\/revisions"}],"wp:featuredmedia":[{"embeddable":true,"href":"https:\/\/www.progeriaresearch.org\/de\/wp-json\/wp\/v2\/media\/2014"}],"wp:attachment":[{"href":"https:\/\/www.progeriaresearch.org\/de\/wp-json\/wp\/v2\/media?parent=1986"}],"wp:term":[{"taxonomy":"category","embeddable":true,"href":"https:\/\/www.progeriaresearch.org\/de\/wp-json\/wp\/v2\/categories?post=1986"},{"taxonomy":"post_tag","embeddable":true,"href":"https:\/\/www.progeriaresearch.org\/de\/wp-json\/wp\/v2\/tags?post=1986"}],"curies":[{"name":"wp","href":"https:\/\/api.w.org\/{rel}","templated":true}]}}