{"id":2071,"date":"2010-05-16T13:05:19","date_gmt":"2010-05-16T13:05:19","guid":{"rendered":"https:\/\/www.progeriaresearch.org\/?p=2071"},"modified":"2020-12-10T17:27:59","modified_gmt":"2020-12-10T22:27:59","slug":"the-dr-oz-show-aired-a-very-special-segment-on-progeria","status":"publish","type":"post","link":"https:\/\/www.progeriaresearch.org\/de\/2010\/05\/16\/the-dr-oz-show-aired-a-very-special-segment-on-progeria\/","title":{"rendered":"Die Dr. Oz Show hat einen ganz besonderen Abschnitt \u00fcber Progerie ausgestrahlt!"},"content":{"rendered":"<p>[et_pb_section fb_built=&#8221;1&#8243; _builder_version=&#8221;3.22&#8243;][et_pb_row _builder_version=&#8221;3.25&#8243; background_size=&#8221;initial&#8221; background_position=&#8221;top_left&#8221; background_repeat=&#8221;repeat&#8221; min_height=&#8221;355px&#8221; custom_padding=&#8221;5px|||||&#8221;][et_pb_column type=&#8221;4_4&#8243; _builder_version=&#8221;3.25&#8243; custom_padding=&#8221;|||&#8221; custom_padding__hover=&#8221;|||&#8221;][et_pb_text _builder_version=&#8221;4.6.5&#8243; background_size=&#8221;initial&#8221; background_position=&#8221;top_left&#8221; background_repeat=&#8221;repeat&#8221;]<\/p>\n<p><a href=\"https:\/\/www.doctoroz.com\/videos\/progeria-and-mysteries-aging\" target=\"_blank\" rel=\"noopener noreferrer\">Klicken Sie hier<\/a> um mehr \u00fcber die Show mit Dr. Leslie Gordon, der medizinischen Direktorin der PRF, und Kaylee Halko zu erfahren.<\/p>\n<div id=\"secondary-header-content\">\n<div id=\"secondary-header-content\">\n<p><a href=\"https:\/\/www.doctoroz.com\/videos\/progeria-and-mysteries-aging\" target=\"_blank\" rel=\"noopener noreferrer\">Die Dr. Oz Show\u00a0<\/a> strahlte einen ganz besonderen Beitrag \u00fcber Progerie mit Dr. Leslie Gordon, PRFs medizinischer Direktor, Kaylee Halko und ihren Eltern sowie dem Genetiker Dr. Jeffrey Innis aus. Die sechsj\u00e4hrige Kaylee bezauberte das Publikum und Leslie sprach als Experte \u00fcber Progerie und ihre faszinierende Beziehung zum Altern. <a href=\"https:\/\/www.doctoroz.com\/videos\/progeria-and-mysteries-aging\" target=\"_blank\" rel=\"noopener noreferrer\">klicken Sie hier<\/a> um die Geschichte aus der Dr. Oz Show zu lesen.<\/p>\n<p>Mit einem Publikum von durchschnittlich 3,5 Millionen Zuschauern t\u00e4glich hat sich die erst vor 6 Monaten gestartete Dr. Oz Show als #3-Talkshow am Tag an die Spitze der Charts gesetzt. Wir sind begeistert, dass eine so beliebte und angesehene medizinische Sendung den Wert der Progerieforschung nicht nur f\u00fcr Kinder wie Kaylee, sondern f\u00fcr die gesamte alternde Bev\u00f6lkerung erkennt.<\/p>\n<p><strong>Wir haben auf FirstGiving eine Seite f\u00fcr alle eingerichtet, die unsere Mission unterst\u00fctzen m\u00f6chten, Kaylee und ihren Freunden zu helfen \u2013 Sie k\u00f6nnen ihr und ihrer Familie auch eine Nachricht hinterlassen!\u00a0<\/strong><\/p>\n<p><div id=\"attachment_2072\" style=\"width: 360px\" class=\"wp-caption aligncenter\"><img loading=\"lazy\" decoding=\"async\" aria-describedby=\"caption-attachment-2072\" class=\"size-full wp-image-2072\" src=\"https:\/\/www.progeriaresearch.org\/wp-content\/uploads\/2017\/05\/DrOz-group-pro.jpg\" alt=\"\" width=\"350\" height=\"250\" srcset=\"https:\/\/www.progeriaresearch.org\/wp-content\/uploads\/2017\/05\/DrOz-group-pro.jpg 350w, https:\/\/www.progeriaresearch.org\/wp-content\/uploads\/2017\/05\/DrOz-group-pro-300x214.jpg 300w\" sizes=\"(max-width: 350px) 100vw, 350px\" \/><p id=\"caption-attachment-2072\" class=\"wp-caption-text\">Dr. Gordon, Tim Halko, Tochter Kaylee mit Dr. Oz, Marla Halko und Dr. Innis am Set der Dr. Oz Show im Februar<\/p><\/div><\/div>\n<\/div>\n<p>[\/et_pb_text][\/et_pb_column][\/et_pb_row][\/et_pb_section]<\/p>","protected":false},"excerpt":{"rendered":"<p>[et_pb_section fb_built=&#8221;1&#8243; _builder_version=&#8221;3.22&#8243;][et_pb_row _builder_version=&#8221;3.25&#8243; background_size=&#8221;initial&#8221; background_position=&#8221;top_left&#8221; background_repeat=&#8221;repeat&#8221; min_height=&#8221;355px&#8221; custom_padding=&#8221;5px|||||&#8221;][et_pb_column type=&#8221;4_4&#8243; _builder_version=&#8221;3.25&#8243; custom_padding=&#8221;|||&#8221; custom_padding__hover=&#8221;|||&#8221;][et_pb_text _builder_version=&#8221;4.6.5&#8243; background_size=&#8221;initial&#8221; background_position=&#8221;top_left&#8221; background_repeat=&#8221;repeat&#8221;] Click Here to read about the show featuring Dr. Leslie Gordon, PRF&#8217;s Medical Director and Kaylee Halko. The Dr. Oz Show\u00a0 aired a very special segment on Progeria with Dr. Leslie Gordon, PRF&#8217;s Medical Director, Kaylee Halko and [&hellip;]<\/p>","protected":false},"author":1,"featured_media":2072,"comment_status":"open","ping_status":"open","sticky":false,"template":"","format":"standard","meta":{"_et_pb_use_builder":"on","_et_pb_old_content":"<p>[vc_custom_heading text=\"The Dr. Oz Show aired a very special segment on Progeria!\" font_container=\"tag:h1|text_align:left\" use_theme_fonts=\"yes\"]<\/p><div id=\"secondary-header-content\"><div id=\"secondary-header-content\"><p><a href=\"https:\/\/www.doctoroz.com\/videos\/progeria-and-mysteries-aging\" target=\"_blank\" rel=\"noopener noreferrer\">Clik Here<\/a> to read about the show featuring Dr. Leslie Gordon, PRF's Medical Director and Kaylee Halko, and\u00a0<a href=\"https:\/\/www.firstgiving.com\/timhalko\" target=\"_blank\" rel=\"noopener noreferrer\"> Here<\/a> to support Kaylee and the research.<\/p><p><a href=\"https:\/\/www.doctoroz.com\/\" target=\"_blank\" rel=\"noopener noreferrer\">The Dr. Oz Show\u00a0<\/a> aired a very special segment on Progeria with Dr. Leslie Gordon, PRF's Medical Director, Kaylee Halko and her parents, and geneticist Dr. Jeffrey Innis. Six-year-old Kaylee charmed the audience, and Leslie spoke as the expert on Progeria and its fascinating relation to aging. <a href=\"https:\/\/www.doctoroz.com\/videos\/progeria-and-mysteries-aging\" target=\"_blank\" rel=\"noopener noreferrer\">Click here<\/a> to read The Dr. Oz Show story.<\/p><p>With an audience averaging 3.5 million viewers daily, The Dr. Oz Show, debuting just 6 months ago, has raced to the top of the charts as the #3 daytime talk show. We are thrilled that such a popular and well-respected medical show sees the value of Progeria research, not only for children like Kaylee, but for the entire aging population.<\/p><p><strong>We've set up a page on FirstGiving for all those who want to support our mission to help Kaylee and her friends - you can also include a note to her and her family! Go to <a href=\"https:\/\/www.firstgiving.com\/timhalko\" target=\"_blank\" rel=\"noopener noreferrer\">https:\/\/www.firstgiving.com\/timhalko<\/a> and thank you!<\/strong><\/p>[caption id=\"attachment_2072\" align=\"aligncenter\" width=\"350\"]<img class=\"size-full wp-image-2072\" src=\"https:\/\/www.progeriaresearch.org\/wp-content\/uploads\/2017\/05\/DrOz-group-pro.jpg\" alt=\"\" width=\"350\" height=\"250\" \/> Dr. Gordon, Tim Halko, daughter Kaylee with Dr. Oz, Marla Halko and Dr. Innis, on the set of The Dr. Oz Show in February[\/caption]<\/div><\/div>","_et_gb_content_width":"","footnotes":"","_links_to":"","_links_to_target":""},"categories":[2],"tags":[],"class_list":["post-2071","post","type-post","status-publish","format-standard","has-post-thumbnail","hentry","category-news"],"yoast_head":"<!-- This site is optimized with the Yoast SEO plugin v26.8 - https:\/\/yoast.com\/product\/yoast-seo-wordpress\/ -->\n<title>The Dr. Oz Show aired a very special segment on Progeria! - The Progeria Research Foundation<\/title>\n<meta name=\"robots\" content=\"index, follow, max-snippet:-1, max-image-preview:large, max-video-preview:-1\" \/>\n<link rel=\"canonical\" href=\"https:\/\/www.progeriaresearch.org\/de\/2010\/05\/16\/the-dr-oz-show-aired-a-very-special-segment-on-progeria\/\" \/>\n<meta property=\"og:locale\" content=\"de_DE\" \/>\n<meta property=\"og:type\" content=\"article\" \/>\n<meta property=\"og:title\" content=\"The Dr. Oz Show aired a very special segment on Progeria! - The Progeria Research Foundation\" \/>\n<meta property=\"og:description\" content=\"[et_pb_section fb_built=&#8221;1&#8243; _builder_version=&#8221;3.22&#8243;][et_pb_row _builder_version=&#8221;3.25&#8243; background_size=&#8221;initial&#8221; background_position=&#8221;top_left&#8221; background_repeat=&#8221;repeat&#8221; min_height=&#8221;355px&#8221; custom_padding=&#8221;5px|||||&#8221;][et_pb_column type=&#8221;4_4&#8243; _builder_version=&#8221;3.25&#8243; custom_padding=&#8221;|||&#8221; custom_padding__hover=&#8221;|||&#8221;][et_pb_text _builder_version=&#8221;4.6.5&#8243; background_size=&#8221;initial&#8221; background_position=&#8221;top_left&#8221; background_repeat=&#8221;repeat&#8221;] Click Here to read about the show featuring Dr. Leslie Gordon, PRF&#8217;s Medical Director and Kaylee Halko. The Dr. Oz Show\u00a0 aired a very special segment on Progeria with Dr. Leslie Gordon, PRF&#8217;s Medical Director, Kaylee Halko and [&hellip;]\" \/>\n<meta property=\"og:url\" content=\"https:\/\/www.progeriaresearch.org\/de\/2010\/05\/16\/the-dr-oz-show-aired-a-very-special-segment-on-progeria\/\" \/>\n<meta property=\"og:site_name\" content=\"The Progeria Research Foundation\" \/>\n<meta property=\"article:publisher\" content=\"https:\/\/www.facebook.com\/ProgeriaResearch\/\" \/>\n<meta property=\"article:published_time\" content=\"2010-05-16T13:05:19+00:00\" \/>\n<meta property=\"article:modified_time\" content=\"2020-12-10T22:27:59+00:00\" \/>\n<meta property=\"og:image\" content=\"https:\/\/www.progeriaresearch.org\/wp-content\/uploads\/2017\/05\/DrOz-group-pro.jpg\" \/>\n\t<meta property=\"og:image:width\" content=\"350\" \/>\n\t<meta property=\"og:image:height\" content=\"250\" \/>\n\t<meta property=\"og:image:type\" content=\"image\/jpeg\" \/>\n<meta name=\"author\" content=\"gravoc\" \/>\n<meta name=\"twitter:card\" content=\"summary_large_image\" \/>\n<meta name=\"twitter:creator\" content=\"@Progeria\" \/>\n<meta name=\"twitter:site\" content=\"@Progeria\" \/>\n<meta name=\"twitter:label1\" content=\"Written by\" \/>\n\t<meta name=\"twitter:data1\" content=\"gravoc\" \/>\n\t<meta name=\"twitter:label2\" content=\"Est. reading time\" \/>\n\t<meta name=\"twitter:data2\" content=\"1 Minute\" \/>\n<script type=\"application\/ld+json\" class=\"yoast-schema-graph\">{\"@context\":\"https:\/\/schema.org\",\"@graph\":[{\"@type\":\"Article\",\"@id\":\"https:\/\/www.progeriaresearch.org\/nl\/2010\/05\/16\/the-dr-oz-show-aired-a-very-special-segment-on-progeria\/#article\",\"isPartOf\":{\"@id\":\"https:\/\/www.progeriaresearch.org\/nl\/2010\/05\/16\/the-dr-oz-show-aired-a-very-special-segment-on-progeria\/\"},\"author\":{\"name\":\"gravoc\",\"@id\":\"https:\/\/www.progeriaresearch.org\/ta\/#\/schema\/person\/a3c935a81e92242c6a77ae0018542928\"},\"headline\":\"The Dr. Oz Show aired a very special segment on Progeria!\",\"datePublished\":\"2010-05-16T13:05:19+00:00\",\"dateModified\":\"2020-12-10T22:27:59+00:00\",\"mainEntityOfPage\":{\"@id\":\"https:\/\/www.progeriaresearch.org\/nl\/2010\/05\/16\/the-dr-oz-show-aired-a-very-special-segment-on-progeria\/\"},\"wordCount\":275,\"commentCount\":0,\"publisher\":{\"@id\":\"https:\/\/www.progeriaresearch.org\/ta\/#organization\"},\"image\":{\"@id\":\"https:\/\/www.progeriaresearch.org\/nl\/2010\/05\/16\/the-dr-oz-show-aired-a-very-special-segment-on-progeria\/#primaryimage\"},\"thumbnailUrl\":\"https:\/\/www.progeriaresearch.org\/wp-content\/uploads\/2017\/05\/DrOz-group-pro.jpg\",\"articleSection\":[\"News\"],\"inLanguage\":\"de\",\"potentialAction\":[{\"@type\":\"CommentAction\",\"name\":\"Comment\",\"target\":[\"https:\/\/www.progeriaresearch.org\/nl\/2010\/05\/16\/the-dr-oz-show-aired-a-very-special-segment-on-progeria\/#respond\"]}]},{\"@type\":\"WebPage\",\"@id\":\"https:\/\/www.progeriaresearch.org\/nl\/2010\/05\/16\/the-dr-oz-show-aired-a-very-special-segment-on-progeria\/\",\"url\":\"https:\/\/www.progeriaresearch.org\/nl\/2010\/05\/16\/the-dr-oz-show-aired-a-very-special-segment-on-progeria\/\",\"name\":\"The Dr. Oz Show aired a very special segment on Progeria! - The Progeria Research Foundation\",\"isPartOf\":{\"@id\":\"https:\/\/www.progeriaresearch.org\/ta\/#website\"},\"primaryImageOfPage\":{\"@id\":\"https:\/\/www.progeriaresearch.org\/nl\/2010\/05\/16\/the-dr-oz-show-aired-a-very-special-segment-on-progeria\/#primaryimage\"},\"image\":{\"@id\":\"https:\/\/www.progeriaresearch.org\/nl\/2010\/05\/16\/the-dr-oz-show-aired-a-very-special-segment-on-progeria\/#primaryimage\"},\"thumbnailUrl\":\"https:\/\/www.progeriaresearch.org\/wp-content\/uploads\/2017\/05\/DrOz-group-pro.jpg\",\"datePublished\":\"2010-05-16T13:05:19+00:00\",\"dateModified\":\"2020-12-10T22:27:59+00:00\",\"breadcrumb\":{\"@id\":\"https:\/\/www.progeriaresearch.org\/nl\/2010\/05\/16\/the-dr-oz-show-aired-a-very-special-segment-on-progeria\/#breadcrumb\"},\"inLanguage\":\"de\",\"potentialAction\":[{\"@type\":\"ReadAction\",\"target\":[\"https:\/\/www.progeriaresearch.org\/nl\/2010\/05\/16\/the-dr-oz-show-aired-a-very-special-segment-on-progeria\/\"]}]},{\"@type\":\"ImageObject\",\"inLanguage\":\"de\",\"@id\":\"https:\/\/www.progeriaresearch.org\/nl\/2010\/05\/16\/the-dr-oz-show-aired-a-very-special-segment-on-progeria\/#primaryimage\",\"url\":\"https:\/\/www.progeriaresearch.org\/wp-content\/uploads\/2017\/05\/DrOz-group-pro.jpg\",\"contentUrl\":\"https:\/\/www.progeriaresearch.org\/wp-content\/uploads\/2017\/05\/DrOz-group-pro.jpg\",\"width\":350,\"height\":250,\"caption\":\"Dr. Gordon, Tim Halko, daughter Kaylee with Dr. Oz, Marla Halko and Dr. Innis, on the set of The Dr. Oz Show in February\"},{\"@type\":\"BreadcrumbList\",\"@id\":\"https:\/\/www.progeriaresearch.org\/nl\/2010\/05\/16\/the-dr-oz-show-aired-a-very-special-segment-on-progeria\/#breadcrumb\",\"itemListElement\":[{\"@type\":\"ListItem\",\"position\":1,\"name\":\"Home\",\"item\":\"https:\/\/www.progeriaresearch.org\/\"},{\"@type\":\"ListItem\",\"position\":2,\"name\":\"The Dr. Oz Show aired a very special segment on Progeria!\"}]},{\"@type\":\"WebSite\",\"@id\":\"https:\/\/www.progeriaresearch.org\/ta\/#website\",\"url\":\"https:\/\/www.progeriaresearch.org\/ta\/\",\"name\":\"The Progeria Research Foundation\",\"description\":\"For the Children \u2665 For the Cure\",\"publisher\":{\"@id\":\"https:\/\/www.progeriaresearch.org\/ta\/#organization\"},\"potentialAction\":[{\"@type\":\"SearchAction\",\"target\":{\"@type\":\"EntryPoint\",\"urlTemplate\":\"https:\/\/www.progeriaresearch.org\/ta\/?s={search_term_string}\"},\"query-input\":{\"@type\":\"PropertyValueSpecification\",\"valueRequired\":true,\"valueName\":\"search_term_string\"}}],\"inLanguage\":\"de\"},{\"@type\":\"Organization\",\"@id\":\"https:\/\/www.progeriaresearch.org\/ta\/#organization\",\"name\":\"The Progeria Research Foundation\",\"url\":\"https:\/\/www.progeriaresearch.org\/ta\/\",\"logo\":{\"@type\":\"ImageObject\",\"inLanguage\":\"de\",\"@id\":\"https:\/\/www.progeriaresearch.org\/ta\/#\/schema\/logo\/image\/\",\"url\":\"https:\/\/www.progeriaresearch.org\/wp-content\/uploads\/2019\/05\/PRF_Logo_2019_optimized.png\",\"contentUrl\":\"https:\/\/www.progeriaresearch.org\/wp-content\/uploads\/2019\/05\/PRF_Logo_2019_optimized.png\",\"width\":300,\"height\":86,\"caption\":\"The Progeria Research Foundation\"},\"image\":{\"@id\":\"https:\/\/www.progeriaresearch.org\/ta\/#\/schema\/logo\/image\/\"},\"sameAs\":[\"https:\/\/www.facebook.com\/ProgeriaResearch\/\",\"https:\/\/x.com\/Progeria\",\"https:\/\/www.instagram.com\/progeriaresearch\/\"]},{\"@type\":\"Person\",\"@id\":\"https:\/\/www.progeriaresearch.org\/ta\/#\/schema\/person\/a3c935a81e92242c6a77ae0018542928\",\"name\":\"gravoc\",\"image\":{\"@type\":\"ImageObject\",\"inLanguage\":\"de\",\"@id\":\"https:\/\/www.progeriaresearch.org\/ta\/#\/schema\/person\/image\/\",\"url\":\"https:\/\/secure.gravatar.com\/avatar\/cee2d206466fdbfc70635d168190f07f615d6e9c97c316eb6a88b5b563efdd7b?s=96&d=mm&r=g\",\"contentUrl\":\"https:\/\/secure.gravatar.com\/avatar\/cee2d206466fdbfc70635d168190f07f615d6e9c97c316eb6a88b5b563efdd7b?s=96&d=mm&r=g\",\"caption\":\"gravoc\"},\"url\":\"https:\/\/www.progeriaresearch.org\/de\/author\/gravoc\/\"}]}<\/script>\n<!-- \/ Yoast SEO plugin. -->","yoast_head_json":{"title":"The Dr. Oz Show aired a very special segment on Progeria! - The Progeria Research Foundation","robots":{"index":"index","follow":"follow","max-snippet":"max-snippet:-1","max-image-preview":"max-image-preview:large","max-video-preview":"max-video-preview:-1"},"canonical":"https:\/\/www.progeriaresearch.org\/de\/2010\/05\/16\/the-dr-oz-show-aired-a-very-special-segment-on-progeria\/","og_locale":"de_DE","og_type":"article","og_title":"The Dr. Oz Show aired a very special segment on Progeria! - The Progeria Research Foundation","og_description":"[et_pb_section fb_built=&#8221;1&#8243; _builder_version=&#8221;3.22&#8243;][et_pb_row _builder_version=&#8221;3.25&#8243; background_size=&#8221;initial&#8221; background_position=&#8221;top_left&#8221; background_repeat=&#8221;repeat&#8221; min_height=&#8221;355px&#8221; custom_padding=&#8221;5px|||||&#8221;][et_pb_column type=&#8221;4_4&#8243; _builder_version=&#8221;3.25&#8243; custom_padding=&#8221;|||&#8221; custom_padding__hover=&#8221;|||&#8221;][et_pb_text _builder_version=&#8221;4.6.5&#8243; background_size=&#8221;initial&#8221; background_position=&#8221;top_left&#8221; background_repeat=&#8221;repeat&#8221;] Click Here to read about the show featuring Dr. Leslie Gordon, PRF&#8217;s Medical Director and Kaylee Halko. The Dr. Oz Show\u00a0 aired a very special segment on Progeria with Dr. Leslie Gordon, PRF&#8217;s Medical Director, Kaylee Halko and [&hellip;]","og_url":"https:\/\/www.progeriaresearch.org\/de\/2010\/05\/16\/the-dr-oz-show-aired-a-very-special-segment-on-progeria\/","og_site_name":"The Progeria Research Foundation","article_publisher":"https:\/\/www.facebook.com\/ProgeriaResearch\/","article_published_time":"2010-05-16T13:05:19+00:00","article_modified_time":"2020-12-10T22:27:59+00:00","og_image":[{"width":350,"height":250,"url":"https:\/\/www.progeriaresearch.org\/wp-content\/uploads\/2017\/05\/DrOz-group-pro.jpg","type":"image\/jpeg"}],"author":"gravoc","twitter_card":"summary_large_image","twitter_creator":"@Progeria","twitter_site":"@Progeria","twitter_misc":{"Written by":"gravoc","Est. reading time":"1 Minute"},"schema":{"@context":"https:\/\/schema.org","@graph":[{"@type":"Article","@id":"https:\/\/www.progeriaresearch.org\/nl\/2010\/05\/16\/the-dr-oz-show-aired-a-very-special-segment-on-progeria\/#article","isPartOf":{"@id":"https:\/\/www.progeriaresearch.org\/nl\/2010\/05\/16\/the-dr-oz-show-aired-a-very-special-segment-on-progeria\/"},"author":{"name":"gravoc","@id":"https:\/\/www.progeriaresearch.org\/ta\/#\/schema\/person\/a3c935a81e92242c6a77ae0018542928"},"headline":"The Dr. Oz Show aired a very special segment on Progeria!","datePublished":"2010-05-16T13:05:19+00:00","dateModified":"2020-12-10T22:27:59+00:00","mainEntityOfPage":{"@id":"https:\/\/www.progeriaresearch.org\/nl\/2010\/05\/16\/the-dr-oz-show-aired-a-very-special-segment-on-progeria\/"},"wordCount":275,"commentCount":0,"publisher":{"@id":"https:\/\/www.progeriaresearch.org\/ta\/#organization"},"image":{"@id":"https:\/\/www.progeriaresearch.org\/nl\/2010\/05\/16\/the-dr-oz-show-aired-a-very-special-segment-on-progeria\/#primaryimage"},"thumbnailUrl":"https:\/\/www.progeriaresearch.org\/wp-content\/uploads\/2017\/05\/DrOz-group-pro.jpg","articleSection":["News"],"inLanguage":"de","potentialAction":[{"@type":"CommentAction","name":"Comment","target":["https:\/\/www.progeriaresearch.org\/nl\/2010\/05\/16\/the-dr-oz-show-aired-a-very-special-segment-on-progeria\/#respond"]}]},{"@type":"WebPage","@id":"https:\/\/www.progeriaresearch.org\/nl\/2010\/05\/16\/the-dr-oz-show-aired-a-very-special-segment-on-progeria\/","url":"https:\/\/www.progeriaresearch.org\/nl\/2010\/05\/16\/the-dr-oz-show-aired-a-very-special-segment-on-progeria\/","name":"The Dr. Oz Show aired a very special segment on Progeria! - The Progeria Research Foundation","isPartOf":{"@id":"https:\/\/www.progeriaresearch.org\/ta\/#website"},"primaryImageOfPage":{"@id":"https:\/\/www.progeriaresearch.org\/nl\/2010\/05\/16\/the-dr-oz-show-aired-a-very-special-segment-on-progeria\/#primaryimage"},"image":{"@id":"https:\/\/www.progeriaresearch.org\/nl\/2010\/05\/16\/the-dr-oz-show-aired-a-very-special-segment-on-progeria\/#primaryimage"},"thumbnailUrl":"https:\/\/www.progeriaresearch.org\/wp-content\/uploads\/2017\/05\/DrOz-group-pro.jpg","datePublished":"2010-05-16T13:05:19+00:00","dateModified":"2020-12-10T22:27:59+00:00","breadcrumb":{"@id":"https:\/\/www.progeriaresearch.org\/nl\/2010\/05\/16\/the-dr-oz-show-aired-a-very-special-segment-on-progeria\/#breadcrumb"},"inLanguage":"de","potentialAction":[{"@type":"ReadAction","target":["https:\/\/www.progeriaresearch.org\/nl\/2010\/05\/16\/the-dr-oz-show-aired-a-very-special-segment-on-progeria\/"]}]},{"@type":"ImageObject","inLanguage":"de","@id":"https:\/\/www.progeriaresearch.org\/nl\/2010\/05\/16\/the-dr-oz-show-aired-a-very-special-segment-on-progeria\/#primaryimage","url":"https:\/\/www.progeriaresearch.org\/wp-content\/uploads\/2017\/05\/DrOz-group-pro.jpg","contentUrl":"https:\/\/www.progeriaresearch.org\/wp-content\/uploads\/2017\/05\/DrOz-group-pro.jpg","width":350,"height":250,"caption":"Dr. Gordon, Tim Halko, daughter Kaylee with Dr. Oz, Marla Halko and Dr. Innis, on the set of The Dr. Oz Show in February"},{"@type":"BreadcrumbList","@id":"https:\/\/www.progeriaresearch.org\/nl\/2010\/05\/16\/the-dr-oz-show-aired-a-very-special-segment-on-progeria\/#breadcrumb","itemListElement":[{"@type":"ListItem","position":1,"name":"Home","item":"https:\/\/www.progeriaresearch.org\/"},{"@type":"ListItem","position":2,"name":"The Dr. Oz Show aired a very special segment on Progeria!"}]},{"@type":"WebSite","@id":"https:\/\/www.progeriaresearch.org\/ta\/#website","url":"https:\/\/www.progeriaresearch.org\/ta\/","name":"Die Progeria Research Foundation","description":"F\u00fcr die Kinder \u2665 F\u00fcr die Heilung","publisher":{"@id":"https:\/\/www.progeriaresearch.org\/ta\/#organization"},"potentialAction":[{"@type":"SearchAction","target":{"@type":"EntryPoint","urlTemplate":"https:\/\/www.progeriaresearch.org\/ta\/?s={search_term_string}"},"query-input":{"@type":"PropertyValueSpecification","valueRequired":true,"valueName":"search_term_string"}}],"inLanguage":"de"},{"@type":"Organization","@id":"https:\/\/www.progeriaresearch.org\/ta\/#organization","name":"Die Progeria Research Foundation","url":"https:\/\/www.progeriaresearch.org\/ta\/","logo":{"@type":"ImageObject","inLanguage":"de","@id":"https:\/\/www.progeriaresearch.org\/ta\/#\/schema\/logo\/image\/","url":"https:\/\/www.progeriaresearch.org\/wp-content\/uploads\/2019\/05\/PRF_Logo_2019_optimized.png","contentUrl":"https:\/\/www.progeriaresearch.org\/wp-content\/uploads\/2019\/05\/PRF_Logo_2019_optimized.png","width":300,"height":86,"caption":"The Progeria Research Foundation"},"image":{"@id":"https:\/\/www.progeriaresearch.org\/ta\/#\/schema\/logo\/image\/"},"sameAs":["https:\/\/www.facebook.com\/ProgeriaResearch\/","https:\/\/x.com\/Progeria","https:\/\/www.instagram.com\/progeriaresearch\/"]},{"@type":"Person","@id":"https:\/\/www.progeriaresearch.org\/ta\/#\/schema\/person\/a3c935a81e92242c6a77ae0018542928","name":"Gravoc","image":{"@type":"ImageObject","inLanguage":"de","@id":"https:\/\/www.progeriaresearch.org\/ta\/#\/schema\/person\/image\/","url":"https:\/\/secure.gravatar.com\/avatar\/cee2d206466fdbfc70635d168190f07f615d6e9c97c316eb6a88b5b563efdd7b?s=96&d=mm&r=g","contentUrl":"https:\/\/secure.gravatar.com\/avatar\/cee2d206466fdbfc70635d168190f07f615d6e9c97c316eb6a88b5b563efdd7b?s=96&d=mm&r=g","caption":"gravoc"},"url":"https:\/\/www.progeriaresearch.org\/de\/author\/gravoc\/"}]}},"_links":{"self":[{"href":"https:\/\/www.progeriaresearch.org\/de\/wp-json\/wp\/v2\/posts\/2071","targetHints":{"allow":["GET"]}}],"collection":[{"href":"https:\/\/www.progeriaresearch.org\/de\/wp-json\/wp\/v2\/posts"}],"about":[{"href":"https:\/\/www.progeriaresearch.org\/de\/wp-json\/wp\/v2\/types\/post"}],"author":[{"embeddable":true,"href":"https:\/\/www.progeriaresearch.org\/de\/wp-json\/wp\/v2\/users\/1"}],"replies":[{"embeddable":true,"href":"https:\/\/www.progeriaresearch.org\/de\/wp-json\/wp\/v2\/comments?post=2071"}],"version-history":[{"count":0,"href":"https:\/\/www.progeriaresearch.org\/de\/wp-json\/wp\/v2\/posts\/2071\/revisions"}],"wp:featuredmedia":[{"embeddable":true,"href":"https:\/\/www.progeriaresearch.org\/de\/wp-json\/wp\/v2\/media\/2072"}],"wp:attachment":[{"href":"https:\/\/www.progeriaresearch.org\/de\/wp-json\/wp\/v2\/media?parent=2071"}],"wp:term":[{"taxonomy":"category","embeddable":true,"href":"https:\/\/www.progeriaresearch.org\/de\/wp-json\/wp\/v2\/categories?post=2071"},{"taxonomy":"post_tag","embeddable":true,"href":"https:\/\/www.progeriaresearch.org\/de\/wp-json\/wp\/v2\/tags?post=2071"}],"curies":[{"name":"wp","href":"https:\/\/api.w.org\/{rel}","templated":true}]}}