{"id":18802,"date":"2024-07-24T12:33:03","date_gmt":"2024-07-24T16:33:03","guid":{"rendered":"https:\/\/www.progeriaresearch.org\/?p=18802"},"modified":"2025-01-29T09:22:01","modified_gmt":"2025-01-29T14:22:01","slug":"nytarticle2024","status":"publish","type":"post","link":"https:\/\/www.progeriaresearch.org\/es\/2024\/07\/24\/nytarticle2024\/","title":{"rendered":"New York Times | 24 de julio de 2024: Una cura para la progeria podr\u00eda estar en el horizonte"},"content":{"rendered":"<p>[et_pb_section fb_built=&#8221;1&#8243; _builder_version=&#8221;4.16&#8243; global_colors_info=&#8221;{}&#8221;][et_pb_row _builder_version=&#8221;4.16&#8243; background_size=&#8221;initial&#8221; background_position=&#8221;top_left&#8221; background_repeat=&#8221;repeat&#8221; global_colors_info=&#8221;{}&#8221;][et_pb_column type=&#8221;4_4&#8243; _builder_version=&#8221;4.16&#8243; custom_padding=&#8221;|||&#8221; global_colors_info=&#8221;{}&#8221; custom_padding__hover=&#8221;|||&#8221;][et_pb_image src=&#8221;https:\/\/www.progeriaresearch.org\/wp-content\/uploads\/2024\/05\/NYTarticle.png&#8221; title_text=&#8221;NYTarticle&#8221; url=&#8221;https:\/\/www.charitynavigator.org\/ein\/043460220&#8243; align=&#8221;center&#8221; admin_label=&#8221;NYT Article photo&#8221; _builder_version=&#8221;4.24.3&#8243; _module_preset=&#8221;default&#8221; width=&#8221;50%&#8221; max_width=&#8221;50%&#8221; global_colors_info=&#8221;{}&#8221;][\/et_pb_image][et_pb_image src=&#8221;https:\/\/www.progeriaresearch.org\/wp-content\/uploads\/2024\/05\/NY-Times-headline-screen-shot.png&#8221; align=&#8221;center&#8221; _builder_version=&#8221;4.24.3&#8243; _module_preset=&#8221;default&#8221; global_colors_info=&#8221;{}&#8221;][\/et_pb_image][et_pb_text _builder_version=&#8221;4.24.3&#8243; text_font_size=&#8221;18px&#8221; background_size=&#8221;initial&#8221; background_position=&#8221;top_left&#8221; background_repeat=&#8221;repeat&#8221; global_colors_info=&#8221;{}&#8221;]<\/p>\n<p>En un <a href=\"https:\/\/7fingzbab.cc.rs6.net\/tn.jsp?f=001reQqCYzvcBCiiYncnANHIp1b21gDgzdxTtqEICpY6m8QdjuewEPq7xIGbPejWj4M6E04x75sMymSNxUi2ayaeVHFSYvCh9HnXt0qPy5MovnVHFAlYX2vRwvBk430UfuBrPINGxb8cg96d0ksHvc6rLSK3alQ-U9PCTx8LpPG3gJZkAVTSo3u8UBhizzg-Y3biymquqUc9rA_iNA1Kk90h7B9j1S32TMxLtFikXptmiWYt49XxIHPXU4MpHPmrf-P_9ibXvSA2qxS_WeaCw5rYKQxKZdWk65AEKCMxuG0YiwEvsCOwmEc006WKD9hxpjBdfRiFqy5iHAiNtWtABdFcEgrjtc5-pZoef81KTI6Yi58ALhWH0vsHMhE9QHi0aNomGKIKPYxRRuGeqfwmsw5wG0PHfzXAiI4h4OuqA3C5bajkKNcNeYqa1jFi_Ixe_0iyNRbESsYKZw3EIXKJt0LAX-XyYopECL8zJTmpJIYUKmK3B5Jez0fKdcrzNIaMGLKHnTNsEkCSGt0e_ucNgqWphVVJlMKO7andrVdicS6CEGmGShaaamE0th3_au5V86A8QsT7bSIr_r2g-EZVWqq8y_ZTY_G0j959B02QvPAxVRs8J67QBZq7lfPwcpr5PWAmhVe7wbjDT5Xgexr1CrFzmwNIn0r0k3LvuT94Wb75cQ=&amp;c=6-5Yuj2121JvsJ-RDrfI1O5tQavJJdsWckWNUAmoE6Xn_h1l7he5Fg==&amp;ch=UQVNHEXTkcJwi1ZO8FoepARdvYUNKCB-9c2acQ6UT00JPkAW8eKG4Q==\"><strong>Art\u00edculo publicado hoy en el New York Times<\/strong><\/a>La directora m\u00e9dica de PRF, la Dra. Leslie Gordon, y sus colegas compartieron la fenomenal historia de las colaboraciones cient\u00edficas que llevaron a avances recientes en la edici\u00f3n gen\u00e9tica en la progeria.<\/p>\n<p>Las asociaciones con los amigos y colegas de PRF desde hace mucho tiempo, el ex director del NIH, Dr. Francis Collins, y el experto en edici\u00f3n gen\u00e9tica, Dr. David Liu de Harvard\/MIT, han producido hallazgos extraordinarios previamente <a href=\"https:\/\/7fingzbab.cc.rs6.net\/tn.jsp?f=001reQqCYzvcBCiiYncnANHIp1b21gDgzdxTtqEICpY6m8QdjuewEPq7xIGbPejWj4MFT4ah30FgI1TPUoL9uVnYLBTl83clppaj-8deQsQs00aIJ4GD6jHAhHBLdJc0vYwMeIpvvACOXdsDBRDiolPiVhEzhl7tkrz1qPkTay8MvCrXdYs38k8XrfxEKneYF0zeSbMSmkB0In-vK1Fqhj9aLSKe0vTWSElceJw9Wvd1yGnatxmz1l2q0PYoAHHLQAx&amp;c=6-5Yuj2121JvsJ-RDrfI1O5tQavJJdsWckWNUAmoE6Xn_h1l7he5Fg==&amp;ch=UQVNHEXTkcJwi1ZO8FoepARdvYUNKCB-9c2acQ6UT00JPkAW8eKG4Q==\"><strong>publicado en la revista <\/strong><\/a><a href=\"https:\/\/7fingzbab.cc.rs6.net\/tn.jsp?f=001reQqCYzvcBCiiYncnANHIp1b21gDgzdxTtqEICpY6m8QdjuewEPq7xIGbPejWj4MFT4ah30FgI1TPUoL9uVnYLBTl83clppaj-8deQsQs00aIJ4GD6jHAhHBLdJc0vYwMeIpvvACOXdsDBRDiolPiVhEzhl7tkrz1qPkTay8MvCrXdYs38k8XrfxEKneYF0zeSbMSmkB0In-vK1Fqhj9aLSKe0vTWSElceJw9Wvd1yGnatxmz1l2q0PYoAHHLQAx&amp;c=6-5Yuj2121JvsJ-RDrfI1O5tQavJJdsWckWNUAmoE6Xn_h1l7he5Fg==&amp;ch=UQVNHEXTkcJwi1ZO8FoepARdvYUNKCB-9c2acQ6UT00JPkAW8eKG4Q==\"><strong><em>Naturaleza<\/em><\/strong><\/a>, sobre los poderes potencialmente curativos de la edici\u00f3n de base.<\/p>\n<p><strong>Obtenga la historia completa aqu\u00ed: <em><a href=\"https:\/\/www.nytimes.com\/2024\/07\/24\/health\/progeria-dna-base-editing.html?unlocked_article_code=1.9k0.YQ2f.8W0j5y_GhFC1&amp;smid=url-share2acQ6UT00JPkAW8eKG4Q==\">Una enfermedad que hace que los ni\u00f1os envejezcan r\u00e1pidamente est\u00e1 cada vez m\u00e1s cerca de curarse<\/a><\/em><\/strong><\/p>\n<p>[\/et_pb_text][et_pb_testimonial quote_icon_color=&#8221;#8FD2ED&#8221; quote_icon_background_color=&#8221;#29327A&#8221; _builder_version=&#8221;4.27.0&#8243; _module_preset=&#8221;default&#8221; body_font_size=&#8221;20px&#8221; background_color=&#8221;#00B2E2&#8243; background_layout=&#8221;dark&#8221; custom_margin=&#8221;||25px||false|false&#8221; custom_padding=&#8221;0px||0px||false|false&#8221; border_radii=&#8221;on|40px|40px|40px|40px&#8221; global_colors_info=&#8221;{}&#8221;]<\/p>\n<p><strong><em><\/em><\/strong><\/p>\n<p><strong><em>Los nuevos tipos de edici\u00f3n gen\u00e9tica son \u201cpotencialmente la respuesta a un sue\u00f1o que todos queremos hacer realidad\u201d,<\/em><\/strong><\/p>\n<p><strong><em>Dr. Francis Collins<\/em><\/strong><\/p>\n<p>[\/et_pb_testimonial][et_pb_testimonial quote_icon_color=&#8221;#8FD2ED&#8221; quote_icon_background_color=&#8221;#29327A&#8221; _builder_version=&#8221;4.27.0&#8243; _module_preset=&#8221;default&#8221; body_font_size=&#8221;20px&#8221; background_color=&#8221;#00B2E2&#8243; background_layout=&#8221;dark&#8221; custom_margin=&#8221;||0px||false|false&#8221; custom_padding=&#8221;0px||0px||false|false&#8221; border_radii=&#8221;on|40px|40px|40px|40px&#8221; global_colors_info=&#8221;{}&#8221;]<\/p>\n<p><strong><em><\/em><\/strong><\/p>\n<p><b>Vea algunos de los maravillosos comentarios de los lectores:<\/b><\/p>\n<p><em>\u201cTecnolog\u00eda de edici\u00f3n, empalme y reescritura de ADN\u2026 una lectura que te dejar\u00e1 con la boca abierta. \u00a1Guau!\u201d<\/em><\/p>\n<p><em>\u201cPara entender mejor esta enfermedad, vea la pel\u00edcula \u201cLa vida seg\u00fan Sam\u201d en HBO. Le sorprender\u00e1 la dedicaci\u00f3n de los padres de Sam a descubrir una cura para la progeria. Le sorprender\u00e1 Sam, a quien tuve la suerte de conocer mientras exploraba la posibilidad de tocar timbales en una orquesta sinf\u00f3nica durante un campamento de m\u00fasica de verano. Era un estudiante comprometido, curioso y con m\u00faltiples talentos que logr\u00f3 mucho en su corta vida\u201d.<\/em><\/p>\n<p><em>\u201c\u00a1Un art\u00edculo inspirador! Gracias, reportero del Times, por dirigir nuestra atenci\u00f3n a las luchas que vale la pena librar. \u00a1Las buenas luchas! Declaremos la guerra a las enfermedades y los trastornos en lugar de luchar entre humanos. Invirtamos dinero en matar virus, no en matarnos entre nosotros. Por favor, sigan haci\u00e9ndonos m\u00e1s conscientes de todas las buenas luchas que se est\u00e1n librando en los laboratorios y los hospitales. \u00a1Lo necesitamos! \u00a1Gracias!\u201d<\/em><\/p>\n<p><em>\u201cEs muy conmovedor leerlo. El Dr. Collins es un h\u00e9roe estadounidense. Estos cient\u00edficos que est\u00e1n en la c\u00faspide merecen nuestra financiaci\u00f3n y nuestra admiraci\u00f3n. Los pacientes, sobre todo, merecen nuestro apoyo. Qu\u00e9 grupo de personas tan valientes viven con esta enfermedad debilitante. Esperamos que pronto se produzca un gran avance\u201d.<\/em><\/p>\n<p><em>\u201c\u00a1Me encant\u00f3 este art\u00edculo! Gracias NYT. Es fant\u00e1stico leer sobre algo tan prometedor que ayudar\u00e1 a tantas personas. Bravo al Dr. Collin y sus colegas\u201d.<\/em><\/p>\n<p><em>\u201c\u00a1Qu\u00e9 art\u00edculo tan maravilloso y qu\u00e9 tesoro americano son Francis Collins y David Liu! Estoy muy agradecido por su dedicaci\u00f3n desinteresada a estas enfermedades gen\u00e9ticas raras\u201d.<\/em><\/p>\n<p><em>\u201cAbsolutamente fascinante. Espero que pronto obtengan la aprobaci\u00f3n para el ensayo cl\u00ednico. Gran trabajo\u201d.<\/em><\/p>\n<p><em>\u201cEsto es fenomenal. De ni\u00f1o me interesaba mucho la medicina y ve\u00eda documentales sobre todo tipo de enfermedades raras. La progeria siempre me llam\u00f3 la atenci\u00f3n. Me alegra mucho ver que se hace este tipo de trabajo. Espero que sirva para curar a los ni\u00f1os que padecen esta enfermedad y que pueda utilizarse para curar a muchos m\u00e1s\u201d.<\/em><\/p>\n<p><em>\u201cEn la d\u00e9cada de 1990, era redactora cient\u00edfica en un laboratorio de gen\u00e9tica de mam\u00edferos. En aquel entonces, las palabras \u201cedici\u00f3n de bases in vivo\u201d me habr\u00edan hecho caer de la silla con un grito de alegr\u00eda. Comparto la expresi\u00f3n \u201cGUAU\u201d del Dr. Collins y estoy muy agradecida por la claridad y el optimismo de este art\u00edculo\u201d.<\/em><\/p>\n<p><em>\u201cGracias al autor por cubrir este importante avance cient\u00edfico. Felicitaciones enormes al Dr. Collins y a todos en PRF por su incansable trabajo. Tuve la suerte y el honor de haber estado all\u00ed cuando PRF comenz\u00f3 y con gusto me ofrec\u00ed como voluntario para muchas de sus iniciativas de recaudaci\u00f3n de fondos para ayudar a apoyar sus incre\u00edbles esfuerzos. Tuve la suerte de haber conocido a Sam varias veces; era una persona maravillosa. Ver el \u00e9xito que todo este arduo trabajo ha logrado y sigue logrando es una verdadera alegr\u00eda\u201d.<\/em><\/p>\n<p><em>\u201cEl Dr. Collins es el tipo de cient\u00edfico que necesitamos. No busca sacar provecho de un tratamiento farmacol\u00f3gico millonario, sino que est\u00e1 feliz de vivir de su salario del NIH mientras realiza investigaciones fundamentales que salvar\u00e1n vidas. \u00a1M\u00e1s cient\u00edficos como \u00e9l, por favor!\u201d<\/em><\/p>\n<p><em>\u201cEsto es maravilloso y esperanzador. Tuve la suerte de conocer a Sam y a sus padres. Todav\u00eda pienso en \u00e9l: en su coraje, su tenacidad y su esp\u00edritu incre\u00edble. \u00a1Sin duda, te est\u00e1 animando desde el lugar donde lo ha llevado su viaje!\u201d<\/em><\/p>\n<p>[\/et_pb_testimonial][\/et_pb_column][\/et_pb_row][\/et_pb_section]<\/p>","protected":false},"excerpt":{"rendered":"<p>La investigaci\u00f3n se est\u00e1 intensificando: como inform\u00f3 el New York Times, \u00a1la cura de la progeria podr\u00eda estar en el horizonte! Nuestras colaboraciones con las mentes m\u00e1s brillantes en edici\u00f3n gen\u00e9tica est\u00e1n dando sus frutos y, en palabras del ex director del NIH, el Dr. Francis Collins, pueden ser \u201cla respuesta a un sue\u00f1o que todos queremos que se haga realidad\u201d.<\/p>","protected":false},"author":2,"featured_media":19157,"comment_status":"closed","ping_status":"closed","sticky":false,"template":"","format":"standard","meta":{"_et_pb_use_builder":"on","_et_pb_old_content":"","_et_gb_content_width":"","footnotes":"","_links_to":"","_links_to_target":""},"categories":[2,1],"tags":[],"class_list":["post-18802","post","type-post","status-publish","format-standard","has-post-thumbnail","hentry","category-news","category-uncategorized"],"yoast_head":"<!-- This site is optimized with the Yoast SEO plugin v26.8 - https:\/\/yoast.com\/product\/yoast-seo-wordpress\/ -->\n<title>NYT Article I The Progeria Research Foundation<\/title>\n<meta name=\"description\" content=\"Remarkable Progeria gene editing progress featured in NY Times.\" \/>\n<meta name=\"robots\" content=\"index, follow, max-snippet:-1, max-image-preview:large, max-video-preview:-1\" \/>\n<link rel=\"canonical\" href=\"https:\/\/www.progeriaresearch.org\/es\/2024\/07\/24\/nytarticle2024\/\" \/>\n<meta property=\"og:locale\" content=\"es_ES\" \/>\n<meta property=\"og:type\" content=\"article\" \/>\n<meta property=\"og:title\" content=\"NYT Article I The Progeria Research Foundation\" \/>\n<meta property=\"og:description\" content=\"Remarkable Progeria gene editing progress featured in NY Times.\" \/>\n<meta property=\"og:url\" content=\"https:\/\/www.progeriaresearch.org\/es\/2024\/07\/24\/nytarticle2024\/\" \/>\n<meta property=\"og:site_name\" content=\"The Progeria Research Foundation\" \/>\n<meta property=\"article:publisher\" content=\"https:\/\/www.facebook.com\/ProgeriaResearch\/\" \/>\n<meta property=\"article:published_time\" content=\"2024-07-24T16:33:03+00:00\" \/>\n<meta property=\"article:modified_time\" content=\"2025-01-29T14:22:01+00:00\" \/>\n<meta property=\"og:image\" content=\"https:\/\/www.progeriaresearch.org\/wp-content\/uploads\/2024\/05\/NYTarticle.png\" \/>\n\t<meta property=\"og:image:width\" content=\"800\" \/>\n\t<meta property=\"og:image:height\" content=\"800\" \/>\n\t<meta property=\"og:image:type\" content=\"image\/png\" \/>\n<meta name=\"author\" content=\"Karen Betournay\" \/>\n<meta name=\"twitter:card\" content=\"summary_large_image\" \/>\n<meta name=\"twitter:creator\" content=\"@Progeria\" \/>\n<meta name=\"twitter:site\" content=\"@Progeria\" \/>\n<meta name=\"twitter:label1\" content=\"Written by\" \/>\n\t<meta name=\"twitter:data1\" content=\"Karen Betournay\" \/>\n\t<meta name=\"twitter:label2\" content=\"Est. reading time\" \/>\n\t<meta name=\"twitter:data2\" content=\"4 minutos\" \/>\n<script type=\"application\/ld+json\" class=\"yoast-schema-graph\">{\"@context\":\"https:\/\/schema.org\",\"@graph\":[{\"@type\":\"Article\",\"@id\":\"https:\/\/www.progeriaresearch.org\/kn\/2024\/07\/24\/nytarticle2024\/#article\",\"isPartOf\":{\"@id\":\"https:\/\/www.progeriaresearch.org\/kn\/2024\/07\/24\/nytarticle2024\/\"},\"author\":{\"name\":\"Karen Betournay\",\"@id\":\"https:\/\/www.progeriaresearch.org\/ta\/#\/schema\/person\/2be6cec85c11aaef7a7602636c5b9946\"},\"headline\":\"New York Times | July 24, 2024: A Cure for Progeria Could be on the Horizon\",\"datePublished\":\"2024-07-24T16:33:03+00:00\",\"dateModified\":\"2025-01-29T14:22:01+00:00\",\"mainEntityOfPage\":{\"@id\":\"https:\/\/www.progeriaresearch.org\/kn\/2024\/07\/24\/nytarticle2024\/\"},\"wordCount\":936,\"publisher\":{\"@id\":\"https:\/\/www.progeriaresearch.org\/ta\/#organization\"},\"image\":{\"@id\":\"https:\/\/www.progeriaresearch.org\/kn\/2024\/07\/24\/nytarticle2024\/#primaryimage\"},\"thumbnailUrl\":\"https:\/\/www.progeriaresearch.org\/wp-content\/uploads\/2024\/05\/NYTarticle.png\",\"articleSection\":[\"News\",\"Uncategorized\"],\"inLanguage\":\"es\"},{\"@type\":\"WebPage\",\"@id\":\"https:\/\/www.progeriaresearch.org\/kn\/2024\/07\/24\/nytarticle2024\/\",\"url\":\"https:\/\/www.progeriaresearch.org\/kn\/2024\/07\/24\/nytarticle2024\/\",\"name\":\"NYT Article I The Progeria Research Foundation\",\"isPartOf\":{\"@id\":\"https:\/\/www.progeriaresearch.org\/ta\/#website\"},\"primaryImageOfPage\":{\"@id\":\"https:\/\/www.progeriaresearch.org\/kn\/2024\/07\/24\/nytarticle2024\/#primaryimage\"},\"image\":{\"@id\":\"https:\/\/www.progeriaresearch.org\/kn\/2024\/07\/24\/nytarticle2024\/#primaryimage\"},\"thumbnailUrl\":\"https:\/\/www.progeriaresearch.org\/wp-content\/uploads\/2024\/05\/NYTarticle.png\",\"datePublished\":\"2024-07-24T16:33:03+00:00\",\"dateModified\":\"2025-01-29T14:22:01+00:00\",\"description\":\"Remarkable Progeria gene editing progress featured in NY Times.\",\"breadcrumb\":{\"@id\":\"https:\/\/www.progeriaresearch.org\/kn\/2024\/07\/24\/nytarticle2024\/#breadcrumb\"},\"inLanguage\":\"es\",\"potentialAction\":[{\"@type\":\"ReadAction\",\"target\":[\"https:\/\/www.progeriaresearch.org\/kn\/2024\/07\/24\/nytarticle2024\/\"]}]},{\"@type\":\"ImageObject\",\"inLanguage\":\"es\",\"@id\":\"https:\/\/www.progeriaresearch.org\/kn\/2024\/07\/24\/nytarticle2024\/#primaryimage\",\"url\":\"https:\/\/www.progeriaresearch.org\/wp-content\/uploads\/2024\/05\/NYTarticle.png\",\"contentUrl\":\"https:\/\/www.progeriaresearch.org\/wp-content\/uploads\/2024\/05\/NYTarticle.png\",\"width\":800,\"height\":800},{\"@type\":\"BreadcrumbList\",\"@id\":\"https:\/\/www.progeriaresearch.org\/kn\/2024\/07\/24\/nytarticle2024\/#breadcrumb\",\"itemListElement\":[{\"@type\":\"ListItem\",\"position\":1,\"name\":\"Home\",\"item\":\"https:\/\/www.progeriaresearch.org\/\"},{\"@type\":\"ListItem\",\"position\":2,\"name\":\"New York Times | July 24, 2024: A Cure for Progeria Could be on the Horizon\"}]},{\"@type\":\"WebSite\",\"@id\":\"https:\/\/www.progeriaresearch.org\/ta\/#website\",\"url\":\"https:\/\/www.progeriaresearch.org\/ta\/\",\"name\":\"The Progeria Research Foundation\",\"description\":\"For the Children \u2665 For the Cure\",\"publisher\":{\"@id\":\"https:\/\/www.progeriaresearch.org\/ta\/#organization\"},\"potentialAction\":[{\"@type\":\"SearchAction\",\"target\":{\"@type\":\"EntryPoint\",\"urlTemplate\":\"https:\/\/www.progeriaresearch.org\/ta\/?s={search_term_string}\"},\"query-input\":{\"@type\":\"PropertyValueSpecification\",\"valueRequired\":true,\"valueName\":\"search_term_string\"}}],\"inLanguage\":\"es\"},{\"@type\":\"Organization\",\"@id\":\"https:\/\/www.progeriaresearch.org\/ta\/#organization\",\"name\":\"The Progeria Research Foundation\",\"url\":\"https:\/\/www.progeriaresearch.org\/ta\/\",\"logo\":{\"@type\":\"ImageObject\",\"inLanguage\":\"es\",\"@id\":\"https:\/\/www.progeriaresearch.org\/ta\/#\/schema\/logo\/image\/\",\"url\":\"https:\/\/www.progeriaresearch.org\/wp-content\/uploads\/2019\/05\/PRF_Logo_2019_optimized.png\",\"contentUrl\":\"https:\/\/www.progeriaresearch.org\/wp-content\/uploads\/2019\/05\/PRF_Logo_2019_optimized.png\",\"width\":300,\"height\":86,\"caption\":\"The Progeria Research Foundation\"},\"image\":{\"@id\":\"https:\/\/www.progeriaresearch.org\/ta\/#\/schema\/logo\/image\/\"},\"sameAs\":[\"https:\/\/www.facebook.com\/ProgeriaResearch\/\",\"https:\/\/x.com\/Progeria\",\"https:\/\/www.instagram.com\/progeriaresearch\/\"]},{\"@type\":\"Person\",\"@id\":\"https:\/\/www.progeriaresearch.org\/ta\/#\/schema\/person\/2be6cec85c11aaef7a7602636c5b9946\",\"name\":\"Karen Betournay\",\"image\":{\"@type\":\"ImageObject\",\"inLanguage\":\"es\",\"@id\":\"https:\/\/www.progeriaresearch.org\/ta\/#\/schema\/person\/image\/\",\"url\":\"https:\/\/secure.gravatar.com\/avatar\/78c0520933a7d708c5e1a5788ec6799d5e2ad6a2a6d4ff2ca1e512861d12f533?s=96&d=mm&r=g\",\"contentUrl\":\"https:\/\/secure.gravatar.com\/avatar\/78c0520933a7d708c5e1a5788ec6799d5e2ad6a2a6d4ff2ca1e512861d12f533?s=96&d=mm&r=g\",\"caption\":\"Karen Betournay\"},\"url\":\"https:\/\/www.progeriaresearch.org\/es\/author\/karenb\/\"}]}<\/script>\n<!-- \/ Yoast SEO plugin. -->","yoast_head_json":{"title":"NYT Article I The Progeria Research Foundation","description":"Remarkable Progeria gene editing progress featured in NY Times.","robots":{"index":"index","follow":"follow","max-snippet":"max-snippet:-1","max-image-preview":"max-image-preview:large","max-video-preview":"max-video-preview:-1"},"canonical":"https:\/\/www.progeriaresearch.org\/es\/2024\/07\/24\/nytarticle2024\/","og_locale":"es_ES","og_type":"article","og_title":"NYT Article I The Progeria Research Foundation","og_description":"Remarkable Progeria gene editing progress featured in NY Times.","og_url":"https:\/\/www.progeriaresearch.org\/es\/2024\/07\/24\/nytarticle2024\/","og_site_name":"The Progeria Research Foundation","article_publisher":"https:\/\/www.facebook.com\/ProgeriaResearch\/","article_published_time":"2024-07-24T16:33:03+00:00","article_modified_time":"2025-01-29T14:22:01+00:00","og_image":[{"width":800,"height":800,"url":"https:\/\/www.progeriaresearch.org\/wp-content\/uploads\/2024\/05\/NYTarticle.png","type":"image\/png"}],"author":"Karen Betournay","twitter_card":"summary_large_image","twitter_creator":"@Progeria","twitter_site":"@Progeria","twitter_misc":{"Written by":"Karen Betournay","Est. reading time":"4 minutos"},"schema":{"@context":"https:\/\/schema.org","@graph":[{"@type":"Article","@id":"https:\/\/www.progeriaresearch.org\/kn\/2024\/07\/24\/nytarticle2024\/#article","isPartOf":{"@id":"https:\/\/www.progeriaresearch.org\/kn\/2024\/07\/24\/nytarticle2024\/"},"author":{"name":"Karen Betournay","@id":"https:\/\/www.progeriaresearch.org\/ta\/#\/schema\/person\/2be6cec85c11aaef7a7602636c5b9946"},"headline":"New York Times | July 24, 2024: A Cure for Progeria Could be on the Horizon","datePublished":"2024-07-24T16:33:03+00:00","dateModified":"2025-01-29T14:22:01+00:00","mainEntityOfPage":{"@id":"https:\/\/www.progeriaresearch.org\/kn\/2024\/07\/24\/nytarticle2024\/"},"wordCount":936,"publisher":{"@id":"https:\/\/www.progeriaresearch.org\/ta\/#organization"},"image":{"@id":"https:\/\/www.progeriaresearch.org\/kn\/2024\/07\/24\/nytarticle2024\/#primaryimage"},"thumbnailUrl":"https:\/\/www.progeriaresearch.org\/wp-content\/uploads\/2024\/05\/NYTarticle.png","articleSection":["News","Uncategorized"],"inLanguage":"es"},{"@type":"WebPage","@id":"https:\/\/www.progeriaresearch.org\/kn\/2024\/07\/24\/nytarticle2024\/","url":"https:\/\/www.progeriaresearch.org\/kn\/2024\/07\/24\/nytarticle2024\/","name":"NYT Article I The Progeria Research Foundation","isPartOf":{"@id":"https:\/\/www.progeriaresearch.org\/ta\/#website"},"primaryImageOfPage":{"@id":"https:\/\/www.progeriaresearch.org\/kn\/2024\/07\/24\/nytarticle2024\/#primaryimage"},"image":{"@id":"https:\/\/www.progeriaresearch.org\/kn\/2024\/07\/24\/nytarticle2024\/#primaryimage"},"thumbnailUrl":"https:\/\/www.progeriaresearch.org\/wp-content\/uploads\/2024\/05\/NYTarticle.png","datePublished":"2024-07-24T16:33:03+00:00","dateModified":"2025-01-29T14:22:01+00:00","description":"Remarkable Progeria gene editing progress featured in NY Times.","breadcrumb":{"@id":"https:\/\/www.progeriaresearch.org\/kn\/2024\/07\/24\/nytarticle2024\/#breadcrumb"},"inLanguage":"es","potentialAction":[{"@type":"ReadAction","target":["https:\/\/www.progeriaresearch.org\/kn\/2024\/07\/24\/nytarticle2024\/"]}]},{"@type":"ImageObject","inLanguage":"es","@id":"https:\/\/www.progeriaresearch.org\/kn\/2024\/07\/24\/nytarticle2024\/#primaryimage","url":"https:\/\/www.progeriaresearch.org\/wp-content\/uploads\/2024\/05\/NYTarticle.png","contentUrl":"https:\/\/www.progeriaresearch.org\/wp-content\/uploads\/2024\/05\/NYTarticle.png","width":800,"height":800},{"@type":"BreadcrumbList","@id":"https:\/\/www.progeriaresearch.org\/kn\/2024\/07\/24\/nytarticle2024\/#breadcrumb","itemListElement":[{"@type":"ListItem","position":1,"name":"Home","item":"https:\/\/www.progeriaresearch.org\/"},{"@type":"ListItem","position":2,"name":"New York Times | July 24, 2024: A Cure for Progeria Could be on the Horizon"}]},{"@type":"WebSite","@id":"https:\/\/www.progeriaresearch.org\/ta\/#website","url":"https:\/\/www.progeriaresearch.org\/ta\/","name":"La Fundaci\u00f3n para la Investigaci\u00f3n de la Progeria","description":"Por los ni\u00f1os \u2665 Por la cura","publisher":{"@id":"https:\/\/www.progeriaresearch.org\/ta\/#organization"},"potentialAction":[{"@type":"SearchAction","target":{"@type":"EntryPoint","urlTemplate":"https:\/\/www.progeriaresearch.org\/ta\/?s={search_term_string}"},"query-input":{"@type":"PropertyValueSpecification","valueRequired":true,"valueName":"search_term_string"}}],"inLanguage":"es"},{"@type":"Organization","@id":"https:\/\/www.progeriaresearch.org\/ta\/#organization","name":"La Fundaci\u00f3n para la Investigaci\u00f3n de la Progeria","url":"https:\/\/www.progeriaresearch.org\/ta\/","logo":{"@type":"ImageObject","inLanguage":"es","@id":"https:\/\/www.progeriaresearch.org\/ta\/#\/schema\/logo\/image\/","url":"https:\/\/www.progeriaresearch.org\/wp-content\/uploads\/2019\/05\/PRF_Logo_2019_optimized.png","contentUrl":"https:\/\/www.progeriaresearch.org\/wp-content\/uploads\/2019\/05\/PRF_Logo_2019_optimized.png","width":300,"height":86,"caption":"The Progeria Research Foundation"},"image":{"@id":"https:\/\/www.progeriaresearch.org\/ta\/#\/schema\/logo\/image\/"},"sameAs":["https:\/\/www.facebook.com\/ProgeriaResearch\/","https:\/\/x.com\/Progeria","https:\/\/www.instagram.com\/progeriaresearch\/"]},{"@type":"Person","@id":"https:\/\/www.progeriaresearch.org\/ta\/#\/schema\/person\/2be6cec85c11aaef7a7602636c5b9946","name":"Karen Betournay","image":{"@type":"ImageObject","inLanguage":"es","@id":"https:\/\/www.progeriaresearch.org\/ta\/#\/schema\/person\/image\/","url":"https:\/\/secure.gravatar.com\/avatar\/78c0520933a7d708c5e1a5788ec6799d5e2ad6a2a6d4ff2ca1e512861d12f533?s=96&d=mm&r=g","contentUrl":"https:\/\/secure.gravatar.com\/avatar\/78c0520933a7d708c5e1a5788ec6799d5e2ad6a2a6d4ff2ca1e512861d12f533?s=96&d=mm&r=g","caption":"Karen Betournay"},"url":"https:\/\/www.progeriaresearch.org\/es\/author\/karenb\/"}]}},"_links":{"self":[{"href":"https:\/\/www.progeriaresearch.org\/es\/wp-json\/wp\/v2\/posts\/18802","targetHints":{"allow":["GET"]}}],"collection":[{"href":"https:\/\/www.progeriaresearch.org\/es\/wp-json\/wp\/v2\/posts"}],"about":[{"href":"https:\/\/www.progeriaresearch.org\/es\/wp-json\/wp\/v2\/types\/post"}],"author":[{"embeddable":true,"href":"https:\/\/www.progeriaresearch.org\/es\/wp-json\/wp\/v2\/users\/2"}],"replies":[{"embeddable":true,"href":"https:\/\/www.progeriaresearch.org\/es\/wp-json\/wp\/v2\/comments?post=18802"}],"version-history":[{"count":0,"href":"https:\/\/www.progeriaresearch.org\/es\/wp-json\/wp\/v2\/posts\/18802\/revisions"}],"wp:featuredmedia":[{"embeddable":true,"href":"https:\/\/www.progeriaresearch.org\/es\/wp-json\/wp\/v2\/media\/19157"}],"wp:attachment":[{"href":"https:\/\/www.progeriaresearch.org\/es\/wp-json\/wp\/v2\/media?parent=18802"}],"wp:term":[{"taxonomy":"category","embeddable":true,"href":"https:\/\/www.progeriaresearch.org\/es\/wp-json\/wp\/v2\/categories?post=18802"},{"taxonomy":"post_tag","embeddable":true,"href":"https:\/\/www.progeriaresearch.org\/es\/wp-json\/wp\/v2\/tags?post=18802"}],"curies":[{"name":"gracias","href":"https:\/\/api.w.org\/{rel}","templated":true}]}}