{"id":1994,"date":"2014-05-15T22:20:00","date_gmt":"2014-05-15T22:20:00","guid":{"rendered":"https:\/\/www.progeriaresearch.org\/?p=1994"},"modified":"2020-12-11T15:28:08","modified_gmt":"2020-12-11T20:28:08","slug":"life-according-to-sam-wins-emmy-buy-share-the-dvd","status":"publish","type":"post","link":"https:\/\/www.progeriaresearch.org\/es\/2014\/05\/15\/life-according-to-sam-wins-emmy-buy-share-the-dvd\/","title":{"rendered":"La vida seg\u00fan Sam gana un Emmy. Compra y comparte el DVD"},"content":{"rendered":"<p>[et_pb_section fb_built=&#8221;1&#8243; _builder_version=&#8221;3.22&#8243;][et_pb_row _builder_version=&#8221;3.25&#8243; background_size=&#8221;initial&#8221; background_position=&#8221;top_left&#8221; background_repeat=&#8221;repeat&#8221;][et_pb_column type=&#8221;4_4&#8243; _builder_version=&#8221;3.25&#8243; custom_padding=&#8221;|||&#8221; custom_padding__hover=&#8221;|||&#8221;][et_pb_text _builder_version=&#8221;4.6.5&#8243; background_size=&#8221;initial&#8221; background_position=&#8221;top_left&#8221; background_repeat=&#8221;repeat&#8221; hover_enabled=&#8221;0&#8243; text_font_size=&#8221;12px&#8221; sticky_enabled=&#8221;0&#8243;]<\/p>\n<p>Ganando un Emmy por \u201cM\u00e9rito Excepcional en la Realizaci\u00f3n de Documentales\u201d, felicitamos a HBO Documentary Films y al talentoso equipo que han ayudado a generar conciencia sobre la progeria y el trabajo de PRF a trav\u00e9s de esta pel\u00edcula excepcional. LATS contin\u00faa impactando a los espectadores con su mensaje de amor, determinaci\u00f3n y esperanza para los ni\u00f1os con progeria. Consulta la impresionante lista de premios y c\u00f3mo puedes tener una copia <a href=\"https:\/\/www.progeriaresearch.org\/es\/life-according-to-sam\/\">aqu\u00ed.<\/a><\/p>\n<p>Qu\u00e9 emocionante que La vida seg\u00fan Sam haya ganado un premio Emmy a las Artes Creativas en 2014 por \u201cM\u00e9rito excepcional en la realizaci\u00f3n de documentales\u201d. Nuestro m\u00e1s sincero agradecimiento a Sheila Nevins y Nancy Abraham de HBO Documentary Films, a Sean Fine y Andrea Nix Fine, a Jeff Consiglio, a Pablo Durana y a todo el talentoso y apasionado equipo que ha ayudado a generar conciencia sobre la progeria y el trabajo de PRF a trav\u00e9s de esta pel\u00edcula excepcional. \u00a0<b><\/b><\/p>\n<div id=\"attachment_1995\" style=\"width: 410px\" class=\"wp-caption aligncenter\"><img loading=\"lazy\" decoding=\"async\" aria-describedby=\"caption-attachment-1995\" class=\"size-full wp-image-1995\" src=\"https:\/\/www.progeriaresearch.org\/wp-content\/uploads\/2017\/05\/Emmys-group.jpg\" alt=\"\" width=\"400\" height=\"341\" srcset=\"https:\/\/www.progeriaresearch.org\/wp-content\/uploads\/2017\/05\/Emmys-group.jpg 400w, https:\/\/www.progeriaresearch.org\/wp-content\/uploads\/2017\/05\/Emmys-group-300x256.jpg 300w\" sizes=\"(max-width: 400px) 100vw, 400px\" \/><p id=\"caption-attachment-1995\" class=\"wp-caption-text\">En la entrega de los Premios Emmy en el Nokia Theatre de Los \u00c1ngeles, California: el editor Jeff Consiglio, la productora principal Nancy Abraham, los protagonistas de la pel\u00edcula, el Dr. Scott Berns y la Dra. Leslie Gordon, los directores Sean Fine y Andrea Nix Fine<\/p><\/div>\n<p><strong>Sam contin\u00faa impactando a los espectadores todos los d\u00edas con su legado duradero de esperanza, determinaci\u00f3n y amor.<\/strong><\/p>\n<p>El premio Emmy es el \u00faltimo de una larga lista de premios y reconocimientos que ha recibido esta pel\u00edcula:<\/p>\n<p><b>Todo comenz\u00f3 con el Festival de Cine de Sundance.<\/b> Desde su estreno en enero de 2013 en este prestigioso festival, <b><i>La vida seg\u00fan Sam<\/i><\/b> Tuvo una trayectoria incre\u00edble en el circuito de festivales, cautivando al p\u00fablico de toda Am\u00e9rica del Norte.<b><i> <\/i><\/b>LATS y sus directores ganadores del Oscar Sean Fine y Andrea Nix Fine incluso llegaron a la \u201clista corta\u201d para ser considerados para el Oscar, un gran honor. LATS fue elegido como uno de los <b>\u201cLo mejor del festival\u201d<\/b> En el AFI Docs Festival en Washington, DC, fue el<b> Premio del p\u00fablico<\/b> Ganador en los festivales de cine de Nantucket, Boston Jewish, Newburyport y Martha&#039;s Vineyard, recibi\u00f3 el <b>La mejor narraci\u00f3n<\/b> Premio en Nantucket, ganado <b>Mejor largometraje documental<\/b> en los festivales internacionales de cine de New Hampshire, Woods Hole y Rhode Island. En abril de 2014, la pel\u00edcula tambi\u00e9n gan\u00f3 un premio Christopher, que se otorga a cineastas cuyo trabajo afirma los valores m\u00e1s elevados del esp\u00edritu humano.<\/p>\n<p>Tambi\u00e9n en abril, LATS fue honrado en el prestigioso<a href=\"http:\/\/www.peabodyawards.com\/award-profile\/life-according-to-sam-hbo\" target=\"_blank\" rel=\"noopener noreferrer\"><b> <\/b><b>Premios Peabody<\/b><\/a><b>, <\/b>que reconocen \u201chistorias que importan\u201d. Otorgado a 30-40 ganadores anualmente entre m\u00e1s de 1,000 inscriptos, su historia de amor, vida y esperanza para ni\u00f1os con progeria contin\u00faa \u201cimportando\u201d para m\u00e1s personas todos los d\u00edas.<\/p>\n<p><b><i>\u00a1Consigue tu propia copia HOY!<\/i><\/b><\/p>\n<p><img loading=\"lazy\" decoding=\"async\" class=\"alignleft\" src=\"https:\/\/web.archive.org\/web\/20170215190749im_\/https:\/\/www.progeriaresearch.org\/assets\/images\/news_images\/life-according-to-sam-dvd_281.jpg\" width=\"248\" height=\"248\" \/><\/p>\n<p>Mira aqu\u00ed: <a href=\"https:\/\/www.hbo.com\/documentaries\/life-according-to-sam\" target=\"_blank\" rel=\"noopener noreferrer\"><b>Tienda HBO* <\/b><\/a>y comparte esta inspiradora pel\u00edcula con tu familia y amigos. LATS <b>Ahora tambi\u00e9n est\u00e1 disponible en cualquier momento ON DEMAND y HBO GO\u00a0<\/b><\/p>\n<p>[\/et_pb_text][\/et_pb_column][\/et_pb_row][\/et_pb_section]<\/p>","protected":false},"excerpt":{"rendered":"<p>[et_pb_section fb_built=&#8221;1&#8243; _builder_version=&#8221;3.22&#8243;][et_pb_row _builder_version=&#8221;3.25&#8243; background_size=&#8221;initial&#8221; background_position=&#8221;top_left&#8221; background_repeat=&#8221;repeat&#8221;][et_pb_column type=&#8221;4_4&#8243; _builder_version=&#8221;3.25&#8243; custom_padding=&#8221;|||&#8221; custom_padding__hover=&#8221;|||&#8221;][et_pb_text _builder_version=&#8221;4.6.5&#8243; background_size=&#8221;initial&#8221; background_position=&#8221;top_left&#8221; background_repeat=&#8221;repeat&#8221; hover_enabled=&#8221;0&#8243; text_font_size=&#8221;12px&#8221; sticky_enabled=&#8221;0&#8243;] Winning an Emmy for &#8220;Exceptional Merit in Documentary Filmmaking&#8221;. we congratulate HBO Documentary Films and the talented team who have helped raise awareness of Progeria and PRF&#8217;s work through this exceptional film. LATS continues to impact viewers [&hellip;]<\/p>","protected":false},"author":1,"featured_media":11779,"comment_status":"open","ping_status":"open","sticky":false,"template":"","format":"standard","meta":{"_et_pb_use_builder":"on","_et_pb_old_content":"<p>[vc_custom_heading text=\"Life According to Sam Wins Emmy, Buy & Share the DVD\" font_container=\"tag:h1|text_align:left\" use_theme_fonts=\"yes\"]<\/p><div id=\"secondary-header-content\"><p>Winning an Emmy for \"Exceptional Merit in Documentary Filmmaking\". we congratulate HBO Documentary Films and the talented team who have helped raise awareness of Progeria and PRF's work through this exceptional film. LATS continues to impact viewers with its message of love, determination and hope for children with Progeria. Check out the impressive awards list and how you can own a copy <a href=\"https:\/\/www.progeriaresearch.org\/life-according-to-sam\/\">here.<\/a><\/p><\/div><p>How thrilling that Life According To Sam won a 2014 Creative Arts Emmy for \"Exceptional Merit in Documentary Filmmaking\".\u00a0 Our heartfelt thanks to Sheila Nevins and Nancy Abraham of HBO Documentary Films, Sean Fine & Andrea Nix Fine, Jeff Consiglio, Pablo Durana, and the entire talented, passionate team who have helped raise awareness of Progeria and PRF's work through this exceptional film. \u00a0<b><\/b><\/p>[caption id=\"attachment_1995\" align=\"aligncenter\" width=\"400\"]<img class=\"size-full wp-image-1995\" src=\"https:\/\/www.progeriaresearch.org\/wp-content\/uploads\/2017\/05\/Emmys-group.jpg\" alt=\"\" width=\"400\" height=\"341\" \/> At the Emmy Awards show at the Nokia Theatre in Los Angeles, CA: Editor Jeff Consiglio, Senior Producer Nancy Abraham, film subjects Dr. Scott Berns and Dr. Leslie Gordon, Directors Sean Fine and Andrea Nix Fine[\/caption]<p><strong>Sam continues to impact viewers every day with his lasting legacy of hope, determination and love.<\/strong><\/p><p>The Emmy award is the latest in a long line of awards and accolades this film has received:<\/p><p><b>It all started with the Sundance Film Festival.<\/b> Since its premiere in January 2013 at this prestigious festival, <b><i>Life According to Sam<\/i><\/b> had an amazing run on the festival circuit, captivating audiences across North America.<b><i> <\/i><\/b>LATS and its Oscar winning Directors Sean Fine and Andrea Nix Fine even made the \u201cshort list\u201d for Oscar consideration, a tremendous honor.\u00a0LATS was chosen as one of the <b>\u201cBest of Fest\u201d<\/b> at the AFI Docs Festival in Washington, DC, was the<b> Audience Award<\/b> Winner at the Nantucket, Boston Jewish, Newburyport and Martha\u2019s Vineyard Film Festivals, received the <b>Best Storytelling<\/b> Award at Nantucket , won <b>Best Feature Documentary<\/b> at the New Hampshire, Woods Hole and Rhode Island International Film Festivals.\u00a0 In April 2014, the film also won a Christopher Award, which is presented to filmmakers whose work affirms the highest values of the human spirit.<\/p><p>Also in April, LATS was honored at the prestigious<a href=\"https:\/\/www.peabodyawards.com\/stories\/story\/2013-peabody-winners\" target=\"_blank\" rel=\"noopener noreferrer\"><b> <\/b><b>Peabody Awards<\/b><\/a><b>, <\/b>which recognize \"stories that matter\".\u00a0 Awarded to 30-40 winners annually from more than 1,000\u00a0entries, its story of love, life and hope for children with Progeria continues to \"matter\" to more people every day.<\/p><p><b><i>Own your own copy TODAY!<\/i><\/b><\/p><p><img class=\"alignleft\" src=\"https:\/\/web.archive.org\/web\/20170215190749im_\/https:\/\/www.progeriaresearch.org\/assets\/images\/news_images\/life-according-to-sam-dvd_281.jpg\" width=\"248\" height=\"248\" \/><\/p><p>Buy your DVDs directly from the <a href=\"https:\/\/web.archive.org\/web\/20170215190749\/https:\/\/store.hbo.com\/detail.php?p=546129&SESSID=e7c169cae575e7da507c7b9b2b69bb2e&v=hbo\" target=\"_blank\" rel=\"noopener noreferrer\"><b>HBO Store* <\/b><\/a>and share this inspiring film with your family and friends. LATS <b>is also now available at any time ON DEMAND and HBO GO\u00a0<\/b><\/p>","_et_gb_content_width":"","footnotes":"","_links_to":"","_links_to_target":""},"categories":[2],"tags":[],"class_list":["post-1994","post","type-post","status-publish","format-standard","has-post-thumbnail","hentry","category-news"],"yoast_head":"<!-- This site is optimized with the Yoast SEO plugin v26.8 - https:\/\/yoast.com\/product\/yoast-seo-wordpress\/ -->\n<title>Life According to Sam Wins Emmy, Buy &amp; Share the DVD - The Progeria Research Foundation<\/title>\n<meta name=\"robots\" content=\"index, follow, max-snippet:-1, max-image-preview:large, max-video-preview:-1\" \/>\n<link rel=\"canonical\" href=\"https:\/\/www.progeriaresearch.org\/es\/2014\/05\/15\/life-according-to-sam-wins-emmy-buy-share-the-dvd\/\" \/>\n<meta property=\"og:locale\" content=\"es_ES\" \/>\n<meta property=\"og:type\" content=\"article\" \/>\n<meta property=\"og:title\" content=\"Life According to Sam Wins Emmy, Buy &amp; Share the DVD - The Progeria Research Foundation\" \/>\n<meta property=\"og:description\" content=\"[et_pb_section fb_built=&#8221;1&#8243; _builder_version=&#8221;3.22&#8243;][et_pb_row _builder_version=&#8221;3.25&#8243; background_size=&#8221;initial&#8221; background_position=&#8221;top_left&#8221; background_repeat=&#8221;repeat&#8221;][et_pb_column type=&#8221;4_4&#8243; _builder_version=&#8221;3.25&#8243; custom_padding=&#8221;|||&#8221; custom_padding__hover=&#8221;|||&#8221;][et_pb_text _builder_version=&#8221;4.6.5&#8243; background_size=&#8221;initial&#8221; background_position=&#8221;top_left&#8221; background_repeat=&#8221;repeat&#8221; hover_enabled=&#8221;0&#8243; text_font_size=&#8221;12px&#8221; sticky_enabled=&#8221;0&#8243;] Winning an Emmy for &#8220;Exceptional Merit in Documentary Filmmaking&#8221;. we congratulate HBO Documentary Films and the talented team who have helped raise awareness of Progeria and PRF&#8217;s work through this exceptional film. LATS continues to impact viewers [&hellip;]\" \/>\n<meta property=\"og:url\" content=\"https:\/\/www.progeriaresearch.org\/es\/2014\/05\/15\/life-according-to-sam-wins-emmy-buy-share-the-dvd\/\" \/>\n<meta property=\"og:site_name\" content=\"The Progeria Research Foundation\" \/>\n<meta property=\"article:publisher\" content=\"https:\/\/www.facebook.com\/ProgeriaResearch\/\" \/>\n<meta property=\"article:published_time\" content=\"2014-05-15T22:20:00+00:00\" \/>\n<meta property=\"article:modified_time\" content=\"2020-12-11T20:28:08+00:00\" \/>\n<meta property=\"og:image\" content=\"https:\/\/www.progeriaresearch.org\/wp-content\/uploads\/2014\/05\/life-according-to-sam-dvd_281.jpg\" \/>\n\t<meta property=\"og:image:width\" content=\"281\" \/>\n\t<meta property=\"og:image:height\" content=\"281\" \/>\n\t<meta property=\"og:image:type\" content=\"image\/jpeg\" \/>\n<meta name=\"author\" content=\"gravoc\" \/>\n<meta name=\"twitter:card\" content=\"summary_large_image\" \/>\n<meta name=\"twitter:creator\" content=\"@Progeria\" \/>\n<meta name=\"twitter:site\" content=\"@Progeria\" \/>\n<meta name=\"twitter:label1\" content=\"Written by\" \/>\n\t<meta name=\"twitter:data1\" content=\"gravoc\" \/>\n\t<meta name=\"twitter:label2\" content=\"Est. reading time\" \/>\n\t<meta name=\"twitter:data2\" content=\"2 minutos\" \/>\n<script type=\"application\/ld+json\" class=\"yoast-schema-graph\">{\"@context\":\"https:\/\/schema.org\",\"@graph\":[{\"@type\":\"Article\",\"@id\":\"https:\/\/www.progeriaresearch.org\/it\/2014\/05\/15\/life-according-to-sam-wins-emmy-buy-share-the-dvd\/#article\",\"isPartOf\":{\"@id\":\"https:\/\/www.progeriaresearch.org\/it\/2014\/05\/15\/life-according-to-sam-wins-emmy-buy-share-the-dvd\/\"},\"author\":{\"name\":\"gravoc\",\"@id\":\"https:\/\/www.progeriaresearch.org\/ta\/#\/schema\/person\/a3c935a81e92242c6a77ae0018542928\"},\"headline\":\"Life According to Sam Wins Emmy, Buy &#038; Share the DVD\",\"datePublished\":\"2014-05-15T22:20:00+00:00\",\"dateModified\":\"2020-12-11T20:28:08+00:00\",\"mainEntityOfPage\":{\"@id\":\"https:\/\/www.progeriaresearch.org\/it\/2014\/05\/15\/life-according-to-sam-wins-emmy-buy-share-the-dvd\/\"},\"wordCount\":496,\"commentCount\":0,\"publisher\":{\"@id\":\"https:\/\/www.progeriaresearch.org\/ta\/#organization\"},\"image\":{\"@id\":\"https:\/\/www.progeriaresearch.org\/it\/2014\/05\/15\/life-according-to-sam-wins-emmy-buy-share-the-dvd\/#primaryimage\"},\"thumbnailUrl\":\"https:\/\/www.progeriaresearch.org\/wp-content\/uploads\/2014\/05\/life-according-to-sam-dvd_281.jpg\",\"articleSection\":[\"News\"],\"inLanguage\":\"es\",\"potentialAction\":[{\"@type\":\"CommentAction\",\"name\":\"Comment\",\"target\":[\"https:\/\/www.progeriaresearch.org\/it\/2014\/05\/15\/life-according-to-sam-wins-emmy-buy-share-the-dvd\/#respond\"]}]},{\"@type\":\"WebPage\",\"@id\":\"https:\/\/www.progeriaresearch.org\/it\/2014\/05\/15\/life-according-to-sam-wins-emmy-buy-share-the-dvd\/\",\"url\":\"https:\/\/www.progeriaresearch.org\/it\/2014\/05\/15\/life-according-to-sam-wins-emmy-buy-share-the-dvd\/\",\"name\":\"Life According to Sam Wins Emmy, Buy & Share the DVD - The Progeria Research Foundation\",\"isPartOf\":{\"@id\":\"https:\/\/www.progeriaresearch.org\/ta\/#website\"},\"primaryImageOfPage\":{\"@id\":\"https:\/\/www.progeriaresearch.org\/it\/2014\/05\/15\/life-according-to-sam-wins-emmy-buy-share-the-dvd\/#primaryimage\"},\"image\":{\"@id\":\"https:\/\/www.progeriaresearch.org\/it\/2014\/05\/15\/life-according-to-sam-wins-emmy-buy-share-the-dvd\/#primaryimage\"},\"thumbnailUrl\":\"https:\/\/www.progeriaresearch.org\/wp-content\/uploads\/2014\/05\/life-according-to-sam-dvd_281.jpg\",\"datePublished\":\"2014-05-15T22:20:00+00:00\",\"dateModified\":\"2020-12-11T20:28:08+00:00\",\"breadcrumb\":{\"@id\":\"https:\/\/www.progeriaresearch.org\/it\/2014\/05\/15\/life-according-to-sam-wins-emmy-buy-share-the-dvd\/#breadcrumb\"},\"inLanguage\":\"es\",\"potentialAction\":[{\"@type\":\"ReadAction\",\"target\":[\"https:\/\/www.progeriaresearch.org\/it\/2014\/05\/15\/life-according-to-sam-wins-emmy-buy-share-the-dvd\/\"]}]},{\"@type\":\"ImageObject\",\"inLanguage\":\"es\",\"@id\":\"https:\/\/www.progeriaresearch.org\/it\/2014\/05\/15\/life-according-to-sam-wins-emmy-buy-share-the-dvd\/#primaryimage\",\"url\":\"https:\/\/www.progeriaresearch.org\/wp-content\/uploads\/2014\/05\/life-according-to-sam-dvd_281.jpg\",\"contentUrl\":\"https:\/\/www.progeriaresearch.org\/wp-content\/uploads\/2014\/05\/life-according-to-sam-dvd_281.jpg\",\"width\":281,\"height\":281},{\"@type\":\"BreadcrumbList\",\"@id\":\"https:\/\/www.progeriaresearch.org\/it\/2014\/05\/15\/life-according-to-sam-wins-emmy-buy-share-the-dvd\/#breadcrumb\",\"itemListElement\":[{\"@type\":\"ListItem\",\"position\":1,\"name\":\"Home\",\"item\":\"https:\/\/www.progeriaresearch.org\/\"},{\"@type\":\"ListItem\",\"position\":2,\"name\":\"Life According to Sam Wins Emmy, Buy &#038; Share the DVD\"}]},{\"@type\":\"WebSite\",\"@id\":\"https:\/\/www.progeriaresearch.org\/ta\/#website\",\"url\":\"https:\/\/www.progeriaresearch.org\/ta\/\",\"name\":\"The Progeria Research Foundation\",\"description\":\"For the Children \u2665 For the Cure\",\"publisher\":{\"@id\":\"https:\/\/www.progeriaresearch.org\/ta\/#organization\"},\"potentialAction\":[{\"@type\":\"SearchAction\",\"target\":{\"@type\":\"EntryPoint\",\"urlTemplate\":\"https:\/\/www.progeriaresearch.org\/ta\/?s={search_term_string}\"},\"query-input\":{\"@type\":\"PropertyValueSpecification\",\"valueRequired\":true,\"valueName\":\"search_term_string\"}}],\"inLanguage\":\"es\"},{\"@type\":\"Organization\",\"@id\":\"https:\/\/www.progeriaresearch.org\/ta\/#organization\",\"name\":\"The Progeria Research Foundation\",\"url\":\"https:\/\/www.progeriaresearch.org\/ta\/\",\"logo\":{\"@type\":\"ImageObject\",\"inLanguage\":\"es\",\"@id\":\"https:\/\/www.progeriaresearch.org\/ta\/#\/schema\/logo\/image\/\",\"url\":\"https:\/\/www.progeriaresearch.org\/wp-content\/uploads\/2019\/05\/PRF_Logo_2019_optimized.png\",\"contentUrl\":\"https:\/\/www.progeriaresearch.org\/wp-content\/uploads\/2019\/05\/PRF_Logo_2019_optimized.png\",\"width\":300,\"height\":86,\"caption\":\"The Progeria Research Foundation\"},\"image\":{\"@id\":\"https:\/\/www.progeriaresearch.org\/ta\/#\/schema\/logo\/image\/\"},\"sameAs\":[\"https:\/\/www.facebook.com\/ProgeriaResearch\/\",\"https:\/\/x.com\/Progeria\",\"https:\/\/www.instagram.com\/progeriaresearch\/\"]},{\"@type\":\"Person\",\"@id\":\"https:\/\/www.progeriaresearch.org\/ta\/#\/schema\/person\/a3c935a81e92242c6a77ae0018542928\",\"name\":\"gravoc\",\"image\":{\"@type\":\"ImageObject\",\"inLanguage\":\"es\",\"@id\":\"https:\/\/www.progeriaresearch.org\/ta\/#\/schema\/person\/image\/\",\"url\":\"https:\/\/secure.gravatar.com\/avatar\/cee2d206466fdbfc70635d168190f07f615d6e9c97c316eb6a88b5b563efdd7b?s=96&d=mm&r=g\",\"contentUrl\":\"https:\/\/secure.gravatar.com\/avatar\/cee2d206466fdbfc70635d168190f07f615d6e9c97c316eb6a88b5b563efdd7b?s=96&d=mm&r=g\",\"caption\":\"gravoc\"},\"url\":\"https:\/\/www.progeriaresearch.org\/es\/author\/gravoc\/\"}]}<\/script>\n<!-- \/ Yoast SEO plugin. -->","yoast_head_json":{"title":"Life According to Sam Wins Emmy, Buy & Share the DVD - The Progeria Research Foundation","robots":{"index":"index","follow":"follow","max-snippet":"max-snippet:-1","max-image-preview":"max-image-preview:large","max-video-preview":"max-video-preview:-1"},"canonical":"https:\/\/www.progeriaresearch.org\/es\/2014\/05\/15\/life-according-to-sam-wins-emmy-buy-share-the-dvd\/","og_locale":"es_ES","og_type":"article","og_title":"Life According to Sam Wins Emmy, Buy & Share the DVD - The Progeria Research Foundation","og_description":"[et_pb_section fb_built=&#8221;1&#8243; _builder_version=&#8221;3.22&#8243;][et_pb_row _builder_version=&#8221;3.25&#8243; background_size=&#8221;initial&#8221; background_position=&#8221;top_left&#8221; background_repeat=&#8221;repeat&#8221;][et_pb_column type=&#8221;4_4&#8243; _builder_version=&#8221;3.25&#8243; custom_padding=&#8221;|||&#8221; custom_padding__hover=&#8221;|||&#8221;][et_pb_text _builder_version=&#8221;4.6.5&#8243; background_size=&#8221;initial&#8221; background_position=&#8221;top_left&#8221; background_repeat=&#8221;repeat&#8221; hover_enabled=&#8221;0&#8243; text_font_size=&#8221;12px&#8221; sticky_enabled=&#8221;0&#8243;] Winning an Emmy for &#8220;Exceptional Merit in Documentary Filmmaking&#8221;. we congratulate HBO Documentary Films and the talented team who have helped raise awareness of Progeria and PRF&#8217;s work through this exceptional film. LATS continues to impact viewers [&hellip;]","og_url":"https:\/\/www.progeriaresearch.org\/es\/2014\/05\/15\/life-according-to-sam-wins-emmy-buy-share-the-dvd\/","og_site_name":"The Progeria Research Foundation","article_publisher":"https:\/\/www.facebook.com\/ProgeriaResearch\/","article_published_time":"2014-05-15T22:20:00+00:00","article_modified_time":"2020-12-11T20:28:08+00:00","og_image":[{"width":281,"height":281,"url":"https:\/\/www.progeriaresearch.org\/wp-content\/uploads\/2014\/05\/life-according-to-sam-dvd_281.jpg","type":"image\/jpeg"}],"author":"gravoc","twitter_card":"summary_large_image","twitter_creator":"@Progeria","twitter_site":"@Progeria","twitter_misc":{"Written by":"gravoc","Est. reading time":"2 minutos"},"schema":{"@context":"https:\/\/schema.org","@graph":[{"@type":"Article","@id":"https:\/\/www.progeriaresearch.org\/it\/2014\/05\/15\/life-according-to-sam-wins-emmy-buy-share-the-dvd\/#article","isPartOf":{"@id":"https:\/\/www.progeriaresearch.org\/it\/2014\/05\/15\/life-according-to-sam-wins-emmy-buy-share-the-dvd\/"},"author":{"name":"gravoc","@id":"https:\/\/www.progeriaresearch.org\/ta\/#\/schema\/person\/a3c935a81e92242c6a77ae0018542928"},"headline":"Life According to Sam Wins Emmy, Buy &#038; Share the DVD","datePublished":"2014-05-15T22:20:00+00:00","dateModified":"2020-12-11T20:28:08+00:00","mainEntityOfPage":{"@id":"https:\/\/www.progeriaresearch.org\/it\/2014\/05\/15\/life-according-to-sam-wins-emmy-buy-share-the-dvd\/"},"wordCount":496,"commentCount":0,"publisher":{"@id":"https:\/\/www.progeriaresearch.org\/ta\/#organization"},"image":{"@id":"https:\/\/www.progeriaresearch.org\/it\/2014\/05\/15\/life-according-to-sam-wins-emmy-buy-share-the-dvd\/#primaryimage"},"thumbnailUrl":"https:\/\/www.progeriaresearch.org\/wp-content\/uploads\/2014\/05\/life-according-to-sam-dvd_281.jpg","articleSection":["News"],"inLanguage":"es","potentialAction":[{"@type":"CommentAction","name":"Comment","target":["https:\/\/www.progeriaresearch.org\/it\/2014\/05\/15\/life-according-to-sam-wins-emmy-buy-share-the-dvd\/#respond"]}]},{"@type":"WebPage","@id":"https:\/\/www.progeriaresearch.org\/it\/2014\/05\/15\/life-according-to-sam-wins-emmy-buy-share-the-dvd\/","url":"https:\/\/www.progeriaresearch.org\/it\/2014\/05\/15\/life-according-to-sam-wins-emmy-buy-share-the-dvd\/","name":"Life According to Sam Wins Emmy, Buy & Share the DVD - The Progeria Research Foundation","isPartOf":{"@id":"https:\/\/www.progeriaresearch.org\/ta\/#website"},"primaryImageOfPage":{"@id":"https:\/\/www.progeriaresearch.org\/it\/2014\/05\/15\/life-according-to-sam-wins-emmy-buy-share-the-dvd\/#primaryimage"},"image":{"@id":"https:\/\/www.progeriaresearch.org\/it\/2014\/05\/15\/life-according-to-sam-wins-emmy-buy-share-the-dvd\/#primaryimage"},"thumbnailUrl":"https:\/\/www.progeriaresearch.org\/wp-content\/uploads\/2014\/05\/life-according-to-sam-dvd_281.jpg","datePublished":"2014-05-15T22:20:00+00:00","dateModified":"2020-12-11T20:28:08+00:00","breadcrumb":{"@id":"https:\/\/www.progeriaresearch.org\/it\/2014\/05\/15\/life-according-to-sam-wins-emmy-buy-share-the-dvd\/#breadcrumb"},"inLanguage":"es","potentialAction":[{"@type":"ReadAction","target":["https:\/\/www.progeriaresearch.org\/it\/2014\/05\/15\/life-according-to-sam-wins-emmy-buy-share-the-dvd\/"]}]},{"@type":"ImageObject","inLanguage":"es","@id":"https:\/\/www.progeriaresearch.org\/it\/2014\/05\/15\/life-according-to-sam-wins-emmy-buy-share-the-dvd\/#primaryimage","url":"https:\/\/www.progeriaresearch.org\/wp-content\/uploads\/2014\/05\/life-according-to-sam-dvd_281.jpg","contentUrl":"https:\/\/www.progeriaresearch.org\/wp-content\/uploads\/2014\/05\/life-according-to-sam-dvd_281.jpg","width":281,"height":281},{"@type":"BreadcrumbList","@id":"https:\/\/www.progeriaresearch.org\/it\/2014\/05\/15\/life-according-to-sam-wins-emmy-buy-share-the-dvd\/#breadcrumb","itemListElement":[{"@type":"ListItem","position":1,"name":"Home","item":"https:\/\/www.progeriaresearch.org\/"},{"@type":"ListItem","position":2,"name":"Life According to Sam Wins Emmy, Buy &#038; Share the DVD"}]},{"@type":"WebSite","@id":"https:\/\/www.progeriaresearch.org\/ta\/#website","url":"https:\/\/www.progeriaresearch.org\/ta\/","name":"La Fundaci\u00f3n para la Investigaci\u00f3n de la Progeria","description":"Por los ni\u00f1os \u2665 Por la cura","publisher":{"@id":"https:\/\/www.progeriaresearch.org\/ta\/#organization"},"potentialAction":[{"@type":"SearchAction","target":{"@type":"EntryPoint","urlTemplate":"https:\/\/www.progeriaresearch.org\/ta\/?s={search_term_string}"},"query-input":{"@type":"PropertyValueSpecification","valueRequired":true,"valueName":"search_term_string"}}],"inLanguage":"es"},{"@type":"Organization","@id":"https:\/\/www.progeriaresearch.org\/ta\/#organization","name":"La Fundaci\u00f3n para la Investigaci\u00f3n de la Progeria","url":"https:\/\/www.progeriaresearch.org\/ta\/","logo":{"@type":"ImageObject","inLanguage":"es","@id":"https:\/\/www.progeriaresearch.org\/ta\/#\/schema\/logo\/image\/","url":"https:\/\/www.progeriaresearch.org\/wp-content\/uploads\/2019\/05\/PRF_Logo_2019_optimized.png","contentUrl":"https:\/\/www.progeriaresearch.org\/wp-content\/uploads\/2019\/05\/PRF_Logo_2019_optimized.png","width":300,"height":86,"caption":"The Progeria Research Foundation"},"image":{"@id":"https:\/\/www.progeriaresearch.org\/ta\/#\/schema\/logo\/image\/"},"sameAs":["https:\/\/www.facebook.com\/ProgeriaResearch\/","https:\/\/x.com\/Progeria","https:\/\/www.instagram.com\/progeriaresearch\/"]},{"@type":"Person","@id":"https:\/\/www.progeriaresearch.org\/ta\/#\/schema\/person\/a3c935a81e92242c6a77ae0018542928","name":"gravac","image":{"@type":"ImageObject","inLanguage":"es","@id":"https:\/\/www.progeriaresearch.org\/ta\/#\/schema\/person\/image\/","url":"https:\/\/secure.gravatar.com\/avatar\/cee2d206466fdbfc70635d168190f07f615d6e9c97c316eb6a88b5b563efdd7b?s=96&d=mm&r=g","contentUrl":"https:\/\/secure.gravatar.com\/avatar\/cee2d206466fdbfc70635d168190f07f615d6e9c97c316eb6a88b5b563efdd7b?s=96&d=mm&r=g","caption":"gravoc"},"url":"https:\/\/www.progeriaresearch.org\/es\/author\/gravoc\/"}]}},"_links":{"self":[{"href":"https:\/\/www.progeriaresearch.org\/es\/wp-json\/wp\/v2\/posts\/1994","targetHints":{"allow":["GET"]}}],"collection":[{"href":"https:\/\/www.progeriaresearch.org\/es\/wp-json\/wp\/v2\/posts"}],"about":[{"href":"https:\/\/www.progeriaresearch.org\/es\/wp-json\/wp\/v2\/types\/post"}],"author":[{"embeddable":true,"href":"https:\/\/www.progeriaresearch.org\/es\/wp-json\/wp\/v2\/users\/1"}],"replies":[{"embeddable":true,"href":"https:\/\/www.progeriaresearch.org\/es\/wp-json\/wp\/v2\/comments?post=1994"}],"version-history":[{"count":0,"href":"https:\/\/www.progeriaresearch.org\/es\/wp-json\/wp\/v2\/posts\/1994\/revisions"}],"wp:featuredmedia":[{"embeddable":true,"href":"https:\/\/www.progeriaresearch.org\/es\/wp-json\/wp\/v2\/media\/11779"}],"wp:attachment":[{"href":"https:\/\/www.progeriaresearch.org\/es\/wp-json\/wp\/v2\/media?parent=1994"}],"wp:term":[{"taxonomy":"category","embeddable":true,"href":"https:\/\/www.progeriaresearch.org\/es\/wp-json\/wp\/v2\/categories?post=1994"},{"taxonomy":"post_tag","embeddable":true,"href":"https:\/\/www.progeriaresearch.org\/es\/wp-json\/wp\/v2\/tags?post=1994"}],"curies":[{"name":"gracias","href":"https:\/\/api.w.org\/{rel}","templated":true}]}}