{"id":21057,"date":"2025-09-25T10:03:03","date_gmt":"2025-09-25T14:03:03","guid":{"rendered":"https:\/\/www.progeriaresearch.org\/?p=21057"},"modified":"2025-09-25T12:48:46","modified_gmt":"2025-09-25T16:48:46","slug":"prfnewsletter2025","status":"publish","type":"post","link":"https:\/\/www.progeriaresearch.org\/es\/2025\/09\/25\/prfnewsletter2025\/","title":{"rendered":"\u00a1Obt\u00e9n el bolet\u00edn 2025 de PRF aqu\u00ed!"},"content":{"rendered":"<p>[et_pb_section fb_built=\u201d1\u2033 _builder_version=\u201d4.16\u2033 _module_preset=\u201ddefault\u201d custom_padding=\u201d4px|||||\u201d global_colors_info=\u201d{}\u201d][et_pb_row column_structure=\u201d1_3,2_3\u2033 _builder_version=\u201d4.16\u2033 _module_preset=\u201ddefault\u201d global_colors_info=\u201d{}\u201d][et_pb_column type=\u201d1_3\u2033 _builder_version=\u201d4.16\u2033 _module_preset=\u201ddefault\u201d global_colors_info=\u201d{}\u201d][et_pb_image src=\u201dhttps:\/\/www.progeriaresearch.org\/wp-content\/uploads\/2025\/09\/2025-newsletter-image.jpg\u201d title_text=\u201dImagen del bolet\u00edn informativo de 2025\u201d admin_label=\u201dBolet\u00edn informativo de 2025\u201d _builder_version=\u201d4.27.4\u2033 _module_preset=\u201ddefault\u201d global_colors_info=\u201d{}\u201d][\/et_pb_image][\/et_pb_column][et_pb_column type=\u201d2_3\u2033 _builder_version=\u201d4.16\u2033 _module_preset=\u201ddefault\u201d global_colors_info=\u201d{}\u201d][et_pb_text _builder_version=\u201d4.27.4\u2033 _module_preset=\u201ddefault\u201d custom_margin=\u201d||7px|||\u201d custom_padding=\u201d||3px|||\u201d global_colors_info=\u201d{}\u201d]<\/p>\n<h3 class=\"p1\">Colaboraci\u00f3n = Progreso<\/h3>\n<p class=\"p1\">El ensayo Progerinin es una asociaci\u00f3n entre PRF, el patrocinador del ensayo PRG Science &amp; Technology (una empresa de biotecnolog\u00eda con sede en Corea), el Boston Children&#039;s Hospital (el sitio del ensayo), el Brigham and Women&#039;s Hospital (sitio donde se realizan algunas pruebas del ensayo) y, por supuesto, las familias que nos acompa\u00f1an en cada paso del camino.<\/p>\n<p style=\"font-weight: 400;\">En el interior encontrar\u00e1s:<\/p>\n<ul>\n<li style=\"font-weight: 400;\">\n<p class=\"p1\">Actualizaciones de investigaci\u00f3n: \u00a1El ensayo cl\u00ednico de progerinina est\u00e1 en marcha! Terapia g\u00e9nica: \u00a1La v\u00eda de PRF para curar la progeria es una gran noticia!<\/p>\n<\/li>\n<li style=\"font-weight: 400;\">\u00a1PRF en movimiento! La Cumbre de Enfermedades Raras de China en China, el Centro de Investigaci\u00f3n en Medicina Molecular y Enfermedades Cr\u00f3nicas (CiMUS) en Espa\u00f1a, el 5.\u00ba Encuentro Internacional sobre Laminopat\u00edas<span class=\"s1\"> en <\/span>Francia y decenas de l\u00edderes empresariales y de investigaci\u00f3n en importantes conferencias de Estados Unidos.<\/li>\n<li style=\"font-weight: 400;\">\n<p class=\"p1\">Eventos para recaudar fondos: \u00a1Momentos divertidos, gente fabulosa!<\/p>\n<\/li>\n<li>\n<p class=\"p1\">Informe anual de PRF 2024<\/p>\n<\/li>\n<\/ul>\n<p>[\/et_pb_text][et_pb_button button_url=\u201dhttps:\/\/www.progeriaresearch.org\/wp-content\/uploads\/2025\/09\/18219-2025-FALL-NEWSLETTER_final.pdf\u201d url_new_window=\u201don\u201d button_text=\u201dHaga clic aqu\u00ed para ver como PDF\u201d disabled_on=\u201doff|off|off\u201d admin_label=\u201dpdf\u201d _builder_version=\u201d4.27.4\u2033 background_layout=\u201ddark\u201d custom_margin=\u201d30px||||false|false\u201d z_index_tablet=\u201d500\u2033 global_colors_info=\u201d{}\u201d][\/et_pb_button][et_pb_text disabled_on=\u201doff|off|off\u201d admin_label=\u201dShortcode\u201d _builder_version=\u201d4.27.4\u2033 _module_preset=\u201ddefault\u201d global_colors_info=\u201d{}\u201d]<\/p>\n<a class=\"_df_thumb\"  href=\"#\"  data-slug=\"21065\" data-_slug=\"21065\" _slug=\"21065\" data-title=\"2025-prf-newsletter\" id=\"df_21065\" data-df-option=\"df_option_21065\" thumb=\"https:\/\/www.progeriaresearch.org\/wp-content\/uploads\/2025\/09\/Screenshot-2025-09-25-at-9.01.34-AM.png\"  >Bolet\u00edn informativo del PRF 2025<\/a><script class=\"df-shortcode-script\" nowprocket type=\"application\/javascript\">window.df_option_21065 = {\"source\":\"https:\\\/\\\/www.progeriaresearch.org\\\/wp-content\\\/uploads\\\/2025\\\/09\\\/18219-2025-FALL-NEWSLETTER_final.pdf\",\"outline\":[],\"overwritePDFOutline\":false,\"pageSize\":\"0\",\"slug\":\"21065\",\"wpOptions\":\"true\",\"id\":21065}; if(window.DFLIP && window.DFLIP.parseBooks){window.DFLIP.parseBooks();}<\/script>\n<p>[\/et_pb_text][et_pb_button button_url=\u201dhttps:\/\/www.progeriaresearch.org\/?form=donate\u201d button_text=\u201dDonar aqu\u00ed\u201d admin_label=\u201dBot\u00f3n \u2013 Donar\u201d _builder_version=\u201d4.27.4\u2033 _module_preset=\u201ddefault\u201d button_text_color=\u201d#FFFFFF\u201d button_bg_color=\u201d#00B2E2\u2033 button_border_color=\u201d#00B2E2\u2033 background_layout=\u201ddark\u201d global_colors_info=\u201d{}\u201d][\/et_pb_button][\/et_pb_column][\/et_pb_row][\/et_pb_section]<\/p>","protected":false},"excerpt":{"rendered":"<p><b>Reci\u00e9n salido de la imprenta: \u00a1Bolet\u00edn informativo 2025 de PRF!<\/b> Obtenga la informaci\u00f3n m\u00e1s reciente sobre el ensayo cl\u00ednico de progerinina, nuestro camino para CURAR LA PROGERIA y mucho m\u00e1s.<\/p>","protected":false},"author":2,"featured_media":21093,"comment_status":"closed","ping_status":"closed","sticky":false,"template":"","format":"standard","meta":{"_et_pb_use_builder":"on","_et_pb_old_content":"","_et_gb_content_width":"","footnotes":"","_links_to":"","_links_to_target":""},"categories":[11,2,1],"tags":[],"class_list":["post-21057","post","type-post","status-publish","format-standard","has-post-thumbnail","hentry","category-homepage-news","category-news","category-uncategorized"],"yoast_head":"<!-- This site is optimized with the Yoast SEO plugin v26.8 - https:\/\/yoast.com\/product\/yoast-seo-wordpress\/ -->\n<title>Newsletter 2025 | The Progeria Research Foundation<\/title>\n<meta name=\"robots\" content=\"index, follow, max-snippet:-1, max-image-preview:large, max-video-preview:-1\" \/>\n<link rel=\"canonical\" href=\"https:\/\/www.progeriaresearch.org\/es\/2025\/09\/25\/prfnewsletter2025\/\" \/>\n<meta property=\"og:locale\" content=\"es_ES\" \/>\n<meta property=\"og:type\" content=\"article\" \/>\n<meta property=\"og:title\" content=\"Newsletter 2025 | The Progeria Research Foundation\" \/>\n<meta property=\"og:description\" content=\"Hot off the press: PRF\u2019s 2025 Newsletter! Get the latest scoop on the Progerinin Clinical Trial, our Path to CURE PROGERIA, and so much more!\" \/>\n<meta property=\"og:url\" content=\"https:\/\/www.progeriaresearch.org\/es\/2025\/09\/25\/prfnewsletter2025\/\" \/>\n<meta property=\"og:site_name\" content=\"The Progeria Research Foundation\" \/>\n<meta property=\"article:publisher\" content=\"https:\/\/www.facebook.com\/ProgeriaResearch\/\" \/>\n<meta property=\"article:published_time\" content=\"2025-09-25T14:03:03+00:00\" \/>\n<meta property=\"article:modified_time\" content=\"2025-09-25T16:48:46+00:00\" \/>\n<meta property=\"og:image\" content=\"https:\/\/www.progeriaresearch.org\/wp-content\/uploads\/2025\/09\/BastianJuanCarlos-thumbnail3.jpg\" \/>\n\t<meta property=\"og:image:width\" content=\"1500\" \/>\n\t<meta property=\"og:image:height\" content=\"1500\" \/>\n\t<meta property=\"og:image:type\" content=\"image\/jpeg\" \/>\n<meta name=\"author\" content=\"Karen Betournay\" \/>\n<meta name=\"twitter:card\" content=\"summary_large_image\" \/>\n<meta name=\"twitter:creator\" content=\"@Progeria\" \/>\n<meta name=\"twitter:site\" content=\"@Progeria\" \/>\n<meta name=\"twitter:label1\" content=\"Written by\" \/>\n\t<meta name=\"twitter:data1\" content=\"Karen Betournay\" \/>\n\t<meta name=\"twitter:label2\" content=\"Est. reading time\" \/>\n\t<meta name=\"twitter:data2\" content=\"1 minuto\" \/>\n<script type=\"application\/ld+json\" class=\"yoast-schema-graph\">{\"@context\":\"https:\/\/schema.org\",\"@graph\":[{\"@type\":\"Article\",\"@id\":\"https:\/\/www.progeriaresearch.org\/ta\/2025\/09\/25\/prfnewsletter2025\/#article\",\"isPartOf\":{\"@id\":\"https:\/\/www.progeriaresearch.org\/ta\/2025\/09\/25\/prfnewsletter2025\/\"},\"author\":{\"name\":\"Karen Betournay\",\"@id\":\"https:\/\/www.progeriaresearch.org\/ta\/#\/schema\/person\/2be6cec85c11aaef7a7602636c5b9946\"},\"headline\":\"Get PRF&#8217;s 2025 Newletter here!\",\"datePublished\":\"2025-09-25T14:03:03+00:00\",\"dateModified\":\"2025-09-25T16:48:46+00:00\",\"mainEntityOfPage\":{\"@id\":\"https:\/\/www.progeriaresearch.org\/ta\/2025\/09\/25\/prfnewsletter2025\/\"},\"wordCount\":376,\"publisher\":{\"@id\":\"https:\/\/www.progeriaresearch.org\/ta\/#organization\"},\"image\":{\"@id\":\"https:\/\/www.progeriaresearch.org\/ta\/2025\/09\/25\/prfnewsletter2025\/#primaryimage\"},\"thumbnailUrl\":\"https:\/\/www.progeriaresearch.org\/wp-content\/uploads\/2025\/09\/BastianJuanCarlos-thumbnail3.jpg\",\"articleSection\":[\"Homepage News\",\"News\",\"Uncategorized\"],\"inLanguage\":\"es\"},{\"@type\":\"WebPage\",\"@id\":\"https:\/\/www.progeriaresearch.org\/ta\/2025\/09\/25\/prfnewsletter2025\/\",\"url\":\"https:\/\/www.progeriaresearch.org\/ta\/2025\/09\/25\/prfnewsletter2025\/\",\"name\":\"Newsletter 2025 | The Progeria Research Foundation\",\"isPartOf\":{\"@id\":\"https:\/\/www.progeriaresearch.org\/ta\/#website\"},\"primaryImageOfPage\":{\"@id\":\"https:\/\/www.progeriaresearch.org\/ta\/2025\/09\/25\/prfnewsletter2025\/#primaryimage\"},\"image\":{\"@id\":\"https:\/\/www.progeriaresearch.org\/ta\/2025\/09\/25\/prfnewsletter2025\/#primaryimage\"},\"thumbnailUrl\":\"https:\/\/www.progeriaresearch.org\/wp-content\/uploads\/2025\/09\/BastianJuanCarlos-thumbnail3.jpg\",\"datePublished\":\"2025-09-25T14:03:03+00:00\",\"dateModified\":\"2025-09-25T16:48:46+00:00\",\"breadcrumb\":{\"@id\":\"https:\/\/www.progeriaresearch.org\/ta\/2025\/09\/25\/prfnewsletter2025\/#breadcrumb\"},\"inLanguage\":\"es\",\"potentialAction\":[{\"@type\":\"ReadAction\",\"target\":[\"https:\/\/www.progeriaresearch.org\/ta\/2025\/09\/25\/prfnewsletter2025\/\"]}]},{\"@type\":\"ImageObject\",\"inLanguage\":\"es\",\"@id\":\"https:\/\/www.progeriaresearch.org\/ta\/2025\/09\/25\/prfnewsletter2025\/#primaryimage\",\"url\":\"https:\/\/www.progeriaresearch.org\/wp-content\/uploads\/2025\/09\/BastianJuanCarlos-thumbnail3.jpg\",\"contentUrl\":\"https:\/\/www.progeriaresearch.org\/wp-content\/uploads\/2025\/09\/BastianJuanCarlos-thumbnail3.jpg\",\"width\":1500,\"height\":1500},{\"@type\":\"BreadcrumbList\",\"@id\":\"https:\/\/www.progeriaresearch.org\/ta\/2025\/09\/25\/prfnewsletter2025\/#breadcrumb\",\"itemListElement\":[{\"@type\":\"ListItem\",\"position\":1,\"name\":\"Home\",\"item\":\"https:\/\/www.progeriaresearch.org\/\"},{\"@type\":\"ListItem\",\"position\":2,\"name\":\"Get PRF&#8217;s 2025 Newletter here!\"}]},{\"@type\":\"WebSite\",\"@id\":\"https:\/\/www.progeriaresearch.org\/ta\/#website\",\"url\":\"https:\/\/www.progeriaresearch.org\/ta\/\",\"name\":\"The Progeria Research Foundation\",\"description\":\"For the Children \u2665 For the Cure\",\"publisher\":{\"@id\":\"https:\/\/www.progeriaresearch.org\/ta\/#organization\"},\"potentialAction\":[{\"@type\":\"SearchAction\",\"target\":{\"@type\":\"EntryPoint\",\"urlTemplate\":\"https:\/\/www.progeriaresearch.org\/ta\/?s={search_term_string}\"},\"query-input\":{\"@type\":\"PropertyValueSpecification\",\"valueRequired\":true,\"valueName\":\"search_term_string\"}}],\"inLanguage\":\"es\"},{\"@type\":\"Organization\",\"@id\":\"https:\/\/www.progeriaresearch.org\/ta\/#organization\",\"name\":\"The Progeria Research Foundation\",\"url\":\"https:\/\/www.progeriaresearch.org\/ta\/\",\"logo\":{\"@type\":\"ImageObject\",\"inLanguage\":\"es\",\"@id\":\"https:\/\/www.progeriaresearch.org\/ta\/#\/schema\/logo\/image\/\",\"url\":\"https:\/\/www.progeriaresearch.org\/wp-content\/uploads\/2019\/05\/PRF_Logo_2019_optimized.png\",\"contentUrl\":\"https:\/\/www.progeriaresearch.org\/wp-content\/uploads\/2019\/05\/PRF_Logo_2019_optimized.png\",\"width\":300,\"height\":86,\"caption\":\"The Progeria Research Foundation\"},\"image\":{\"@id\":\"https:\/\/www.progeriaresearch.org\/ta\/#\/schema\/logo\/image\/\"},\"sameAs\":[\"https:\/\/www.facebook.com\/ProgeriaResearch\/\",\"https:\/\/x.com\/Progeria\",\"https:\/\/www.instagram.com\/progeriaresearch\/\"]},{\"@type\":\"Person\",\"@id\":\"https:\/\/www.progeriaresearch.org\/ta\/#\/schema\/person\/2be6cec85c11aaef7a7602636c5b9946\",\"name\":\"Karen Betournay\",\"image\":{\"@type\":\"ImageObject\",\"inLanguage\":\"es\",\"@id\":\"https:\/\/www.progeriaresearch.org\/ta\/#\/schema\/person\/image\/\",\"url\":\"https:\/\/secure.gravatar.com\/avatar\/78c0520933a7d708c5e1a5788ec6799d5e2ad6a2a6d4ff2ca1e512861d12f533?s=96&d=mm&r=g\",\"contentUrl\":\"https:\/\/secure.gravatar.com\/avatar\/78c0520933a7d708c5e1a5788ec6799d5e2ad6a2a6d4ff2ca1e512861d12f533?s=96&d=mm&r=g\",\"caption\":\"Karen Betournay\"},\"url\":\"https:\/\/www.progeriaresearch.org\/es\/author\/karenb\/\"}]}<\/script>\n<!-- \/ Yoast SEO plugin. -->","yoast_head_json":{"title":"Bolet\u00edn informativo 2025 | Fundaci\u00f3n para la Investigaci\u00f3n de la Progeria","robots":{"index":"index","follow":"follow","max-snippet":"max-snippet:-1","max-image-preview":"max-image-preview:large","max-video-preview":"max-video-preview:-1"},"canonical":"https:\/\/www.progeriaresearch.org\/es\/2025\/09\/25\/prfnewsletter2025\/","og_locale":"es_ES","og_type":"article","og_title":"Newsletter 2025 | The Progeria Research Foundation","og_description":"Hot off the press: PRF\u2019s 2025 Newsletter! Get the latest scoop on the Progerinin Clinical Trial, our Path to CURE PROGERIA, and so much more!","og_url":"https:\/\/www.progeriaresearch.org\/es\/2025\/09\/25\/prfnewsletter2025\/","og_site_name":"The Progeria Research Foundation","article_publisher":"https:\/\/www.facebook.com\/ProgeriaResearch\/","article_published_time":"2025-09-25T14:03:03+00:00","article_modified_time":"2025-09-25T16:48:46+00:00","og_image":[{"width":1500,"height":1500,"url":"https:\/\/www.progeriaresearch.org\/wp-content\/uploads\/2025\/09\/BastianJuanCarlos-thumbnail3.jpg","type":"image\/jpeg"}],"author":"Karen Betournay","twitter_card":"summary_large_image","twitter_creator":"@Progeria","twitter_site":"@Progeria","twitter_misc":{"Written by":"Karen Betournay","Est. reading time":"1 minuto"},"schema":{"@context":"https:\/\/schema.org","@graph":[{"@type":"Article","@id":"https:\/\/www.progeriaresearch.org\/ta\/2025\/09\/25\/prfnewsletter2025\/#article","isPartOf":{"@id":"https:\/\/www.progeriaresearch.org\/ta\/2025\/09\/25\/prfnewsletter2025\/"},"author":{"name":"Karen Betournay","@id":"https:\/\/www.progeriaresearch.org\/ta\/#\/schema\/person\/2be6cec85c11aaef7a7602636c5b9946"},"headline":"Get PRF&#8217;s 2025 Newletter here!","datePublished":"2025-09-25T14:03:03+00:00","dateModified":"2025-09-25T16:48:46+00:00","mainEntityOfPage":{"@id":"https:\/\/www.progeriaresearch.org\/ta\/2025\/09\/25\/prfnewsletter2025\/"},"wordCount":376,"publisher":{"@id":"https:\/\/www.progeriaresearch.org\/ta\/#organization"},"image":{"@id":"https:\/\/www.progeriaresearch.org\/ta\/2025\/09\/25\/prfnewsletter2025\/#primaryimage"},"thumbnailUrl":"https:\/\/www.progeriaresearch.org\/wp-content\/uploads\/2025\/09\/BastianJuanCarlos-thumbnail3.jpg","articleSection":["Homepage News","News","Uncategorized"],"inLanguage":"es"},{"@type":"WebPage","@id":"https:\/\/www.progeriaresearch.org\/ta\/2025\/09\/25\/prfnewsletter2025\/","url":"https:\/\/www.progeriaresearch.org\/ta\/2025\/09\/25\/prfnewsletter2025\/","name":"Bolet\u00edn informativo 2025 | Fundaci\u00f3n para la Investigaci\u00f3n de la Progeria","isPartOf":{"@id":"https:\/\/www.progeriaresearch.org\/ta\/#website"},"primaryImageOfPage":{"@id":"https:\/\/www.progeriaresearch.org\/ta\/2025\/09\/25\/prfnewsletter2025\/#primaryimage"},"image":{"@id":"https:\/\/www.progeriaresearch.org\/ta\/2025\/09\/25\/prfnewsletter2025\/#primaryimage"},"thumbnailUrl":"https:\/\/www.progeriaresearch.org\/wp-content\/uploads\/2025\/09\/BastianJuanCarlos-thumbnail3.jpg","datePublished":"2025-09-25T14:03:03+00:00","dateModified":"2025-09-25T16:48:46+00:00","breadcrumb":{"@id":"https:\/\/www.progeriaresearch.org\/ta\/2025\/09\/25\/prfnewsletter2025\/#breadcrumb"},"inLanguage":"es","potentialAction":[{"@type":"ReadAction","target":["https:\/\/www.progeriaresearch.org\/ta\/2025\/09\/25\/prfnewsletter2025\/"]}]},{"@type":"ImageObject","inLanguage":"es","@id":"https:\/\/www.progeriaresearch.org\/ta\/2025\/09\/25\/prfnewsletter2025\/#primaryimage","url":"https:\/\/www.progeriaresearch.org\/wp-content\/uploads\/2025\/09\/BastianJuanCarlos-thumbnail3.jpg","contentUrl":"https:\/\/www.progeriaresearch.org\/wp-content\/uploads\/2025\/09\/BastianJuanCarlos-thumbnail3.jpg","width":1500,"height":1500},{"@type":"BreadcrumbList","@id":"https:\/\/www.progeriaresearch.org\/ta\/2025\/09\/25\/prfnewsletter2025\/#breadcrumb","itemListElement":[{"@type":"ListItem","position":1,"name":"Home","item":"https:\/\/www.progeriaresearch.org\/"},{"@type":"ListItem","position":2,"name":"Get PRF&#8217;s 2025 Newletter here!"}]},{"@type":"WebSite","@id":"https:\/\/www.progeriaresearch.org\/ta\/#website","url":"https:\/\/www.progeriaresearch.org\/ta\/","name":"La Fundaci\u00f3n para la Investigaci\u00f3n de la Progeria","description":"Por los ni\u00f1os \u2665 Por la cura","publisher":{"@id":"https:\/\/www.progeriaresearch.org\/ta\/#organization"},"potentialAction":[{"@type":"SearchAction","target":{"@type":"EntryPoint","urlTemplate":"https:\/\/www.progeriaresearch.org\/ta\/?s={search_term_string}"},"query-input":{"@type":"PropertyValueSpecification","valueRequired":true,"valueName":"search_term_string"}}],"inLanguage":"es"},{"@type":"Organization","@id":"https:\/\/www.progeriaresearch.org\/ta\/#organization","name":"La Fundaci\u00f3n para la Investigaci\u00f3n de la Progeria","url":"https:\/\/www.progeriaresearch.org\/ta\/","logo":{"@type":"ImageObject","inLanguage":"es","@id":"https:\/\/www.progeriaresearch.org\/ta\/#\/schema\/logo\/image\/","url":"https:\/\/www.progeriaresearch.org\/wp-content\/uploads\/2019\/05\/PRF_Logo_2019_optimized.png","contentUrl":"https:\/\/www.progeriaresearch.org\/wp-content\/uploads\/2019\/05\/PRF_Logo_2019_optimized.png","width":300,"height":86,"caption":"The Progeria Research Foundation"},"image":{"@id":"https:\/\/www.progeriaresearch.org\/ta\/#\/schema\/logo\/image\/"},"sameAs":["https:\/\/www.facebook.com\/ProgeriaResearch\/","https:\/\/x.com\/Progeria","https:\/\/www.instagram.com\/progeriaresearch\/"]},{"@type":"Person","@id":"https:\/\/www.progeriaresearch.org\/ta\/#\/schema\/person\/2be6cec85c11aaef7a7602636c5b9946","name":"Karen Betournay","image":{"@type":"ImageObject","inLanguage":"es","@id":"https:\/\/www.progeriaresearch.org\/ta\/#\/schema\/person\/image\/","url":"https:\/\/secure.gravatar.com\/avatar\/78c0520933a7d708c5e1a5788ec6799d5e2ad6a2a6d4ff2ca1e512861d12f533?s=96&d=mm&r=g","contentUrl":"https:\/\/secure.gravatar.com\/avatar\/78c0520933a7d708c5e1a5788ec6799d5e2ad6a2a6d4ff2ca1e512861d12f533?s=96&d=mm&r=g","caption":"Karen Betournay"},"url":"https:\/\/www.progeriaresearch.org\/es\/author\/karenb\/"}]}},"_links":{"self":[{"href":"https:\/\/www.progeriaresearch.org\/es\/wp-json\/wp\/v2\/posts\/21057","targetHints":{"allow":["GET"]}}],"collection":[{"href":"https:\/\/www.progeriaresearch.org\/es\/wp-json\/wp\/v2\/posts"}],"about":[{"href":"https:\/\/www.progeriaresearch.org\/es\/wp-json\/wp\/v2\/types\/post"}],"author":[{"embeddable":true,"href":"https:\/\/www.progeriaresearch.org\/es\/wp-json\/wp\/v2\/users\/2"}],"replies":[{"embeddable":true,"href":"https:\/\/www.progeriaresearch.org\/es\/wp-json\/wp\/v2\/comments?post=21057"}],"version-history":[{"count":0,"href":"https:\/\/www.progeriaresearch.org\/es\/wp-json\/wp\/v2\/posts\/21057\/revisions"}],"wp:featuredmedia":[{"embeddable":true,"href":"https:\/\/www.progeriaresearch.org\/es\/wp-json\/wp\/v2\/media\/21093"}],"wp:attachment":[{"href":"https:\/\/www.progeriaresearch.org\/es\/wp-json\/wp\/v2\/media?parent=21057"}],"wp:term":[{"taxonomy":"category","embeddable":true,"href":"https:\/\/www.progeriaresearch.org\/es\/wp-json\/wp\/v2\/categories?post=21057"},{"taxonomy":"post_tag","embeddable":true,"href":"https:\/\/www.progeriaresearch.org\/es\/wp-json\/wp\/v2\/tags?post=21057"}],"curies":[{"name":"gracias","href":"https:\/\/api.w.org\/{rel}","templated":true}]}}