{"id":2125,"date":"2006-07-18T20:37:41","date_gmt":"2006-07-18T20:37:41","guid":{"rendered":"https:\/\/www.progeriaresearch.org\/?p=2125"},"modified":"2020-12-09T15:56:01","modified_gmt":"2020-12-09T20:56:01","slug":"famous-actor-couple-join-the-fight-against-progeria","status":"publish","type":"post","link":"https:\/\/www.progeriaresearch.org\/es\/2006\/07\/18\/famous-actor-couple-join-the-fight-against-progeria\/","title":{"rendered":"Una pareja de actores famosos se une a la lucha contra la progeria"},"content":{"rendered":"<p>[et_pb_section fb_built=\u201d1\u2033 _builder_version=\u201d3.22\u2033][et_pb_row _builder_version=\u201d3.25\u2033 background_size=\u201dinicial\u201d background_position=\u201darriba_izquierda\u201d background_repeat=\u201drepetir\u201d][et_pb_column type=\u201d4_4\u2033 _builder_version=\u201d3.25\u2033 custom_padding=\u201d|||\u201d custom_padding__hover=\u201d|||\u201d][et_pb_text _builder_version=\u201d4.6.5\u2033 background_size=\u201dinicial\u201d background_position=\u201darriba_izquierda\u201d background_repeat=\u201drepetir\u201d hover_enabled=\u201d0\u2033 sticky_enabled=\u201d0\u2033]<\/p>\n<p>Las reconocibles voces de Ted Danson y Mary Steenburgen aparecen en una campa\u00f1a de servicio p\u00fablico lanzada este verano por PRF. La pareja, que ha sido un orgulloso partidario de la causa desde 2003, presta su tiempo y su talento para ayudar.<\/p>\n<div id=\"secondary-header-content\">\n<div><strong>18 de julio de 2006:<\/strong>\u00a0 Las reconocibles voces de Ted Danson y Mary Steenburgen aparecen en una campa\u00f1a de servicio p\u00fablico lanzada este verano por la Fundaci\u00f3n para la Investigaci\u00f3n de la Progeria. Orgullosos partidarios de la PRF desde 2003, la pareja presta su tiempo y talento para ayudar a recaudar fondos. <img loading=\"lazy\" decoding=\"async\" src=\"https:\/\/web.archive.org\/web\/20170218073704im_\/https:\/\/www.progeriaresearch.org\/assets\/images\/news_images\/Progeria_Ad_BW_2.25x5.jpg\" alt=\"\" width=\"162\" height=\"360\" align=\"right\" hspace=\"5\" vspace=\"5\" \/>Concientizar sobre la progeria y resaltar la necesidad de m\u00e1s investigaciones sobre esta enfermedad.<\/div>\n<div>\u00a0<\/div>\n<div><em>Nos sentimos honrados de ser parte de este tremendo esfuerzo para crear conciencia sobre la progeria.<\/em><\/div>\n<div>-Mary Steenburgen y Ted Danson<\/div>\n<div>\u00a0<\/div>\n<div>En s\u00f3lo siete a\u00f1os, la PRF ha hecho much\u00edsimo para ayudar a salvar a estos ni\u00f1os y, en 2003, cumpli\u00f3 la primera parte de su misi\u00f3n al identificar el gen que causa la progeria. Los cient\u00edficos saben ahora que una mayor investigaci\u00f3n en este campo puede ayudarnos a aprender m\u00e1s sobre las enfermedades card\u00edacas en adultos y el proceso de envejecimiento que nos afecta a todos. Estudios recientes tambi\u00e9n han descubierto un medicamento que puede ser una cura para esta devastadora enfermedad y la PRF est\u00e1 trabajando ahora para recaudar fondos para iniciar los ensayos cl\u00ednicos con ni\u00f1os lo antes posible.<\/div>\n<div>\u00a0<\/div>\n<div>El anuncio de servicio p\u00fablico est\u00e1 narrado por Ted Danson y Mary Steenburgen, y presenta im\u00e1genes de varios ni\u00f1os con progeria.<\/div>\n<div>\u00a0<\/div>\n<div>\u00a0<\/div>\n<div>\u00a0<\/div>\n<\/div>\n<p>[\/et_pb_text][\/et_pb_column][\/et_pb_row][\/et_pb_section]<\/p>","protected":false},"excerpt":{"rendered":"<p>[et_pb_section fb_built=&#8221;1&#8243; _builder_version=&#8221;3.22&#8243;][et_pb_row _builder_version=&#8221;3.25&#8243; background_size=&#8221;initial&#8221; background_position=&#8221;top_left&#8221; background_repeat=&#8221;repeat&#8221;][et_pb_column type=&#8221;4_4&#8243; _builder_version=&#8221;3.25&#8243; custom_padding=&#8221;|||&#8221; custom_padding__hover=&#8221;|||&#8221;][et_pb_text _builder_version=&#8221;4.6.5&#8243; background_size=&#8221;initial&#8221; background_position=&#8221;top_left&#8221; background_repeat=&#8221;repeat&#8221; hover_enabled=&#8221;0&#8243; sticky_enabled=&#8221;0&#8243;] The recognizable voices of Ted Danson and Mary Steenburgen are featured in a public service campaign launched this summer by PRF. Proud supporters since 2003, the couple lend their time and talent to help. July 18, 2006:\u00a0 The [&hellip;]<\/p>","protected":false},"author":1,"featured_media":0,"comment_status":"open","ping_status":"open","sticky":false,"template":"","format":"standard","meta":{"_et_pb_use_builder":"on","_et_pb_old_content":"<p>[vc_custom_heading text=\"Famous Actor Couple Join the Fight Against Progeria\" font_container=\"tag:h1|text_align:left\" use_theme_fonts=\"yes\"]<\/p><div id=\"secondary-header-content\"><p>The recognizable voices of Ted Danson and Mary Steenburgen are featured in a public service campaign launched this summer by PRF. Proud supporters since 2003, the couple lend their time and talent to help.<\/p><div><strong>July 18, 2006:<\/strong>\u00a0 The recognizable voices of Ted Danson and Mary Steenburgen are featured in a public service campaign launched this\u00a0summer by The Progeria Research Foundation.\u00a0Proud supporters of PRF since 2003, the couple lend their time and talent to help raise <img src=\"https:\/\/web.archive.org\/web\/20170218073704im_\/https:\/\/www.progeriaresearch.org\/assets\/images\/news_images\/Progeria_Ad_BW_2.25x5.jpg\" alt=\"\" width=\"162\" height=\"360\" align=\"right\" hspace=\"5\" vspace=\"5\" \/>awareness of Progeria and highlight the need for more research of this disease.<\/div><div>\u00a0<\/div><div><em>We are honored to be a part of this tremendous effort to raise awareness about Progeria.<\/em><\/div><div>-Mary Steenburgen and Ted Danson<\/div><div>\u00a0<\/div><div>In just seven years, PRF has done a tremendous amount to help save these children, and in 2003, accomplished the first part of its mission by identifying the gene that causes Progeria.\u00a0Scientists now know that further research in this field can help us learn more about adult heart disease and the aging process that affects us all.\u00a0Recent studies have alsouncovered a drug that may be a cure for this devastating disease, and PRF is now working to raise funds to start children in clinical trials as quickly as possible.<\/div><div>\u00a0<\/div><div>The public\u00a0service announcement is narrated by\u00a0Ted\u00a0Danson and Mary Steenburgen, and features images of several children with Progeria.<\/div><div>\u00a0<\/div><div>\u00a0<\/div><div><strong>\u00a0<\/strong><\/div><div><hr \/><\/div><h1>\u00a0<\/h1><h1>November 2006: PRF gets Ad Council endorsement, PSA airing in Times Square<\/h1><p>\u00a0<\/p><div><p><img src=\"https:\/\/web.archive.org\/web\/20170218073704im_\/https:\/\/www.progeriaresearch.org\/assets\/images\/news_images\/times-square.jpg\" alt=\"\" width=\"132\" height=\"200\" align=\"left\" hspace=\"5\" vspace=\"4\" \/>What a thrill to have The Progeria Research Foundation\u2019s Public Service Announcement (PSA) air on the Astrovision in New York City\u2019s Times Square twice an hour, every hour during the month of November! And the timing is terrific, too, as Times Square attracts huge holiday shopping crowds in November.<\/p><p>And the awareness of PRF\u2019s work continues to grow with the PSA\u2019s backing by the Ad Council, a highly respected organization whose endorsement is considered the \"seal of approval\" for PSA campaigns. This is another fantastic opportunity for increased exposure for PRF, which will be featured in the Ad Council's November\/December PSA Bulletin, distributed to PSA directors at 18,000 media outlets nationwide.<\/p><p>Many thanks to <strong>Spectrum Science Communications<\/strong> for their continuing, successful efforts to raise awareness of Progeria and the important work of The Progeria Research Foundation.<\/p><\/div><\/div>","_et_gb_content_width":"","footnotes":"","_links_to":"","_links_to_target":""},"categories":[2],"tags":[],"class_list":["post-2125","post","type-post","status-publish","format-standard","hentry","category-news"],"yoast_head":"<!-- This site is optimized with the Yoast SEO plugin v26.8 - https:\/\/yoast.com\/product\/yoast-seo-wordpress\/ -->\n<title>Famous Actor Couple Join the Fight Against Progeria - The Progeria Research Foundation<\/title>\n<meta name=\"robots\" content=\"index, follow, max-snippet:-1, max-image-preview:large, max-video-preview:-1\" \/>\n<link rel=\"canonical\" href=\"https:\/\/www.progeriaresearch.org\/es\/2006\/07\/18\/famous-actor-couple-join-the-fight-against-progeria\/\" \/>\n<meta property=\"og:locale\" content=\"es_ES\" \/>\n<meta property=\"og:type\" content=\"article\" \/>\n<meta property=\"og:title\" content=\"Famous Actor Couple Join the Fight Against Progeria - The Progeria Research Foundation\" \/>\n<meta property=\"og:description\" content=\"[et_pb_section fb_built=&#8221;1&#8243; _builder_version=&#8221;3.22&#8243;][et_pb_row _builder_version=&#8221;3.25&#8243; background_size=&#8221;initial&#8221; background_position=&#8221;top_left&#8221; background_repeat=&#8221;repeat&#8221;][et_pb_column type=&#8221;4_4&#8243; _builder_version=&#8221;3.25&#8243; custom_padding=&#8221;|||&#8221; custom_padding__hover=&#8221;|||&#8221;][et_pb_text _builder_version=&#8221;4.6.5&#8243; background_size=&#8221;initial&#8221; background_position=&#8221;top_left&#8221; background_repeat=&#8221;repeat&#8221; hover_enabled=&#8221;0&#8243; sticky_enabled=&#8221;0&#8243;] The recognizable voices of Ted Danson and Mary Steenburgen are featured in a public service campaign launched this summer by PRF. Proud supporters since 2003, the couple lend their time and talent to help. July 18, 2006:\u00a0 The [&hellip;]\" \/>\n<meta property=\"og:url\" content=\"https:\/\/www.progeriaresearch.org\/es\/2006\/07\/18\/famous-actor-couple-join-the-fight-against-progeria\/\" \/>\n<meta property=\"og:site_name\" content=\"The Progeria Research Foundation\" \/>\n<meta property=\"article:publisher\" content=\"https:\/\/www.facebook.com\/ProgeriaResearch\/\" \/>\n<meta property=\"article:published_time\" content=\"2006-07-18T20:37:41+00:00\" \/>\n<meta property=\"article:modified_time\" content=\"2020-12-09T20:56:01+00:00\" \/>\n<meta property=\"og:image\" content=\"https:\/\/web.archive.org\/web\/20170218073704im_\/https:\/\/www.progeriaresearch.org\/assets\/images\/news_images\/Progeria_Ad_BW_2.25x5.jpg\" \/>\n<meta name=\"author\" content=\"gravoc\" \/>\n<meta name=\"twitter:card\" content=\"summary_large_image\" \/>\n<meta name=\"twitter:creator\" content=\"@Progeria\" \/>\n<meta name=\"twitter:site\" content=\"@Progeria\" \/>\n<meta name=\"twitter:label1\" content=\"Written by\" \/>\n\t<meta name=\"twitter:data1\" content=\"gravoc\" \/>\n\t<meta name=\"twitter:label2\" content=\"Est. reading time\" \/>\n\t<meta name=\"twitter:data2\" content=\"1 minuto\" \/>\n<script type=\"application\/ld+json\" class=\"yoast-schema-graph\">{\"@context\":\"https:\/\/schema.org\",\"@graph\":[{\"@type\":\"Article\",\"@id\":\"https:\/\/www.progeriaresearch.org\/ta\/2006\/07\/18\/famous-actor-couple-join-the-fight-against-progeria\/#article\",\"isPartOf\":{\"@id\":\"https:\/\/www.progeriaresearch.org\/ta\/2006\/07\/18\/famous-actor-couple-join-the-fight-against-progeria\/\"},\"author\":{\"name\":\"gravoc\",\"@id\":\"https:\/\/www.progeriaresearch.org\/ta\/#\/schema\/person\/a3c935a81e92242c6a77ae0018542928\"},\"headline\":\"Famous Actor Couple Join the Fight Against Progeria\",\"datePublished\":\"2006-07-18T20:37:41+00:00\",\"dateModified\":\"2020-12-09T20:56:01+00:00\",\"mainEntityOfPage\":{\"@id\":\"https:\/\/www.progeriaresearch.org\/ta\/2006\/07\/18\/famous-actor-couple-join-the-fight-against-progeria\/\"},\"wordCount\":289,\"commentCount\":0,\"publisher\":{\"@id\":\"https:\/\/www.progeriaresearch.org\/ta\/#organization\"},\"image\":{\"@id\":\"https:\/\/www.progeriaresearch.org\/ta\/2006\/07\/18\/famous-actor-couple-join-the-fight-against-progeria\/#primaryimage\"},\"thumbnailUrl\":\"https:\/\/web.archive.org\/web\/20170218073704im_\/https:\/\/www.progeriaresearch.org\/assets\/images\/news_images\/Progeria_Ad_BW_2.25x5.jpg\",\"articleSection\":[\"News\"],\"inLanguage\":\"es\",\"potentialAction\":[{\"@type\":\"CommentAction\",\"name\":\"Comment\",\"target\":[\"https:\/\/www.progeriaresearch.org\/ta\/2006\/07\/18\/famous-actor-couple-join-the-fight-against-progeria\/#respond\"]}]},{\"@type\":\"WebPage\",\"@id\":\"https:\/\/www.progeriaresearch.org\/ta\/2006\/07\/18\/famous-actor-couple-join-the-fight-against-progeria\/\",\"url\":\"https:\/\/www.progeriaresearch.org\/ta\/2006\/07\/18\/famous-actor-couple-join-the-fight-against-progeria\/\",\"name\":\"Famous Actor Couple Join the Fight Against Progeria - The Progeria Research Foundation\",\"isPartOf\":{\"@id\":\"https:\/\/www.progeriaresearch.org\/ta\/#website\"},\"primaryImageOfPage\":{\"@id\":\"https:\/\/www.progeriaresearch.org\/ta\/2006\/07\/18\/famous-actor-couple-join-the-fight-against-progeria\/#primaryimage\"},\"image\":{\"@id\":\"https:\/\/www.progeriaresearch.org\/ta\/2006\/07\/18\/famous-actor-couple-join-the-fight-against-progeria\/#primaryimage\"},\"thumbnailUrl\":\"https:\/\/web.archive.org\/web\/20170218073704im_\/https:\/\/www.progeriaresearch.org\/assets\/images\/news_images\/Progeria_Ad_BW_2.25x5.jpg\",\"datePublished\":\"2006-07-18T20:37:41+00:00\",\"dateModified\":\"2020-12-09T20:56:01+00:00\",\"breadcrumb\":{\"@id\":\"https:\/\/www.progeriaresearch.org\/ta\/2006\/07\/18\/famous-actor-couple-join-the-fight-against-progeria\/#breadcrumb\"},\"inLanguage\":\"es\",\"potentialAction\":[{\"@type\":\"ReadAction\",\"target\":[\"https:\/\/www.progeriaresearch.org\/ta\/2006\/07\/18\/famous-actor-couple-join-the-fight-against-progeria\/\"]}]},{\"@type\":\"ImageObject\",\"inLanguage\":\"es\",\"@id\":\"https:\/\/www.progeriaresearch.org\/ta\/2006\/07\/18\/famous-actor-couple-join-the-fight-against-progeria\/#primaryimage\",\"url\":\"https:\/\/web.archive.org\/web\/20170218073704im_\/https:\/\/www.progeriaresearch.org\/assets\/images\/news_images\/Progeria_Ad_BW_2.25x5.jpg\",\"contentUrl\":\"https:\/\/web.archive.org\/web\/20170218073704im_\/https:\/\/www.progeriaresearch.org\/assets\/images\/news_images\/Progeria_Ad_BW_2.25x5.jpg\"},{\"@type\":\"BreadcrumbList\",\"@id\":\"https:\/\/www.progeriaresearch.org\/ta\/2006\/07\/18\/famous-actor-couple-join-the-fight-against-progeria\/#breadcrumb\",\"itemListElement\":[{\"@type\":\"ListItem\",\"position\":1,\"name\":\"Home\",\"item\":\"https:\/\/www.progeriaresearch.org\/\"},{\"@type\":\"ListItem\",\"position\":2,\"name\":\"Famous Actor Couple Join the Fight Against Progeria\"}]},{\"@type\":\"WebSite\",\"@id\":\"https:\/\/www.progeriaresearch.org\/ta\/#website\",\"url\":\"https:\/\/www.progeriaresearch.org\/ta\/\",\"name\":\"The Progeria Research Foundation\",\"description\":\"For the Children \u2665 For the Cure\",\"publisher\":{\"@id\":\"https:\/\/www.progeriaresearch.org\/ta\/#organization\"},\"potentialAction\":[{\"@type\":\"SearchAction\",\"target\":{\"@type\":\"EntryPoint\",\"urlTemplate\":\"https:\/\/www.progeriaresearch.org\/ta\/?s={search_term_string}\"},\"query-input\":{\"@type\":\"PropertyValueSpecification\",\"valueRequired\":true,\"valueName\":\"search_term_string\"}}],\"inLanguage\":\"es\"},{\"@type\":\"Organization\",\"@id\":\"https:\/\/www.progeriaresearch.org\/ta\/#organization\",\"name\":\"The Progeria Research Foundation\",\"url\":\"https:\/\/www.progeriaresearch.org\/ta\/\",\"logo\":{\"@type\":\"ImageObject\",\"inLanguage\":\"es\",\"@id\":\"https:\/\/www.progeriaresearch.org\/ta\/#\/schema\/logo\/image\/\",\"url\":\"https:\/\/www.progeriaresearch.org\/wp-content\/uploads\/2019\/05\/PRF_Logo_2019_optimized.png\",\"contentUrl\":\"https:\/\/www.progeriaresearch.org\/wp-content\/uploads\/2019\/05\/PRF_Logo_2019_optimized.png\",\"width\":300,\"height\":86,\"caption\":\"The Progeria Research Foundation\"},\"image\":{\"@id\":\"https:\/\/www.progeriaresearch.org\/ta\/#\/schema\/logo\/image\/\"},\"sameAs\":[\"https:\/\/www.facebook.com\/ProgeriaResearch\/\",\"https:\/\/x.com\/Progeria\",\"https:\/\/www.instagram.com\/progeriaresearch\/\"]},{\"@type\":\"Person\",\"@id\":\"https:\/\/www.progeriaresearch.org\/ta\/#\/schema\/person\/a3c935a81e92242c6a77ae0018542928\",\"name\":\"gravoc\",\"image\":{\"@type\":\"ImageObject\",\"inLanguage\":\"es\",\"@id\":\"https:\/\/www.progeriaresearch.org\/ta\/#\/schema\/person\/image\/\",\"url\":\"https:\/\/secure.gravatar.com\/avatar\/cee2d206466fdbfc70635d168190f07f615d6e9c97c316eb6a88b5b563efdd7b?s=96&d=mm&r=g\",\"contentUrl\":\"https:\/\/secure.gravatar.com\/avatar\/cee2d206466fdbfc70635d168190f07f615d6e9c97c316eb6a88b5b563efdd7b?s=96&d=mm&r=g\",\"caption\":\"gravoc\"},\"url\":\"https:\/\/www.progeriaresearch.org\/es\/author\/gravoc\/\"}]}<\/script>\n<!-- \/ Yoast SEO plugin. -->","yoast_head_json":{"title":"Famous Actor Couple Join the Fight Against Progeria - The Progeria Research Foundation","robots":{"index":"index","follow":"follow","max-snippet":"max-snippet:-1","max-image-preview":"max-image-preview:large","max-video-preview":"max-video-preview:-1"},"canonical":"https:\/\/www.progeriaresearch.org\/es\/2006\/07\/18\/famous-actor-couple-join-the-fight-against-progeria\/","og_locale":"es_ES","og_type":"article","og_title":"Famous Actor Couple Join the Fight Against Progeria - The Progeria Research Foundation","og_description":"[et_pb_section fb_built=&#8221;1&#8243; _builder_version=&#8221;3.22&#8243;][et_pb_row _builder_version=&#8221;3.25&#8243; background_size=&#8221;initial&#8221; background_position=&#8221;top_left&#8221; background_repeat=&#8221;repeat&#8221;][et_pb_column type=&#8221;4_4&#8243; _builder_version=&#8221;3.25&#8243; custom_padding=&#8221;|||&#8221; custom_padding__hover=&#8221;|||&#8221;][et_pb_text _builder_version=&#8221;4.6.5&#8243; background_size=&#8221;initial&#8221; background_position=&#8221;top_left&#8221; background_repeat=&#8221;repeat&#8221; hover_enabled=&#8221;0&#8243; sticky_enabled=&#8221;0&#8243;] The recognizable voices of Ted Danson and Mary Steenburgen are featured in a public service campaign launched this summer by PRF. Proud supporters since 2003, the couple lend their time and talent to help. July 18, 2006:\u00a0 The [&hellip;]","og_url":"https:\/\/www.progeriaresearch.org\/es\/2006\/07\/18\/famous-actor-couple-join-the-fight-against-progeria\/","og_site_name":"The Progeria Research Foundation","article_publisher":"https:\/\/www.facebook.com\/ProgeriaResearch\/","article_published_time":"2006-07-18T20:37:41+00:00","article_modified_time":"2020-12-09T20:56:01+00:00","og_image":[{"url":"https:\/\/web.archive.org\/web\/20170218073704im_\/https:\/\/www.progeriaresearch.org\/assets\/images\/news_images\/Progeria_Ad_BW_2.25x5.jpg","type":"","width":"","height":""}],"author":"gravoc","twitter_card":"summary_large_image","twitter_creator":"@Progeria","twitter_site":"@Progeria","twitter_misc":{"Written by":"gravoc","Est. reading time":"1 minuto"},"schema":{"@context":"https:\/\/schema.org","@graph":[{"@type":"Article","@id":"https:\/\/www.progeriaresearch.org\/ta\/2006\/07\/18\/famous-actor-couple-join-the-fight-against-progeria\/#article","isPartOf":{"@id":"https:\/\/www.progeriaresearch.org\/ta\/2006\/07\/18\/famous-actor-couple-join-the-fight-against-progeria\/"},"author":{"name":"gravoc","@id":"https:\/\/www.progeriaresearch.org\/ta\/#\/schema\/person\/a3c935a81e92242c6a77ae0018542928"},"headline":"Famous Actor Couple Join the Fight Against Progeria","datePublished":"2006-07-18T20:37:41+00:00","dateModified":"2020-12-09T20:56:01+00:00","mainEntityOfPage":{"@id":"https:\/\/www.progeriaresearch.org\/ta\/2006\/07\/18\/famous-actor-couple-join-the-fight-against-progeria\/"},"wordCount":289,"commentCount":0,"publisher":{"@id":"https:\/\/www.progeriaresearch.org\/ta\/#organization"},"image":{"@id":"https:\/\/www.progeriaresearch.org\/ta\/2006\/07\/18\/famous-actor-couple-join-the-fight-against-progeria\/#primaryimage"},"thumbnailUrl":"https:\/\/web.archive.org\/web\/20170218073704im_\/https:\/\/www.progeriaresearch.org\/assets\/images\/news_images\/Progeria_Ad_BW_2.25x5.jpg","articleSection":["News"],"inLanguage":"es","potentialAction":[{"@type":"CommentAction","name":"Comment","target":["https:\/\/www.progeriaresearch.org\/ta\/2006\/07\/18\/famous-actor-couple-join-the-fight-against-progeria\/#respond"]}]},{"@type":"WebPage","@id":"https:\/\/www.progeriaresearch.org\/ta\/2006\/07\/18\/famous-actor-couple-join-the-fight-against-progeria\/","url":"https:\/\/www.progeriaresearch.org\/ta\/2006\/07\/18\/famous-actor-couple-join-the-fight-against-progeria\/","name":"Famous Actor Couple Join the Fight Against Progeria - The Progeria Research Foundation","isPartOf":{"@id":"https:\/\/www.progeriaresearch.org\/ta\/#website"},"primaryImageOfPage":{"@id":"https:\/\/www.progeriaresearch.org\/ta\/2006\/07\/18\/famous-actor-couple-join-the-fight-against-progeria\/#primaryimage"},"image":{"@id":"https:\/\/www.progeriaresearch.org\/ta\/2006\/07\/18\/famous-actor-couple-join-the-fight-against-progeria\/#primaryimage"},"thumbnailUrl":"https:\/\/web.archive.org\/web\/20170218073704im_\/https:\/\/www.progeriaresearch.org\/assets\/images\/news_images\/Progeria_Ad_BW_2.25x5.jpg","datePublished":"2006-07-18T20:37:41+00:00","dateModified":"2020-12-09T20:56:01+00:00","breadcrumb":{"@id":"https:\/\/www.progeriaresearch.org\/ta\/2006\/07\/18\/famous-actor-couple-join-the-fight-against-progeria\/#breadcrumb"},"inLanguage":"es","potentialAction":[{"@type":"ReadAction","target":["https:\/\/www.progeriaresearch.org\/ta\/2006\/07\/18\/famous-actor-couple-join-the-fight-against-progeria\/"]}]},{"@type":"ImageObject","inLanguage":"es","@id":"https:\/\/www.progeriaresearch.org\/ta\/2006\/07\/18\/famous-actor-couple-join-the-fight-against-progeria\/#primaryimage","url":"https:\/\/web.archive.org\/web\/20170218073704im_\/https:\/\/www.progeriaresearch.org\/assets\/images\/news_images\/Progeria_Ad_BW_2.25x5.jpg","contentUrl":"https:\/\/web.archive.org\/web\/20170218073704im_\/https:\/\/www.progeriaresearch.org\/assets\/images\/news_images\/Progeria_Ad_BW_2.25x5.jpg"},{"@type":"BreadcrumbList","@id":"https:\/\/www.progeriaresearch.org\/ta\/2006\/07\/18\/famous-actor-couple-join-the-fight-against-progeria\/#breadcrumb","itemListElement":[{"@type":"ListItem","position":1,"name":"Home","item":"https:\/\/www.progeriaresearch.org\/"},{"@type":"ListItem","position":2,"name":"Famous Actor Couple Join the Fight Against Progeria"}]},{"@type":"WebSite","@id":"https:\/\/www.progeriaresearch.org\/ta\/#website","url":"https:\/\/www.progeriaresearch.org\/ta\/","name":"La Fundaci\u00f3n para la Investigaci\u00f3n de la Progeria","description":"Por los ni\u00f1os \u2665 Por la cura","publisher":{"@id":"https:\/\/www.progeriaresearch.org\/ta\/#organization"},"potentialAction":[{"@type":"SearchAction","target":{"@type":"EntryPoint","urlTemplate":"https:\/\/www.progeriaresearch.org\/ta\/?s={search_term_string}"},"query-input":{"@type":"PropertyValueSpecification","valueRequired":true,"valueName":"search_term_string"}}],"inLanguage":"es"},{"@type":"Organization","@id":"https:\/\/www.progeriaresearch.org\/ta\/#organization","name":"La Fundaci\u00f3n para la Investigaci\u00f3n de la Progeria","url":"https:\/\/www.progeriaresearch.org\/ta\/","logo":{"@type":"ImageObject","inLanguage":"es","@id":"https:\/\/www.progeriaresearch.org\/ta\/#\/schema\/logo\/image\/","url":"https:\/\/www.progeriaresearch.org\/wp-content\/uploads\/2019\/05\/PRF_Logo_2019_optimized.png","contentUrl":"https:\/\/www.progeriaresearch.org\/wp-content\/uploads\/2019\/05\/PRF_Logo_2019_optimized.png","width":300,"height":86,"caption":"The Progeria Research Foundation"},"image":{"@id":"https:\/\/www.progeriaresearch.org\/ta\/#\/schema\/logo\/image\/"},"sameAs":["https:\/\/www.facebook.com\/ProgeriaResearch\/","https:\/\/x.com\/Progeria","https:\/\/www.instagram.com\/progeriaresearch\/"]},{"@type":"Person","@id":"https:\/\/www.progeriaresearch.org\/ta\/#\/schema\/person\/a3c935a81e92242c6a77ae0018542928","name":"gravac","image":{"@type":"ImageObject","inLanguage":"es","@id":"https:\/\/www.progeriaresearch.org\/ta\/#\/schema\/person\/image\/","url":"https:\/\/secure.gravatar.com\/avatar\/cee2d206466fdbfc70635d168190f07f615d6e9c97c316eb6a88b5b563efdd7b?s=96&d=mm&r=g","contentUrl":"https:\/\/secure.gravatar.com\/avatar\/cee2d206466fdbfc70635d168190f07f615d6e9c97c316eb6a88b5b563efdd7b?s=96&d=mm&r=g","caption":"gravoc"},"url":"https:\/\/www.progeriaresearch.org\/es\/author\/gravoc\/"}]}},"_links":{"self":[{"href":"https:\/\/www.progeriaresearch.org\/es\/wp-json\/wp\/v2\/posts\/2125","targetHints":{"allow":["GET"]}}],"collection":[{"href":"https:\/\/www.progeriaresearch.org\/es\/wp-json\/wp\/v2\/posts"}],"about":[{"href":"https:\/\/www.progeriaresearch.org\/es\/wp-json\/wp\/v2\/types\/post"}],"author":[{"embeddable":true,"href":"https:\/\/www.progeriaresearch.org\/es\/wp-json\/wp\/v2\/users\/1"}],"replies":[{"embeddable":true,"href":"https:\/\/www.progeriaresearch.org\/es\/wp-json\/wp\/v2\/comments?post=2125"}],"version-history":[{"count":0,"href":"https:\/\/www.progeriaresearch.org\/es\/wp-json\/wp\/v2\/posts\/2125\/revisions"}],"wp:attachment":[{"href":"https:\/\/www.progeriaresearch.org\/es\/wp-json\/wp\/v2\/media?parent=2125"}],"wp:term":[{"taxonomy":"category","embeddable":true,"href":"https:\/\/www.progeriaresearch.org\/es\/wp-json\/wp\/v2\/categories?post=2125"},{"taxonomy":"post_tag","embeddable":true,"href":"https:\/\/www.progeriaresearch.org\/es\/wp-json\/wp\/v2\/tags?post=2125"}],"curies":[{"name":"gracias","href":"https:\/\/api.w.org\/{rel}","templated":true}]}}