{"id":2141,"date":"2005-01-30T20:55:49","date_gmt":"2005-01-30T20:55:49","guid":{"rendered":"https:\/\/www.progeriaresearch.org\/?p=2141"},"modified":"2020-12-09T10:19:14","modified_gmt":"2020-12-09T15:19:14","slug":"racing-with-sam","status":"publish","type":"post","link":"https:\/\/www.progeriaresearch.org\/es\/2005\/01\/30\/racing-with-sam\/","title":{"rendered":"Corriendo con Sam"},"content":{"rendered":"<p>[et_pb_section fb_built=\u201d1\u2033 _builder_version=\u201d3.22\u2033][et_pb_row _builder_version=\u201d3.25\u2033 background_size=\u201dinicial\u201d background_position=\u201darriba_izquierda\u201d background_repeat=\u201drepetir\u201d][et_pb_column type=\u201d4_4\u2033 _builder_version=\u201d3.25\u2033 custom_padding=\u201d|||\u201d custom_padding__hover=\u201d|||\u201d][et_pb_text _builder_version=\u201d4.6.5\u2033 background_size=\u201dinicial\u201d background_position=\u201darriba_izquierda\u201d background_repeat=\u201drepetir\u201d hover_enabled=\u201d0\u2033 sticky_enabled=\u201d0\u2033]<\/p>\n<p>El n\u00famero del 30 de enero de la revista New York Times Magazine presenta la conmovedora historia de la directora m\u00e9dica de PRF, la Dra. Leslie Gordon, su esposo, el Dr. Scott Berns, y su hijo Sam. La historia, \u201cRacing with Sam\u201d, destaca los desaf\u00edos que enfrentaron la familia Gordon y Berns al enterarse del diagn\u00f3stico de progeria de Sam.<\/p>\n<div id=\"secondary-header-content\">\n<div id=\"secondary-header-content\">\n<div id=\"secondary-header-content\">\n<p>El n\u00famero del 30 de enero de la<em> Revista del New York Times<\/em> El art\u00edculo presenta la apasionante historia de la directora m\u00e9dica de PRF, la Dra. Leslie Gordon, su esposo, el Dr. Scott Berns, y su hijo Sam. La historia, titulada \u201cRacing with Sam\u201d, destaca los desaf\u00edos que enfrentaron la familia Gordon y Berns al enterarse del diagn\u00f3stico de progeria de Sam. El art\u00edculo tambi\u00e9n relata el \u00e9xito de PRF al poner la enfermedad en el primer plano de las noticias y la comunidad cient\u00edfica, lo que condujo al descubrimiento del gen de la progeria.<\/p>\n<p>\u201cDesde su posici\u00f3n \u00fanica como madre y cient\u00edfica, [Gordon] ha reunido un poderoso grupo de colaboradores para llevar esta rara enfermedad al frente de la agenda de investigaci\u00f3n\u201d.<\/p>\n<p>\u201cTodo el mundo habla de lo r\u00e1pido que vamos\u201d, dijo Gordon\u2026 \u201cpero la verdad es que no vamos lo suficientemente r\u00e1pido\u201d.<\/p>\n<p>Haga clic en el enlace que aparece a continuaci\u00f3n para ver el art\u00edculo completo. Tenga en cuenta que es necesario registrarse gratis por \u00fanica vez para acceder a NYTimes.com.<br \/><a href=\"http:\/\/www.nytimes.com\/2005\/01\/30\/magazine\/racing-with-sam.html\" target=\"_blank\" rel=\"noopener noreferrer\"><strong>https:\/\/www.nytimes.com<\/strong><\/a><\/p>\n<\/div>\n<\/div>\n<\/div>\n<p>[\/et_pb_text][\/et_pb_column][\/et_pb_row][\/et_pb_section]<\/p>","protected":false},"excerpt":{"rendered":"<p>[et_pb_section fb_built=&#8221;1&#8243; _builder_version=&#8221;3.22&#8243;][et_pb_row _builder_version=&#8221;3.25&#8243; background_size=&#8221;initial&#8221; background_position=&#8221;top_left&#8221; background_repeat=&#8221;repeat&#8221;][et_pb_column type=&#8221;4_4&#8243; _builder_version=&#8221;3.25&#8243; custom_padding=&#8221;|||&#8221; custom_padding__hover=&#8221;|||&#8221;][et_pb_text _builder_version=&#8221;4.6.5&#8243; background_size=&#8221;initial&#8221; background_position=&#8221;top_left&#8221; background_repeat=&#8221;repeat&#8221; hover_enabled=&#8221;0&#8243; sticky_enabled=&#8221;0&#8243;] The January 30th issue of the New York Times Magazine features the compelling story of PRF Medical Director Dr. Leslie Gordon, her husband Dr. Scott Berns, and their son Sam. The story, \u201cRacing with Sam,\u201d highlights the challenges [&hellip;]<\/p>","protected":false},"author":1,"featured_media":2043,"comment_status":"open","ping_status":"open","sticky":false,"template":"","format":"standard","meta":{"_et_pb_use_builder":"on","_et_pb_old_content":"<p>The January 30th issue of the New York Times Magazine features the compelling story of PRF Medical Director Dr. Leslie Gordon, her husband Dr. Scott Berns, and their son Sam. The story, \u201cRacing with Sam,\u201d highlights the challenges faced by the Gordon and Berns family upon learning of Sam\u2019s diagnosis of Progeria.<\/p><div id=\"secondary-header-content\"><div id=\"secondary-header-content\"><div id=\"secondary-header-content\"><p>The January 30th issue of the<em> New York Times Magazine<\/em> features the compelling story of PRF Medical Director Dr. Leslie Gordon, her husband Dr. Scott Berns, and their son Sam. The story, \u201cRacing with Sam,\u201d highlights the challenges faced by the Gordon and Berns family upon learning of Sam\u2019s diagnosis of Progeria. The piece also chronicles PRF\u2019s success of bringing the disease into the forefront of the news and the scientific community, leading up to the discovery of the Progeria gene.<\/p><p>\u201cFrom her unique position as both mother and scientist, [Gordon] has assembled a powerful group of collaborators to push this rare disease to the front of the research agenda.\u201d<\/p><p>\u201cEveryone talks about how fast we\u2019re going,\u201d Gordon said \u2026 \u201cbut the truth is, we\u2019re not going fast enough.\u201d<\/p><p>Click on the link below to view the entire article. Please note that a one-time free registration is required to access NYTimes.com.<br \/><a href=\"http:\/\/www.nytimes.com\/2005\/01\/30\/magazine\/racing-with-sam.html\" target=\"_blank\" rel=\"noopener noreferrer\"><strong>https:\/\/www.nytimes.com<\/strong><\/a><\/p><\/div><\/div><\/div>","_et_gb_content_width":"","footnotes":"","_links_to":"","_links_to_target":""},"categories":[2],"tags":[],"class_list":["post-2141","post","type-post","status-publish","format-standard","has-post-thumbnail","hentry","category-news"],"yoast_head":"<!-- This site is optimized with the Yoast SEO plugin v26.8 - https:\/\/yoast.com\/product\/yoast-seo-wordpress\/ -->\n<title>Racing with Sam - The Progeria Research Foundation<\/title>\n<meta name=\"robots\" content=\"index, follow, max-snippet:-1, max-image-preview:large, max-video-preview:-1\" \/>\n<link rel=\"canonical\" href=\"https:\/\/www.progeriaresearch.org\/es\/2005\/01\/30\/racing-with-sam\/\" \/>\n<meta property=\"og:locale\" content=\"es_ES\" \/>\n<meta property=\"og:type\" content=\"article\" \/>\n<meta property=\"og:title\" content=\"Racing with Sam - The Progeria Research Foundation\" \/>\n<meta property=\"og:description\" content=\"[et_pb_section fb_built=&#8221;1&#8243; _builder_version=&#8221;3.22&#8243;][et_pb_row _builder_version=&#8221;3.25&#8243; background_size=&#8221;initial&#8221; background_position=&#8221;top_left&#8221; background_repeat=&#8221;repeat&#8221;][et_pb_column type=&#8221;4_4&#8243; _builder_version=&#8221;3.25&#8243; custom_padding=&#8221;|||&#8221; custom_padding__hover=&#8221;|||&#8221;][et_pb_text _builder_version=&#8221;4.6.5&#8243; background_size=&#8221;initial&#8221; background_position=&#8221;top_left&#8221; background_repeat=&#8221;repeat&#8221; hover_enabled=&#8221;0&#8243; sticky_enabled=&#8221;0&#8243;] The January 30th issue of the New York Times Magazine features the compelling story of PRF Medical Director Dr. Leslie Gordon, her husband Dr. Scott Berns, and their son Sam. The story, \u201cRacing with Sam,\u201d highlights the challenges [&hellip;]\" \/>\n<meta property=\"og:url\" content=\"https:\/\/www.progeriaresearch.org\/es\/2005\/01\/30\/racing-with-sam\/\" \/>\n<meta property=\"og:site_name\" content=\"The Progeria Research Foundation\" \/>\n<meta property=\"article:publisher\" content=\"https:\/\/www.facebook.com\/ProgeriaResearch\/\" \/>\n<meta property=\"article:published_time\" content=\"2005-01-30T20:55:49+00:00\" \/>\n<meta property=\"article:modified_time\" content=\"2020-12-09T15:19:14+00:00\" \/>\n<meta property=\"og:image\" content=\"https:\/\/www.progeriaresearch.org\/wp-content\/uploads\/2011\/05\/1PRFlogo2010_300dpi.jpg\" \/>\n\t<meta property=\"og:image:width\" content=\"400\" \/>\n\t<meta property=\"og:image:height\" content=\"165\" \/>\n\t<meta property=\"og:image:type\" content=\"image\/jpeg\" \/>\n<meta name=\"author\" content=\"gravoc\" \/>\n<meta name=\"twitter:card\" content=\"summary_large_image\" \/>\n<meta name=\"twitter:creator\" content=\"@Progeria\" \/>\n<meta name=\"twitter:site\" content=\"@Progeria\" \/>\n<meta name=\"twitter:label1\" content=\"Written by\" \/>\n\t<meta name=\"twitter:data1\" content=\"gravoc\" \/>\n\t<meta name=\"twitter:label2\" content=\"Est. reading time\" \/>\n\t<meta name=\"twitter:data2\" content=\"1 minuto\" \/>\n<script type=\"application\/ld+json\" class=\"yoast-schema-graph\">{\"@context\":\"https:\/\/schema.org\",\"@graph\":[{\"@type\":\"Article\",\"@id\":\"https:\/\/www.progeriaresearch.org\/hi\/2005\/01\/30\/racing-with-sam\/#article\",\"isPartOf\":{\"@id\":\"https:\/\/www.progeriaresearch.org\/hi\/2005\/01\/30\/racing-with-sam\/\"},\"author\":{\"name\":\"gravoc\",\"@id\":\"https:\/\/www.progeriaresearch.org\/ta\/#\/schema\/person\/a3c935a81e92242c6a77ae0018542928\"},\"headline\":\"Racing with Sam\",\"datePublished\":\"2005-01-30T20:55:49+00:00\",\"dateModified\":\"2020-12-09T15:19:14+00:00\",\"mainEntityOfPage\":{\"@id\":\"https:\/\/www.progeriaresearch.org\/hi\/2005\/01\/30\/racing-with-sam\/\"},\"wordCount\":279,\"commentCount\":0,\"publisher\":{\"@id\":\"https:\/\/www.progeriaresearch.org\/ta\/#organization\"},\"image\":{\"@id\":\"https:\/\/www.progeriaresearch.org\/hi\/2005\/01\/30\/racing-with-sam\/#primaryimage\"},\"thumbnailUrl\":\"https:\/\/www.progeriaresearch.org\/wp-content\/uploads\/2011\/05\/1PRFlogo2010_300dpi.jpg\",\"articleSection\":[\"News\"],\"inLanguage\":\"es\",\"potentialAction\":[{\"@type\":\"CommentAction\",\"name\":\"Comment\",\"target\":[\"https:\/\/www.progeriaresearch.org\/hi\/2005\/01\/30\/racing-with-sam\/#respond\"]}]},{\"@type\":\"WebPage\",\"@id\":\"https:\/\/www.progeriaresearch.org\/hi\/2005\/01\/30\/racing-with-sam\/\",\"url\":\"https:\/\/www.progeriaresearch.org\/hi\/2005\/01\/30\/racing-with-sam\/\",\"name\":\"Racing with Sam - The Progeria Research Foundation\",\"isPartOf\":{\"@id\":\"https:\/\/www.progeriaresearch.org\/ta\/#website\"},\"primaryImageOfPage\":{\"@id\":\"https:\/\/www.progeriaresearch.org\/hi\/2005\/01\/30\/racing-with-sam\/#primaryimage\"},\"image\":{\"@id\":\"https:\/\/www.progeriaresearch.org\/hi\/2005\/01\/30\/racing-with-sam\/#primaryimage\"},\"thumbnailUrl\":\"https:\/\/www.progeriaresearch.org\/wp-content\/uploads\/2011\/05\/1PRFlogo2010_300dpi.jpg\",\"datePublished\":\"2005-01-30T20:55:49+00:00\",\"dateModified\":\"2020-12-09T15:19:14+00:00\",\"breadcrumb\":{\"@id\":\"https:\/\/www.progeriaresearch.org\/hi\/2005\/01\/30\/racing-with-sam\/#breadcrumb\"},\"inLanguage\":\"es\",\"potentialAction\":[{\"@type\":\"ReadAction\",\"target\":[\"https:\/\/www.progeriaresearch.org\/hi\/2005\/01\/30\/racing-with-sam\/\"]}]},{\"@type\":\"ImageObject\",\"inLanguage\":\"es\",\"@id\":\"https:\/\/www.progeriaresearch.org\/hi\/2005\/01\/30\/racing-with-sam\/#primaryimage\",\"url\":\"https:\/\/www.progeriaresearch.org\/wp-content\/uploads\/2011\/05\/1PRFlogo2010_300dpi.jpg\",\"contentUrl\":\"https:\/\/www.progeriaresearch.org\/wp-content\/uploads\/2011\/05\/1PRFlogo2010_300dpi.jpg\",\"width\":400,\"height\":165,\"caption\":\"\"},{\"@type\":\"BreadcrumbList\",\"@id\":\"https:\/\/www.progeriaresearch.org\/hi\/2005\/01\/30\/racing-with-sam\/#breadcrumb\",\"itemListElement\":[{\"@type\":\"ListItem\",\"position\":1,\"name\":\"Home\",\"item\":\"https:\/\/www.progeriaresearch.org\/\"},{\"@type\":\"ListItem\",\"position\":2,\"name\":\"Racing with Sam\"}]},{\"@type\":\"WebSite\",\"@id\":\"https:\/\/www.progeriaresearch.org\/ta\/#website\",\"url\":\"https:\/\/www.progeriaresearch.org\/ta\/\",\"name\":\"The Progeria Research Foundation\",\"description\":\"For the Children \u2665 For the Cure\",\"publisher\":{\"@id\":\"https:\/\/www.progeriaresearch.org\/ta\/#organization\"},\"potentialAction\":[{\"@type\":\"SearchAction\",\"target\":{\"@type\":\"EntryPoint\",\"urlTemplate\":\"https:\/\/www.progeriaresearch.org\/ta\/?s={search_term_string}\"},\"query-input\":{\"@type\":\"PropertyValueSpecification\",\"valueRequired\":true,\"valueName\":\"search_term_string\"}}],\"inLanguage\":\"es\"},{\"@type\":\"Organization\",\"@id\":\"https:\/\/www.progeriaresearch.org\/ta\/#organization\",\"name\":\"The Progeria Research Foundation\",\"url\":\"https:\/\/www.progeriaresearch.org\/ta\/\",\"logo\":{\"@type\":\"ImageObject\",\"inLanguage\":\"es\",\"@id\":\"https:\/\/www.progeriaresearch.org\/ta\/#\/schema\/logo\/image\/\",\"url\":\"https:\/\/www.progeriaresearch.org\/wp-content\/uploads\/2019\/05\/PRF_Logo_2019_optimized.png\",\"contentUrl\":\"https:\/\/www.progeriaresearch.org\/wp-content\/uploads\/2019\/05\/PRF_Logo_2019_optimized.png\",\"width\":300,\"height\":86,\"caption\":\"The Progeria Research Foundation\"},\"image\":{\"@id\":\"https:\/\/www.progeriaresearch.org\/ta\/#\/schema\/logo\/image\/\"},\"sameAs\":[\"https:\/\/www.facebook.com\/ProgeriaResearch\/\",\"https:\/\/x.com\/Progeria\",\"https:\/\/www.instagram.com\/progeriaresearch\/\"]},{\"@type\":\"Person\",\"@id\":\"https:\/\/www.progeriaresearch.org\/ta\/#\/schema\/person\/a3c935a81e92242c6a77ae0018542928\",\"name\":\"gravoc\",\"image\":{\"@type\":\"ImageObject\",\"inLanguage\":\"es\",\"@id\":\"https:\/\/www.progeriaresearch.org\/ta\/#\/schema\/person\/image\/\",\"url\":\"https:\/\/secure.gravatar.com\/avatar\/cee2d206466fdbfc70635d168190f07f615d6e9c97c316eb6a88b5b563efdd7b?s=96&d=mm&r=g\",\"contentUrl\":\"https:\/\/secure.gravatar.com\/avatar\/cee2d206466fdbfc70635d168190f07f615d6e9c97c316eb6a88b5b563efdd7b?s=96&d=mm&r=g\",\"caption\":\"gravoc\"},\"url\":\"https:\/\/www.progeriaresearch.org\/es\/author\/gravoc\/\"}]}<\/script>\n<!-- \/ Yoast SEO plugin. -->","yoast_head_json":{"title":"Racing with Sam - The Progeria Research Foundation","robots":{"index":"index","follow":"follow","max-snippet":"max-snippet:-1","max-image-preview":"max-image-preview:large","max-video-preview":"max-video-preview:-1"},"canonical":"https:\/\/www.progeriaresearch.org\/es\/2005\/01\/30\/racing-with-sam\/","og_locale":"es_ES","og_type":"article","og_title":"Racing with Sam - The Progeria Research Foundation","og_description":"[et_pb_section fb_built=&#8221;1&#8243; _builder_version=&#8221;3.22&#8243;][et_pb_row _builder_version=&#8221;3.25&#8243; background_size=&#8221;initial&#8221; background_position=&#8221;top_left&#8221; background_repeat=&#8221;repeat&#8221;][et_pb_column type=&#8221;4_4&#8243; _builder_version=&#8221;3.25&#8243; custom_padding=&#8221;|||&#8221; custom_padding__hover=&#8221;|||&#8221;][et_pb_text _builder_version=&#8221;4.6.5&#8243; background_size=&#8221;initial&#8221; background_position=&#8221;top_left&#8221; background_repeat=&#8221;repeat&#8221; hover_enabled=&#8221;0&#8243; sticky_enabled=&#8221;0&#8243;] The January 30th issue of the New York Times Magazine features the compelling story of PRF Medical Director Dr. Leslie Gordon, her husband Dr. Scott Berns, and their son Sam. The story, \u201cRacing with Sam,\u201d highlights the challenges [&hellip;]","og_url":"https:\/\/www.progeriaresearch.org\/es\/2005\/01\/30\/racing-with-sam\/","og_site_name":"The Progeria Research Foundation","article_publisher":"https:\/\/www.facebook.com\/ProgeriaResearch\/","article_published_time":"2005-01-30T20:55:49+00:00","article_modified_time":"2020-12-09T15:19:14+00:00","og_image":[{"width":400,"height":165,"url":"https:\/\/www.progeriaresearch.org\/wp-content\/uploads\/2011\/05\/1PRFlogo2010_300dpi.jpg","type":"image\/jpeg"}],"author":"gravoc","twitter_card":"summary_large_image","twitter_creator":"@Progeria","twitter_site":"@Progeria","twitter_misc":{"Written by":"gravoc","Est. reading time":"1 minuto"},"schema":{"@context":"https:\/\/schema.org","@graph":[{"@type":"Article","@id":"https:\/\/www.progeriaresearch.org\/hi\/2005\/01\/30\/racing-with-sam\/#article","isPartOf":{"@id":"https:\/\/www.progeriaresearch.org\/hi\/2005\/01\/30\/racing-with-sam\/"},"author":{"name":"gravoc","@id":"https:\/\/www.progeriaresearch.org\/ta\/#\/schema\/person\/a3c935a81e92242c6a77ae0018542928"},"headline":"Racing with Sam","datePublished":"2005-01-30T20:55:49+00:00","dateModified":"2020-12-09T15:19:14+00:00","mainEntityOfPage":{"@id":"https:\/\/www.progeriaresearch.org\/hi\/2005\/01\/30\/racing-with-sam\/"},"wordCount":279,"commentCount":0,"publisher":{"@id":"https:\/\/www.progeriaresearch.org\/ta\/#organization"},"image":{"@id":"https:\/\/www.progeriaresearch.org\/hi\/2005\/01\/30\/racing-with-sam\/#primaryimage"},"thumbnailUrl":"https:\/\/www.progeriaresearch.org\/wp-content\/uploads\/2011\/05\/1PRFlogo2010_300dpi.jpg","articleSection":["News"],"inLanguage":"es","potentialAction":[{"@type":"CommentAction","name":"Comment","target":["https:\/\/www.progeriaresearch.org\/hi\/2005\/01\/30\/racing-with-sam\/#respond"]}]},{"@type":"WebPage","@id":"https:\/\/www.progeriaresearch.org\/hi\/2005\/01\/30\/racing-with-sam\/","url":"https:\/\/www.progeriaresearch.org\/hi\/2005\/01\/30\/racing-with-sam\/","name":"Racing with Sam - The Progeria Research Foundation","isPartOf":{"@id":"https:\/\/www.progeriaresearch.org\/ta\/#website"},"primaryImageOfPage":{"@id":"https:\/\/www.progeriaresearch.org\/hi\/2005\/01\/30\/racing-with-sam\/#primaryimage"},"image":{"@id":"https:\/\/www.progeriaresearch.org\/hi\/2005\/01\/30\/racing-with-sam\/#primaryimage"},"thumbnailUrl":"https:\/\/www.progeriaresearch.org\/wp-content\/uploads\/2011\/05\/1PRFlogo2010_300dpi.jpg","datePublished":"2005-01-30T20:55:49+00:00","dateModified":"2020-12-09T15:19:14+00:00","breadcrumb":{"@id":"https:\/\/www.progeriaresearch.org\/hi\/2005\/01\/30\/racing-with-sam\/#breadcrumb"},"inLanguage":"es","potentialAction":[{"@type":"ReadAction","target":["https:\/\/www.progeriaresearch.org\/hi\/2005\/01\/30\/racing-with-sam\/"]}]},{"@type":"ImageObject","inLanguage":"es","@id":"https:\/\/www.progeriaresearch.org\/hi\/2005\/01\/30\/racing-with-sam\/#primaryimage","url":"https:\/\/www.progeriaresearch.org\/wp-content\/uploads\/2011\/05\/1PRFlogo2010_300dpi.jpg","contentUrl":"https:\/\/www.progeriaresearch.org\/wp-content\/uploads\/2011\/05\/1PRFlogo2010_300dpi.jpg","width":400,"height":165,"caption":""},{"@type":"BreadcrumbList","@id":"https:\/\/www.progeriaresearch.org\/hi\/2005\/01\/30\/racing-with-sam\/#breadcrumb","itemListElement":[{"@type":"ListItem","position":1,"name":"Home","item":"https:\/\/www.progeriaresearch.org\/"},{"@type":"ListItem","position":2,"name":"Racing with Sam"}]},{"@type":"WebSite","@id":"https:\/\/www.progeriaresearch.org\/ta\/#website","url":"https:\/\/www.progeriaresearch.org\/ta\/","name":"La Fundaci\u00f3n para la Investigaci\u00f3n de la Progeria","description":"Por los ni\u00f1os \u2665 Por la cura","publisher":{"@id":"https:\/\/www.progeriaresearch.org\/ta\/#organization"},"potentialAction":[{"@type":"SearchAction","target":{"@type":"EntryPoint","urlTemplate":"https:\/\/www.progeriaresearch.org\/ta\/?s={search_term_string}"},"query-input":{"@type":"PropertyValueSpecification","valueRequired":true,"valueName":"search_term_string"}}],"inLanguage":"es"},{"@type":"Organization","@id":"https:\/\/www.progeriaresearch.org\/ta\/#organization","name":"La Fundaci\u00f3n para la Investigaci\u00f3n de la Progeria","url":"https:\/\/www.progeriaresearch.org\/ta\/","logo":{"@type":"ImageObject","inLanguage":"es","@id":"https:\/\/www.progeriaresearch.org\/ta\/#\/schema\/logo\/image\/","url":"https:\/\/www.progeriaresearch.org\/wp-content\/uploads\/2019\/05\/PRF_Logo_2019_optimized.png","contentUrl":"https:\/\/www.progeriaresearch.org\/wp-content\/uploads\/2019\/05\/PRF_Logo_2019_optimized.png","width":300,"height":86,"caption":"The Progeria Research Foundation"},"image":{"@id":"https:\/\/www.progeriaresearch.org\/ta\/#\/schema\/logo\/image\/"},"sameAs":["https:\/\/www.facebook.com\/ProgeriaResearch\/","https:\/\/x.com\/Progeria","https:\/\/www.instagram.com\/progeriaresearch\/"]},{"@type":"Person","@id":"https:\/\/www.progeriaresearch.org\/ta\/#\/schema\/person\/a3c935a81e92242c6a77ae0018542928","name":"gravac","image":{"@type":"ImageObject","inLanguage":"es","@id":"https:\/\/www.progeriaresearch.org\/ta\/#\/schema\/person\/image\/","url":"https:\/\/secure.gravatar.com\/avatar\/cee2d206466fdbfc70635d168190f07f615d6e9c97c316eb6a88b5b563efdd7b?s=96&d=mm&r=g","contentUrl":"https:\/\/secure.gravatar.com\/avatar\/cee2d206466fdbfc70635d168190f07f615d6e9c97c316eb6a88b5b563efdd7b?s=96&d=mm&r=g","caption":"gravoc"},"url":"https:\/\/www.progeriaresearch.org\/es\/author\/gravoc\/"}]}},"_links":{"self":[{"href":"https:\/\/www.progeriaresearch.org\/es\/wp-json\/wp\/v2\/posts\/2141","targetHints":{"allow":["GET"]}}],"collection":[{"href":"https:\/\/www.progeriaresearch.org\/es\/wp-json\/wp\/v2\/posts"}],"about":[{"href":"https:\/\/www.progeriaresearch.org\/es\/wp-json\/wp\/v2\/types\/post"}],"author":[{"embeddable":true,"href":"https:\/\/www.progeriaresearch.org\/es\/wp-json\/wp\/v2\/users\/1"}],"replies":[{"embeddable":true,"href":"https:\/\/www.progeriaresearch.org\/es\/wp-json\/wp\/v2\/comments?post=2141"}],"version-history":[{"count":0,"href":"https:\/\/www.progeriaresearch.org\/es\/wp-json\/wp\/v2\/posts\/2141\/revisions"}],"wp:featuredmedia":[{"embeddable":true,"href":"https:\/\/www.progeriaresearch.org\/es\/wp-json\/wp\/v2\/media\/2043"}],"wp:attachment":[{"href":"https:\/\/www.progeriaresearch.org\/es\/wp-json\/wp\/v2\/media?parent=2141"}],"wp:term":[{"taxonomy":"category","embeddable":true,"href":"https:\/\/www.progeriaresearch.org\/es\/wp-json\/wp\/v2\/categories?post=2141"},{"taxonomy":"post_tag","embeddable":true,"href":"https:\/\/www.progeriaresearch.org\/es\/wp-json\/wp\/v2\/tags?post=2141"}],"curies":[{"name":"gracias","href":"https:\/\/api.w.org\/{rel}","templated":true}]}}