{"id":2153,"date":"2004-06-23T21:10:29","date_gmt":"2004-06-23T21:10:29","guid":{"rendered":"https:\/\/www.progeriaresearch.org\/?p=2153"},"modified":"2020-12-09T15:24:41","modified_gmt":"2020-12-09T20:24:41","slug":"work-of-the-progeria-research-foundation-highlighted-on-medical-research-website","status":"publish","type":"post","link":"https:\/\/www.progeriaresearch.org\/es\/2004\/06\/23\/work-of-the-progeria-research-foundation-highlighted-on-medical-research-website\/","title":{"rendered":"La labor de la Fundaci\u00f3n para la Investigaci\u00f3n de la Progeria se destaca en un sitio web de investigaci\u00f3n m\u00e9dica"},"content":{"rendered":"<p>[et_pb_section fb_built=\u201d1\u2033 _builder_version=\u201d3.22\u2033][et_pb_row _builder_version=\u201d3.25\u2033 background_size=\u201dinitial\u201d background_position=\u201dsuperior_izquierda\u201d background_repeat=\u201drepetir\u201d][et_pb_column type=\u201d4_4\u2033 _builder_version=\u201d3.25\u2033 custom_padding=\u201d|||\u201d custom_padding__hover=\u201d|||\u201d][et_pb_text _builder_version=\u201d4.6.5\u2033 background_size=\u201dinitial\u201d background_position=\u201dsuperior_izquierda\u201d background_repeat=\u201drepetir\u201d]<\/p>\n<p>La Fundaci\u00f3n para la Investigaci\u00f3n de la Progeria apareci\u00f3 en la edici\u00f3n del 23 de junio de 2004 de SAGE KE, un recurso en l\u00ednea para investigadores que trabajan en el campo del envejecimiento. El art\u00edculo, \u201cCarrera contra el tiempo\u201d, present\u00f3 el viaje de la Fundaci\u00f3n para la Investigaci\u00f3n de la Progeria para impulsar la investigaci\u00f3n detr\u00e1s del descubrimiento del gen de la progeria.<\/p>\n<div id=\"secondary-header-content\">\n<div id=\"secondary-header-content\">\n<div id=\"secondary-header-content\">\n<div id=\"secondary-header-content\">\n<p><em>Extracto de \u201cCarrera contra el tiempo\u201d: <\/em>\u201cGracias a los esfuerzos de la PRF, dice la Dra. Leslie Gordon con una sonrisa orgullosa, cientos de personas est\u00e1n trabajando ahora en favor de los ni\u00f1os que padecen el s\u00edndrome: no creo que uno pueda hacer nada importante solo. Grano a grano, el acervo cient\u00edfico sobre la progeria est\u00e1 creciendo\u201d.<br \/><a href=\"https:\/\/www.sciencemag.org\/careers\/2004\/06\/race-against-time\" target=\"_blank\" rel=\"noopener noreferrer\">Haga clic aqu\u00ed para ver el art\u00edculo completo<\/a><\/p>\n<\/div>\n<\/div>\n<\/div>\n<\/div>\n<p>[\/et_pb_text][\/et_pb_column][\/et_pb_row][\/et_pb_section]<\/p>","protected":false},"excerpt":{"rendered":"<p>[et_pb_section fb_built=&#8221;1&#8243; _builder_version=&#8221;3.22&#8243;][et_pb_row _builder_version=&#8221;3.25&#8243; background_size=&#8221;initial&#8221; background_position=&#8221;top_left&#8221; background_repeat=&#8221;repeat&#8221;][et_pb_column type=&#8221;4_4&#8243; _builder_version=&#8221;3.25&#8243; custom_padding=&#8221;|||&#8221; custom_padding__hover=&#8221;|||&#8221;][et_pb_text _builder_version=&#8221;4.6.5&#8243; background_size=&#8221;initial&#8221; background_position=&#8221;top_left&#8221; background_repeat=&#8221;repeat&#8221;] The Progeria Research Foundation was featured in the June 23, 2004 issue of SAGE KE &#8211; an online resource for researchers who are working in the field of aging.The article, &#8220;Racing Against Time,&#8221; featured The Progeria Research Foundation&#8217;s journey to [&hellip;]<\/p>","protected":false},"author":1,"featured_media":2043,"comment_status":"open","ping_status":"open","sticky":false,"template":"","format":"standard","meta":{"_et_pb_use_builder":"on","_et_pb_old_content":"<p>[vc_custom_heading text=\"Work of The Progeria Research Foundation Highlighted on Medical Research Website\" font_container=\"tag:h1|text_align:left\" use_theme_fonts=\"yes\"]<\/p><div id=\"secondary-header-content\"><div id=\"secondary-header-content\"><div id=\"secondary-header-content\"><div id=\"secondary-header-content\"><p>The Progeria Research Foundation was featured in the June 23, 2004 issue of SAGE KE - an online resource for researchers who are working in the field of aging.The article, \"Racing Against Time,\" featured The Progeria Research Foundation's journey to drive the research behind the Progeria gene discovery.<\/p><p><em>Excerpt from \"Racing Against Time\": <\/em>\"Through PRF's efforts, Dr. Leslie Gordon says with a proud smile, hundreds of people are now working on behalf of children who have the syndrome: I don't think you ever do anything important alone. Grain by grain, the scientific beach of knowledge about Progeria is growing.\"<\/p><p><a href=\"https:\/\/www.progeriaresearch.org\/pdf\/SageKE2004.pdf\"><img src=\"https:\/\/web.archive.org\/web\/20170216041726im_\/https:\/\/www.progeriaresearch.org\/assets\/images\/iconPDF.gif\" alt=\" \" width=\"34\" height=\"20\" align=\"left\" border=\"0\" \/>Click here for the entire article<\/a><\/p><p>*You will need the <a href=\"https:\/\/www.adobe.com\/\">Adobe Acrobat Plugin<\/a> to view and print forms. If you do not have the plug in you can get it here.<\/p><\/div><\/div><\/div><\/div>","_et_gb_content_width":"","footnotes":"","_links_to":"","_links_to_target":""},"categories":[2],"tags":[],"class_list":["post-2153","post","type-post","status-publish","format-standard","has-post-thumbnail","hentry","category-news"],"yoast_head":"<!-- This site is optimized with the Yoast SEO plugin v26.8 - https:\/\/yoast.com\/product\/yoast-seo-wordpress\/ -->\n<title>Work of The Progeria Research Foundation Highlighted on Medical Research Website - The Progeria Research Foundation<\/title>\n<meta name=\"robots\" content=\"index, follow, max-snippet:-1, max-image-preview:large, max-video-preview:-1\" \/>\n<link rel=\"canonical\" href=\"https:\/\/www.progeriaresearch.org\/es\/2004\/06\/23\/work-of-the-progeria-research-foundation-highlighted-on-medical-research-website\/\" \/>\n<meta property=\"og:locale\" content=\"es_ES\" \/>\n<meta property=\"og:type\" content=\"article\" \/>\n<meta property=\"og:title\" content=\"Work of The Progeria Research Foundation Highlighted on Medical Research Website - The Progeria Research Foundation\" \/>\n<meta property=\"og:description\" content=\"[et_pb_section fb_built=&#8221;1&#8243; _builder_version=&#8221;3.22&#8243;][et_pb_row _builder_version=&#8221;3.25&#8243; background_size=&#8221;initial&#8221; background_position=&#8221;top_left&#8221; background_repeat=&#8221;repeat&#8221;][et_pb_column type=&#8221;4_4&#8243; _builder_version=&#8221;3.25&#8243; custom_padding=&#8221;|||&#8221; custom_padding__hover=&#8221;|||&#8221;][et_pb_text _builder_version=&#8221;4.6.5&#8243; background_size=&#8221;initial&#8221; background_position=&#8221;top_left&#8221; background_repeat=&#8221;repeat&#8221;] The Progeria Research Foundation was featured in the June 23, 2004 issue of SAGE KE &#8211; an online resource for researchers who are working in the field of aging.The article, &#8220;Racing Against Time,&#8221; featured The Progeria Research Foundation&#8217;s journey to [&hellip;]\" \/>\n<meta property=\"og:url\" content=\"https:\/\/www.progeriaresearch.org\/es\/2004\/06\/23\/work-of-the-progeria-research-foundation-highlighted-on-medical-research-website\/\" \/>\n<meta property=\"og:site_name\" content=\"The Progeria Research Foundation\" \/>\n<meta property=\"article:publisher\" content=\"https:\/\/www.facebook.com\/ProgeriaResearch\/\" \/>\n<meta property=\"article:published_time\" content=\"2004-06-23T21:10:29+00:00\" \/>\n<meta property=\"article:modified_time\" content=\"2020-12-09T20:24:41+00:00\" \/>\n<meta property=\"og:image\" content=\"https:\/\/www.progeriaresearch.org\/wp-content\/uploads\/2011\/05\/1PRFlogo2010_300dpi.jpg\" \/>\n\t<meta property=\"og:image:width\" content=\"400\" \/>\n\t<meta property=\"og:image:height\" content=\"165\" \/>\n\t<meta property=\"og:image:type\" content=\"image\/jpeg\" \/>\n<meta name=\"author\" content=\"gravoc\" \/>\n<meta name=\"twitter:card\" content=\"summary_large_image\" \/>\n<meta name=\"twitter:creator\" content=\"@Progeria\" \/>\n<meta name=\"twitter:site\" content=\"@Progeria\" \/>\n<meta name=\"twitter:label1\" content=\"Written by\" \/>\n\t<meta name=\"twitter:data1\" content=\"gravoc\" \/>\n\t<meta name=\"twitter:label2\" content=\"Est. reading time\" \/>\n\t<meta name=\"twitter:data2\" content=\"1 minuto\" \/>\n<script type=\"application\/ld+json\" class=\"yoast-schema-graph\">{\"@context\":\"https:\/\/schema.org\",\"@graph\":[{\"@type\":\"Article\",\"@id\":\"https:\/\/www.progeriaresearch.org\/ps\/2004\/06\/23\/work-of-the-progeria-research-foundation-highlighted-on-medical-research-website\/#article\",\"isPartOf\":{\"@id\":\"https:\/\/www.progeriaresearch.org\/ps\/2004\/06\/23\/work-of-the-progeria-research-foundation-highlighted-on-medical-research-website\/\"},\"author\":{\"name\":\"gravoc\",\"@id\":\"https:\/\/www.progeriaresearch.org\/ta\/#\/schema\/person\/a3c935a81e92242c6a77ae0018542928\"},\"headline\":\"Work of The Progeria Research Foundation Highlighted on Medical Research Website\",\"datePublished\":\"2004-06-23T21:10:29+00:00\",\"dateModified\":\"2020-12-09T20:24:41+00:00\",\"mainEntityOfPage\":{\"@id\":\"https:\/\/www.progeriaresearch.org\/ps\/2004\/06\/23\/work-of-the-progeria-research-foundation-highlighted-on-medical-research-website\/\"},\"wordCount\":178,\"commentCount\":0,\"publisher\":{\"@id\":\"https:\/\/www.progeriaresearch.org\/ta\/#organization\"},\"image\":{\"@id\":\"https:\/\/www.progeriaresearch.org\/ps\/2004\/06\/23\/work-of-the-progeria-research-foundation-highlighted-on-medical-research-website\/#primaryimage\"},\"thumbnailUrl\":\"https:\/\/www.progeriaresearch.org\/wp-content\/uploads\/2011\/05\/1PRFlogo2010_300dpi.jpg\",\"articleSection\":[\"News\"],\"inLanguage\":\"es\",\"potentialAction\":[{\"@type\":\"CommentAction\",\"name\":\"Comment\",\"target\":[\"https:\/\/www.progeriaresearch.org\/ps\/2004\/06\/23\/work-of-the-progeria-research-foundation-highlighted-on-medical-research-website\/#respond\"]}]},{\"@type\":\"WebPage\",\"@id\":\"https:\/\/www.progeriaresearch.org\/ps\/2004\/06\/23\/work-of-the-progeria-research-foundation-highlighted-on-medical-research-website\/\",\"url\":\"https:\/\/www.progeriaresearch.org\/ps\/2004\/06\/23\/work-of-the-progeria-research-foundation-highlighted-on-medical-research-website\/\",\"name\":\"Work of The Progeria Research Foundation Highlighted on Medical Research Website - The Progeria Research Foundation\",\"isPartOf\":{\"@id\":\"https:\/\/www.progeriaresearch.org\/ta\/#website\"},\"primaryImageOfPage\":{\"@id\":\"https:\/\/www.progeriaresearch.org\/ps\/2004\/06\/23\/work-of-the-progeria-research-foundation-highlighted-on-medical-research-website\/#primaryimage\"},\"image\":{\"@id\":\"https:\/\/www.progeriaresearch.org\/ps\/2004\/06\/23\/work-of-the-progeria-research-foundation-highlighted-on-medical-research-website\/#primaryimage\"},\"thumbnailUrl\":\"https:\/\/www.progeriaresearch.org\/wp-content\/uploads\/2011\/05\/1PRFlogo2010_300dpi.jpg\",\"datePublished\":\"2004-06-23T21:10:29+00:00\",\"dateModified\":\"2020-12-09T20:24:41+00:00\",\"breadcrumb\":{\"@id\":\"https:\/\/www.progeriaresearch.org\/ps\/2004\/06\/23\/work-of-the-progeria-research-foundation-highlighted-on-medical-research-website\/#breadcrumb\"},\"inLanguage\":\"es\",\"potentialAction\":[{\"@type\":\"ReadAction\",\"target\":[\"https:\/\/www.progeriaresearch.org\/ps\/2004\/06\/23\/work-of-the-progeria-research-foundation-highlighted-on-medical-research-website\/\"]}]},{\"@type\":\"ImageObject\",\"inLanguage\":\"es\",\"@id\":\"https:\/\/www.progeriaresearch.org\/ps\/2004\/06\/23\/work-of-the-progeria-research-foundation-highlighted-on-medical-research-website\/#primaryimage\",\"url\":\"https:\/\/www.progeriaresearch.org\/wp-content\/uploads\/2011\/05\/1PRFlogo2010_300dpi.jpg\",\"contentUrl\":\"https:\/\/www.progeriaresearch.org\/wp-content\/uploads\/2011\/05\/1PRFlogo2010_300dpi.jpg\",\"width\":400,\"height\":165,\"caption\":\"\"},{\"@type\":\"BreadcrumbList\",\"@id\":\"https:\/\/www.progeriaresearch.org\/ps\/2004\/06\/23\/work-of-the-progeria-research-foundation-highlighted-on-medical-research-website\/#breadcrumb\",\"itemListElement\":[{\"@type\":\"ListItem\",\"position\":1,\"name\":\"Home\",\"item\":\"https:\/\/www.progeriaresearch.org\/\"},{\"@type\":\"ListItem\",\"position\":2,\"name\":\"Work of The Progeria Research Foundation Highlighted on Medical Research Website\"}]},{\"@type\":\"WebSite\",\"@id\":\"https:\/\/www.progeriaresearch.org\/ta\/#website\",\"url\":\"https:\/\/www.progeriaresearch.org\/ta\/\",\"name\":\"The Progeria Research Foundation\",\"description\":\"For the Children \u2665 For the Cure\",\"publisher\":{\"@id\":\"https:\/\/www.progeriaresearch.org\/ta\/#organization\"},\"potentialAction\":[{\"@type\":\"SearchAction\",\"target\":{\"@type\":\"EntryPoint\",\"urlTemplate\":\"https:\/\/www.progeriaresearch.org\/ta\/?s={search_term_string}\"},\"query-input\":{\"@type\":\"PropertyValueSpecification\",\"valueRequired\":true,\"valueName\":\"search_term_string\"}}],\"inLanguage\":\"es\"},{\"@type\":\"Organization\",\"@id\":\"https:\/\/www.progeriaresearch.org\/ta\/#organization\",\"name\":\"The Progeria Research Foundation\",\"url\":\"https:\/\/www.progeriaresearch.org\/ta\/\",\"logo\":{\"@type\":\"ImageObject\",\"inLanguage\":\"es\",\"@id\":\"https:\/\/www.progeriaresearch.org\/ta\/#\/schema\/logo\/image\/\",\"url\":\"https:\/\/www.progeriaresearch.org\/wp-content\/uploads\/2019\/05\/PRF_Logo_2019_optimized.png\",\"contentUrl\":\"https:\/\/www.progeriaresearch.org\/wp-content\/uploads\/2019\/05\/PRF_Logo_2019_optimized.png\",\"width\":300,\"height\":86,\"caption\":\"The Progeria Research Foundation\"},\"image\":{\"@id\":\"https:\/\/www.progeriaresearch.org\/ta\/#\/schema\/logo\/image\/\"},\"sameAs\":[\"https:\/\/www.facebook.com\/ProgeriaResearch\/\",\"https:\/\/x.com\/Progeria\",\"https:\/\/www.instagram.com\/progeriaresearch\/\"]},{\"@type\":\"Person\",\"@id\":\"https:\/\/www.progeriaresearch.org\/ta\/#\/schema\/person\/a3c935a81e92242c6a77ae0018542928\",\"name\":\"gravoc\",\"image\":{\"@type\":\"ImageObject\",\"inLanguage\":\"es\",\"@id\":\"https:\/\/www.progeriaresearch.org\/ta\/#\/schema\/person\/image\/\",\"url\":\"https:\/\/secure.gravatar.com\/avatar\/cee2d206466fdbfc70635d168190f07f615d6e9c97c316eb6a88b5b563efdd7b?s=96&d=mm&r=g\",\"contentUrl\":\"https:\/\/secure.gravatar.com\/avatar\/cee2d206466fdbfc70635d168190f07f615d6e9c97c316eb6a88b5b563efdd7b?s=96&d=mm&r=g\",\"caption\":\"gravoc\"},\"url\":\"https:\/\/www.progeriaresearch.org\/es\/author\/gravoc\/\"}]}<\/script>\n<!-- \/ Yoast SEO plugin. -->","yoast_head_json":{"title":"Work of The Progeria Research Foundation Highlighted on Medical Research Website - The Progeria Research Foundation","robots":{"index":"index","follow":"follow","max-snippet":"max-snippet:-1","max-image-preview":"max-image-preview:large","max-video-preview":"max-video-preview:-1"},"canonical":"https:\/\/www.progeriaresearch.org\/es\/2004\/06\/23\/work-of-the-progeria-research-foundation-highlighted-on-medical-research-website\/","og_locale":"es_ES","og_type":"article","og_title":"Work of The Progeria Research Foundation Highlighted on Medical Research Website - The Progeria Research Foundation","og_description":"[et_pb_section fb_built=&#8221;1&#8243; _builder_version=&#8221;3.22&#8243;][et_pb_row _builder_version=&#8221;3.25&#8243; background_size=&#8221;initial&#8221; background_position=&#8221;top_left&#8221; background_repeat=&#8221;repeat&#8221;][et_pb_column type=&#8221;4_4&#8243; _builder_version=&#8221;3.25&#8243; custom_padding=&#8221;|||&#8221; custom_padding__hover=&#8221;|||&#8221;][et_pb_text _builder_version=&#8221;4.6.5&#8243; background_size=&#8221;initial&#8221; background_position=&#8221;top_left&#8221; background_repeat=&#8221;repeat&#8221;] The Progeria Research Foundation was featured in the June 23, 2004 issue of SAGE KE &#8211; an online resource for researchers who are working in the field of aging.The article, &#8220;Racing Against Time,&#8221; featured The Progeria Research Foundation&#8217;s journey to [&hellip;]","og_url":"https:\/\/www.progeriaresearch.org\/es\/2004\/06\/23\/work-of-the-progeria-research-foundation-highlighted-on-medical-research-website\/","og_site_name":"The Progeria Research Foundation","article_publisher":"https:\/\/www.facebook.com\/ProgeriaResearch\/","article_published_time":"2004-06-23T21:10:29+00:00","article_modified_time":"2020-12-09T20:24:41+00:00","og_image":[{"width":400,"height":165,"url":"https:\/\/www.progeriaresearch.org\/wp-content\/uploads\/2011\/05\/1PRFlogo2010_300dpi.jpg","type":"image\/jpeg"}],"author":"gravoc","twitter_card":"summary_large_image","twitter_creator":"@Progeria","twitter_site":"@Progeria","twitter_misc":{"Written by":"gravoc","Est. reading time":"1 minuto"},"schema":{"@context":"https:\/\/schema.org","@graph":[{"@type":"Article","@id":"https:\/\/www.progeriaresearch.org\/ps\/2004\/06\/23\/work-of-the-progeria-research-foundation-highlighted-on-medical-research-website\/#article","isPartOf":{"@id":"https:\/\/www.progeriaresearch.org\/ps\/2004\/06\/23\/work-of-the-progeria-research-foundation-highlighted-on-medical-research-website\/"},"author":{"name":"gravoc","@id":"https:\/\/www.progeriaresearch.org\/ta\/#\/schema\/person\/a3c935a81e92242c6a77ae0018542928"},"headline":"Work of The Progeria Research Foundation Highlighted on Medical Research Website","datePublished":"2004-06-23T21:10:29+00:00","dateModified":"2020-12-09T20:24:41+00:00","mainEntityOfPage":{"@id":"https:\/\/www.progeriaresearch.org\/ps\/2004\/06\/23\/work-of-the-progeria-research-foundation-highlighted-on-medical-research-website\/"},"wordCount":178,"commentCount":0,"publisher":{"@id":"https:\/\/www.progeriaresearch.org\/ta\/#organization"},"image":{"@id":"https:\/\/www.progeriaresearch.org\/ps\/2004\/06\/23\/work-of-the-progeria-research-foundation-highlighted-on-medical-research-website\/#primaryimage"},"thumbnailUrl":"https:\/\/www.progeriaresearch.org\/wp-content\/uploads\/2011\/05\/1PRFlogo2010_300dpi.jpg","articleSection":["News"],"inLanguage":"es","potentialAction":[{"@type":"CommentAction","name":"Comment","target":["https:\/\/www.progeriaresearch.org\/ps\/2004\/06\/23\/work-of-the-progeria-research-foundation-highlighted-on-medical-research-website\/#respond"]}]},{"@type":"WebPage","@id":"https:\/\/www.progeriaresearch.org\/ps\/2004\/06\/23\/work-of-the-progeria-research-foundation-highlighted-on-medical-research-website\/","url":"https:\/\/www.progeriaresearch.org\/ps\/2004\/06\/23\/work-of-the-progeria-research-foundation-highlighted-on-medical-research-website\/","name":"Work of The Progeria Research Foundation Highlighted on Medical Research Website - The Progeria Research Foundation","isPartOf":{"@id":"https:\/\/www.progeriaresearch.org\/ta\/#website"},"primaryImageOfPage":{"@id":"https:\/\/www.progeriaresearch.org\/ps\/2004\/06\/23\/work-of-the-progeria-research-foundation-highlighted-on-medical-research-website\/#primaryimage"},"image":{"@id":"https:\/\/www.progeriaresearch.org\/ps\/2004\/06\/23\/work-of-the-progeria-research-foundation-highlighted-on-medical-research-website\/#primaryimage"},"thumbnailUrl":"https:\/\/www.progeriaresearch.org\/wp-content\/uploads\/2011\/05\/1PRFlogo2010_300dpi.jpg","datePublished":"2004-06-23T21:10:29+00:00","dateModified":"2020-12-09T20:24:41+00:00","breadcrumb":{"@id":"https:\/\/www.progeriaresearch.org\/ps\/2004\/06\/23\/work-of-the-progeria-research-foundation-highlighted-on-medical-research-website\/#breadcrumb"},"inLanguage":"es","potentialAction":[{"@type":"ReadAction","target":["https:\/\/www.progeriaresearch.org\/ps\/2004\/06\/23\/work-of-the-progeria-research-foundation-highlighted-on-medical-research-website\/"]}]},{"@type":"ImageObject","inLanguage":"es","@id":"https:\/\/www.progeriaresearch.org\/ps\/2004\/06\/23\/work-of-the-progeria-research-foundation-highlighted-on-medical-research-website\/#primaryimage","url":"https:\/\/www.progeriaresearch.org\/wp-content\/uploads\/2011\/05\/1PRFlogo2010_300dpi.jpg","contentUrl":"https:\/\/www.progeriaresearch.org\/wp-content\/uploads\/2011\/05\/1PRFlogo2010_300dpi.jpg","width":400,"height":165,"caption":""},{"@type":"BreadcrumbList","@id":"https:\/\/www.progeriaresearch.org\/ps\/2004\/06\/23\/work-of-the-progeria-research-foundation-highlighted-on-medical-research-website\/#breadcrumb","itemListElement":[{"@type":"ListItem","position":1,"name":"Home","item":"https:\/\/www.progeriaresearch.org\/"},{"@type":"ListItem","position":2,"name":"Work of The Progeria Research Foundation Highlighted on Medical Research Website"}]},{"@type":"WebSite","@id":"https:\/\/www.progeriaresearch.org\/ta\/#website","url":"https:\/\/www.progeriaresearch.org\/ta\/","name":"La Fundaci\u00f3n para la Investigaci\u00f3n de la Progeria","description":"Por los ni\u00f1os \u2665 Por la cura","publisher":{"@id":"https:\/\/www.progeriaresearch.org\/ta\/#organization"},"potentialAction":[{"@type":"SearchAction","target":{"@type":"EntryPoint","urlTemplate":"https:\/\/www.progeriaresearch.org\/ta\/?s={search_term_string}"},"query-input":{"@type":"PropertyValueSpecification","valueRequired":true,"valueName":"search_term_string"}}],"inLanguage":"es"},{"@type":"Organization","@id":"https:\/\/www.progeriaresearch.org\/ta\/#organization","name":"La Fundaci\u00f3n para la Investigaci\u00f3n de la Progeria","url":"https:\/\/www.progeriaresearch.org\/ta\/","logo":{"@type":"ImageObject","inLanguage":"es","@id":"https:\/\/www.progeriaresearch.org\/ta\/#\/schema\/logo\/image\/","url":"https:\/\/www.progeriaresearch.org\/wp-content\/uploads\/2019\/05\/PRF_Logo_2019_optimized.png","contentUrl":"https:\/\/www.progeriaresearch.org\/wp-content\/uploads\/2019\/05\/PRF_Logo_2019_optimized.png","width":300,"height":86,"caption":"The Progeria Research Foundation"},"image":{"@id":"https:\/\/www.progeriaresearch.org\/ta\/#\/schema\/logo\/image\/"},"sameAs":["https:\/\/www.facebook.com\/ProgeriaResearch\/","https:\/\/x.com\/Progeria","https:\/\/www.instagram.com\/progeriaresearch\/"]},{"@type":"Person","@id":"https:\/\/www.progeriaresearch.org\/ta\/#\/schema\/person\/a3c935a81e92242c6a77ae0018542928","name":"gravac","image":{"@type":"ImageObject","inLanguage":"es","@id":"https:\/\/www.progeriaresearch.org\/ta\/#\/schema\/person\/image\/","url":"https:\/\/secure.gravatar.com\/avatar\/cee2d206466fdbfc70635d168190f07f615d6e9c97c316eb6a88b5b563efdd7b?s=96&d=mm&r=g","contentUrl":"https:\/\/secure.gravatar.com\/avatar\/cee2d206466fdbfc70635d168190f07f615d6e9c97c316eb6a88b5b563efdd7b?s=96&d=mm&r=g","caption":"gravoc"},"url":"https:\/\/www.progeriaresearch.org\/es\/author\/gravoc\/"}]}},"_links":{"self":[{"href":"https:\/\/www.progeriaresearch.org\/es\/wp-json\/wp\/v2\/posts\/2153","targetHints":{"allow":["GET"]}}],"collection":[{"href":"https:\/\/www.progeriaresearch.org\/es\/wp-json\/wp\/v2\/posts"}],"about":[{"href":"https:\/\/www.progeriaresearch.org\/es\/wp-json\/wp\/v2\/types\/post"}],"author":[{"embeddable":true,"href":"https:\/\/www.progeriaresearch.org\/es\/wp-json\/wp\/v2\/users\/1"}],"replies":[{"embeddable":true,"href":"https:\/\/www.progeriaresearch.org\/es\/wp-json\/wp\/v2\/comments?post=2153"}],"version-history":[{"count":0,"href":"https:\/\/www.progeriaresearch.org\/es\/wp-json\/wp\/v2\/posts\/2153\/revisions"}],"wp:featuredmedia":[{"embeddable":true,"href":"https:\/\/www.progeriaresearch.org\/es\/wp-json\/wp\/v2\/media\/2043"}],"wp:attachment":[{"href":"https:\/\/www.progeriaresearch.org\/es\/wp-json\/wp\/v2\/media?parent=2153"}],"wp:term":[{"taxonomy":"category","embeddable":true,"href":"https:\/\/www.progeriaresearch.org\/es\/wp-json\/wp\/v2\/categories?post=2153"},{"taxonomy":"post_tag","embeddable":true,"href":"https:\/\/www.progeriaresearch.org\/es\/wp-json\/wp\/v2\/tags?post=2153"}],"curies":[{"name":"gracias","href":"https:\/\/api.w.org\/{rel}","templated":true}]}}