{"id":16689,"date":"2023-04-06T09:34:51","date_gmt":"2023-04-06T13:34:51","guid":{"rendered":"https:\/\/www.progeriaresearch.org\/?p=16689"},"modified":"2023-04-24T11:06:03","modified_gmt":"2023-04-24T15:06:03","slug":"team-prf-runs-boston-marathon","status":"publish","type":"post","link":"https:\/\/www.progeriaresearch.org\/fr\/2023\/04\/06\/team-prf-runs-boston-marathon\/","title":{"rendered":"L&#039;\u00e9quipe PRF court \u00e0 nouveau le marathon de Boston !"},"content":{"rendered":"<p>[et_pb_section fb_built=&#8221;1&#8243; _builder_version=&#8221;4.16&#8243; custom_padding=&#8221;0px||0px|||&#8221; locked=&#8221;off&#8221; global_colors_info=&#8221;{}&#8221;][et_pb_row _builder_version=&#8221;4.16&#8243; background_size=&#8221;initial&#8221; background_position=&#8221;top_left&#8221; background_repeat=&#8221;repeat&#8221; global_colors_info=&#8221;{}&#8221;][et_pb_column type=&#8221;4_4&#8243; _builder_version=&#8221;4.16&#8243; custom_padding=&#8221;|||&#8221; global_colors_info=&#8221;{}&#8221; custom_padding__hover=&#8221;|||&#8221;][et_pb_text _builder_version=&#8221;4.19.5&#8243; background_size=&#8221;initial&#8221; background_position=&#8221;top_left&#8221; background_repeat=&#8221;repeat&#8221; global_colors_info=&#8221;{}&#8221;]<\/p>\n<p><img loading=\"lazy\" decoding=\"async\" class=\"wp-image-16703 alignleft size-medium\" src=\"https:\/\/www.progeriaresearch.org\/wp-content\/uploads\/2023\/04\/Bobby-and-Paul-at-Fundraiser-233x300.png\" alt=\"\" width=\"233\" height=\"300\" style=\"float: right;\" \/>Le lundi 17 avril 2023, la Progeria Research Foundation encouragera deux partisans de longue date de la PRF qui d\u00e9fileront dans les rues du marathon de Boston au nom de la communaut\u00e9 Progeria : Paul Michienzie de Foxboro (\u00e0 droite) et Bobby Nadeau (\u00e0 gauche) de Mansfield. Les bons amis s&#039;attaqueront au parcours convoit\u00e9 de 26,2 miles pour collecter des fonds pour le traitement de la Progeria.<\/p>\n<p>Paul court le marathon au nom de PRF pour la troisi\u00e8me ann\u00e9e cons\u00e9cutive, mais il s&#039;est en fait entra\u00een\u00e9 pour quatre marathons, le premier \u00e9tant annul\u00e9 en raison du COVID. Paul et sa famille \u00e9taient de bons amis et voisins des Drs Leslie Gordon et Scott Berns (cofondateurs de PRF) et de leur fils Sam Berns, atteint de prog\u00e9ria et d\u00e9c\u00e9d\u00e9 en 2014. Sam a laiss\u00e9 un h\u00e9ritage d&#039;inspiration qui pousse aujourd&#039;hui PRF et ses sympathisants \u00e0 poursuivre la qu\u00eate d&#039;un rem\u00e8de.<\/p>\n<p>&nbsp;<\/p>\n<p>[\/et_pb_text][et_pb_image src=&#8221;https:\/\/www.progeriaresearch.org\/wp-content\/uploads\/2023\/04\/BM2023.png&#8221; title_text=&#8221;BM2023&#8243; align=&#8221;center&#8221; _builder_version=&#8221;4.19.5&#8243; _module_preset=&#8221;default&#8221; width=&#8221;50%&#8221; max_width=&#8221;50%&#8221; global_colors_info=&#8221;{}&#8221;][\/et_pb_image][et_pb_testimonial portrait_url=&#8221;https:\/\/www.progeriaresearch.org\/wp-content\/uploads\/2023\/04\/PaulBM-289&#215;300.png&#8221; quote_icon_color=&#8221;#FFFFFF&#8221; quote_icon_background_color=&#8221;#00B2E2&#8243; portrait_width=&#8221;115px&#8221; portrait_height=&#8221;115px&#8221; admin_label=&#8221;Paul quote&#8221; _builder_version=&#8221;4.19.5&#8243; _module_preset=&#8221;default&#8221; background_color=&#8221;#8FD2ED&#8221; link_option_url=&#8221;https:\/\/www.givengain.com\/activist\/417713\/&#8221; global_colors_info=&#8221;{}&#8221;]<\/p>\n<p>Paul d\u00e9clare : \u00ab Je vais continuer \u00e0 me donner \u00e0 fond pour que nous puissions collecter des fonds pour aider ces enfants et trouver un rem\u00e8de contre la #Progeria. Si vous le pouvez, faites un don \u00e0 mon projet de collecte de fonds sur GivenGain ! Merci.<\/p>\n<p><span style=\"color: #ffffff;\"><strong><a href=\"https:\/\/www.givengain.com\/activist\/417713\/\" target=\"_blank\" rel=\"noopener\" style=\"color: #ffffff;\">Faites un don \u00e0 Paul ici<\/a><\/strong><\/span><\/p>\n<p>[\/et_pb_testimonial][et_pb_testimonial portrait_url=&#8221;https:\/\/www.progeriaresearch.org\/wp-content\/uploads\/2023\/04\/Bobby-and-sons.png&#8221; quote_icon_color=&#8221;#FFFFFF&#8221; quote_icon_background_color=&#8221;#00B2E2&#8243; portrait_width=&#8221;115px&#8221; portrait_height=&#8221;115px&#8221; admin_label=&#8221;Bobby quote&#8221; _builder_version=&#8221;4.19.5&#8243; _module_preset=&#8221;default&#8221; background_color=&#8221;#8FD2ED&#8221; link_option_url=&#8221;https:\/\/www.givengain.com\/activist\/694229\/&#8221; global_colors_info=&#8221;{}&#8221;]<\/p>\n<p>Bobby Nadeau est tr\u00e8s heureux d&#039;avoir l&#039;opportunit\u00e9 de courir son premier marathon de Boston au nom de PRF et d\u00e9clare :<\/p>\n<p>\u00ab \u00c0 28 ans, on m\u2019a diagnostiqu\u00e9 une maladie r\u00e9nale, j\u2019\u00e9tais en surpoids et je menais une vie malsaine. J\u2019ai utilis\u00e9 le fitness dans mon parcours pour transformer mon tour de taille et j\u2019ai obtenu un bilan de sant\u00e9 parfait. Depuis, j\u2019ai appris que je peux faire tout ce que je veux et j\u2019ai r\u00eav\u00e9 de courir le marathon de Boston \u00e0 45 ans. Il n\u2019y a pas de meilleure fa\u00e7on de c\u00e9l\u00e9brer cette \u00e9tape importante que de collecter des fonds pour une cause aussi importante que la prog\u00e9ria ! \u00bb<\/p>\n<p><span style=\"color: #ffffff;\"><strong><a href=\"https:\/\/www.givengain.com\/activist\/694229\/\" target=\"_blank\" rel=\"noopener\" style=\"color: #ffffff;\">Faites un don \u00e0 Bobby ici<\/a><\/strong><\/span><\/p>\n<p>[\/et_pb_testimonial][et_pb_text _builder_version=&#8221;4.19.5&#8243; background_size=&#8221;initial&#8221; background_position=&#8221;top_left&#8221; background_repeat=&#8221;repeat&#8221; global_colors_info=&#8221;{}&#8221;]<\/p>\n<p><img loading=\"lazy\" decoding=\"async\" class=\"wp-image-16706 alignright size-medium\" src=\"https:\/\/www.progeriaresearch.org\/wp-content\/uploads\/2023\/04\/BobbyPaulmasks-288x300.png\" alt=\"\" width=\"288\" height=\"300\" \/><\/p>\n<p>&nbsp;<\/p>\n<p>Les fonds collect\u00e9s par TEAM PRF lors du marathon de Boston financent directement la recherche essentielle visant \u00e0 aider les personnes atteintes de prog\u00e9ria du monde entier \u00e0 vivre plus longtemps et en meilleure sant\u00e9. Cette ann\u00e9e, nous pr\u00e9voyons de lancer un essai clinique avec un tout nouveau m\u00e9dicament appel\u00e9 Progerinin, tout en continuant \u00e0 explorer les th\u00e9rapies g\u00e9n\u00e9tiques de pointe.<\/p>\n<p style=\"font-weight: 400;\">S&#039;il vous pla\u00eet, montrez un peu d&#039;amour en faisant un don \u00e0 leurs pages de collecte de fonds ci-dessous\u00a0:<\/p>\n<p>[\/et_pb_text][et_pb_button button_url=&#8221;https:\/\/www.givengain.com\/activist\/417713\/&#8221; button_text=&#8221;Paul Michienzie\u2019s fundraising page &#8221; admin_label=&#8221;Paul&#8221; _builder_version=&#8221;4.19.5&#8243; _module_preset=&#8221;default&#8221; custom_button=&#8221;on&#8221; button_text_color=&#8221;#FFFFFF&#8221; button_bg_color=&#8221;#00B2E2&#8243; button_border_color=&#8221;#00B2E2&#8243; background_layout=&#8221;dark&#8221; global_colors_info=&#8221;{}&#8221;][\/et_pb_button][et_pb_button button_url=&#8221;https:\/\/www.givengain.com\/activist\/694229\/&#8221; button_text=&#8221;Bobby Nadeau\u2019s fundraising page &#8221; admin_label=&#8221;Bobby&#8221; _builder_version=&#8221;4.19.5&#8243; _module_preset=&#8221;default&#8221; custom_button=&#8221;on&#8221; button_text_color=&#8221;#FFFFFF&#8221; button_bg_color=&#8221;#00B2E2&#8243; button_border_color=&#8221;#00B2E2&#8243; background_layout=&#8221;dark&#8221; global_colors_info=&#8221;{}&#8221;][\/et_pb_button][\/et_pb_column][\/et_pb_row][\/et_pb_section]<\/p>","protected":false},"excerpt":{"rendered":"<p>Le lundi 17 avril 2023, la Progeria Research Foundation encouragera deux partisans de longue date de la PRF qui descendront dans les rues du marathon de Boston au nom de la communaut\u00e9 Progeria.<\/p>","protected":false},"author":2,"featured_media":16730,"comment_status":"closed","ping_status":"closed","sticky":false,"template":"","format":"standard","meta":{"_et_pb_use_builder":"on","_et_pb_old_content":"","_et_gb_content_width":"","footnotes":"","_links_to":"","_links_to_target":""},"categories":[3,2,1],"tags":[],"class_list":["post-16689","post","type-post","status-publish","format-standard","has-post-thumbnail","hentry","category-events","category-news","category-uncategorized"],"yoast_head":"<!-- This site is optimized with the Yoast SEO plugin v26.8 - https:\/\/yoast.com\/product\/yoast-seo-wordpress\/ -->\n<title>PRF runs Boston Marathon | The Progeria Research Foundation<\/title>\n<meta name=\"robots\" content=\"index, follow, max-snippet:-1, max-image-preview:large, max-video-preview:-1\" \/>\n<link rel=\"canonical\" href=\"https:\/\/www.progeriaresearch.org\/fr\/2023\/04\/06\/team-prf-runs-boston-marathon\/\" \/>\n<meta property=\"og:locale\" content=\"fr_FR\" \/>\n<meta property=\"og:type\" content=\"article\" \/>\n<meta property=\"og:title\" content=\"PRF runs Boston Marathon | The Progeria Research Foundation\" \/>\n<meta property=\"og:description\" content=\"On Monday, April 17, 2023, The Progeria Research Foundation will cheer on two long-time PRF supporters who will take to the streets in the Boston Marathon on behalf of the Progeria community.\" \/>\n<meta property=\"og:url\" content=\"https:\/\/www.progeriaresearch.org\/fr\/2023\/04\/06\/team-prf-runs-boston-marathon\/\" \/>\n<meta property=\"og:site_name\" content=\"The Progeria Research Foundation\" \/>\n<meta property=\"article:publisher\" content=\"https:\/\/www.facebook.com\/ProgeriaResearch\/\" \/>\n<meta property=\"article:published_time\" content=\"2023-04-06T13:34:51+00:00\" \/>\n<meta property=\"article:modified_time\" content=\"2023-04-24T15:06:03+00:00\" \/>\n<meta property=\"og:image\" content=\"https:\/\/www.progeriaresearch.org\/wp-content\/uploads\/2023\/04\/Boston-Marathon-2023gray.png\" \/>\n\t<meta property=\"og:image:width\" content=\"589\" \/>\n\t<meta property=\"og:image:height\" content=\"586\" \/>\n\t<meta property=\"og:image:type\" content=\"image\/png\" \/>\n<meta name=\"author\" content=\"Karen Betournay\" \/>\n<meta name=\"twitter:card\" content=\"summary_large_image\" \/>\n<meta name=\"twitter:creator\" content=\"@Progeria\" \/>\n<meta name=\"twitter:site\" content=\"@Progeria\" \/>\n<meta name=\"twitter:label1\" content=\"Written by\" \/>\n\t<meta name=\"twitter:data1\" content=\"Karen Betournay\" \/>\n\t<meta name=\"twitter:label2\" content=\"Est. reading time\" \/>\n\t<meta name=\"twitter:data2\" content=\"3 minutes\" \/>\n<script type=\"application\/ld+json\" class=\"yoast-schema-graph\">{\"@context\":\"https:\/\/schema.org\",\"@graph\":[{\"@type\":\"Article\",\"@id\":\"https:\/\/www.progeriaresearch.org\/2023\/04\/06\/team-prf-runs-boston-marathon\/#article\",\"isPartOf\":{\"@id\":\"https:\/\/www.progeriaresearch.org\/2023\/04\/06\/team-prf-runs-boston-marathon\/\"},\"author\":{\"name\":\"Karen Betournay\",\"@id\":\"https:\/\/www.progeriaresearch.org\/ta\/#\/schema\/person\/2be6cec85c11aaef7a7602636c5b9946\"},\"headline\":\"Team PRF runs the Boston Marathon again!\",\"datePublished\":\"2023-04-06T13:34:51+00:00\",\"dateModified\":\"2023-04-24T15:06:03+00:00\",\"mainEntityOfPage\":{\"@id\":\"https:\/\/www.progeriaresearch.org\/2023\/04\/06\/team-prf-runs-boston-marathon\/\"},\"wordCount\":700,\"publisher\":{\"@id\":\"https:\/\/www.progeriaresearch.org\/ta\/#organization\"},\"image\":{\"@id\":\"https:\/\/www.progeriaresearch.org\/2023\/04\/06\/team-prf-runs-boston-marathon\/#primaryimage\"},\"thumbnailUrl\":\"https:\/\/www.progeriaresearch.org\/wp-content\/uploads\/2023\/04\/Boston-Marathon-2023gray.png\",\"articleSection\":[\"Events\",\"News\",\"Uncategorized\"],\"inLanguage\":\"fr-FR\"},{\"@type\":\"WebPage\",\"@id\":\"https:\/\/www.progeriaresearch.org\/2023\/04\/06\/team-prf-runs-boston-marathon\/\",\"url\":\"https:\/\/www.progeriaresearch.org\/2023\/04\/06\/team-prf-runs-boston-marathon\/\",\"name\":\"PRF runs Boston Marathon | The Progeria Research Foundation\",\"isPartOf\":{\"@id\":\"https:\/\/www.progeriaresearch.org\/ta\/#website\"},\"primaryImageOfPage\":{\"@id\":\"https:\/\/www.progeriaresearch.org\/2023\/04\/06\/team-prf-runs-boston-marathon\/#primaryimage\"},\"image\":{\"@id\":\"https:\/\/www.progeriaresearch.org\/2023\/04\/06\/team-prf-runs-boston-marathon\/#primaryimage\"},\"thumbnailUrl\":\"https:\/\/www.progeriaresearch.org\/wp-content\/uploads\/2023\/04\/Boston-Marathon-2023gray.png\",\"datePublished\":\"2023-04-06T13:34:51+00:00\",\"dateModified\":\"2023-04-24T15:06:03+00:00\",\"breadcrumb\":{\"@id\":\"https:\/\/www.progeriaresearch.org\/2023\/04\/06\/team-prf-runs-boston-marathon\/#breadcrumb\"},\"inLanguage\":\"fr-FR\",\"potentialAction\":[{\"@type\":\"ReadAction\",\"target\":[\"https:\/\/www.progeriaresearch.org\/2023\/04\/06\/team-prf-runs-boston-marathon\/\"]}]},{\"@type\":\"ImageObject\",\"inLanguage\":\"fr-FR\",\"@id\":\"https:\/\/www.progeriaresearch.org\/2023\/04\/06\/team-prf-runs-boston-marathon\/#primaryimage\",\"url\":\"https:\/\/www.progeriaresearch.org\/wp-content\/uploads\/2023\/04\/Boston-Marathon-2023gray.png\",\"contentUrl\":\"https:\/\/www.progeriaresearch.org\/wp-content\/uploads\/2023\/04\/Boston-Marathon-2023gray.png\",\"width\":589,\"height\":586},{\"@type\":\"BreadcrumbList\",\"@id\":\"https:\/\/www.progeriaresearch.org\/2023\/04\/06\/team-prf-runs-boston-marathon\/#breadcrumb\",\"itemListElement\":[{\"@type\":\"ListItem\",\"position\":1,\"name\":\"Home\",\"item\":\"https:\/\/www.progeriaresearch.org\/\"},{\"@type\":\"ListItem\",\"position\":2,\"name\":\"Team PRF runs the Boston Marathon again!\"}]},{\"@type\":\"WebSite\",\"@id\":\"https:\/\/www.progeriaresearch.org\/ta\/#website\",\"url\":\"https:\/\/www.progeriaresearch.org\/ta\/\",\"name\":\"The Progeria Research Foundation\",\"description\":\"For the Children \u2665 For the Cure\",\"publisher\":{\"@id\":\"https:\/\/www.progeriaresearch.org\/ta\/#organization\"},\"potentialAction\":[{\"@type\":\"SearchAction\",\"target\":{\"@type\":\"EntryPoint\",\"urlTemplate\":\"https:\/\/www.progeriaresearch.org\/ta\/?s={search_term_string}\"},\"query-input\":{\"@type\":\"PropertyValueSpecification\",\"valueRequired\":true,\"valueName\":\"search_term_string\"}}],\"inLanguage\":\"fr-FR\"},{\"@type\":\"Organization\",\"@id\":\"https:\/\/www.progeriaresearch.org\/ta\/#organization\",\"name\":\"The Progeria Research Foundation\",\"url\":\"https:\/\/www.progeriaresearch.org\/ta\/\",\"logo\":{\"@type\":\"ImageObject\",\"inLanguage\":\"fr-FR\",\"@id\":\"https:\/\/www.progeriaresearch.org\/ta\/#\/schema\/logo\/image\/\",\"url\":\"https:\/\/www.progeriaresearch.org\/wp-content\/uploads\/2019\/05\/PRF_Logo_2019_optimized.png\",\"contentUrl\":\"https:\/\/www.progeriaresearch.org\/wp-content\/uploads\/2019\/05\/PRF_Logo_2019_optimized.png\",\"width\":300,\"height\":86,\"caption\":\"The Progeria Research Foundation\"},\"image\":{\"@id\":\"https:\/\/www.progeriaresearch.org\/ta\/#\/schema\/logo\/image\/\"},\"sameAs\":[\"https:\/\/www.facebook.com\/ProgeriaResearch\/\",\"https:\/\/x.com\/Progeria\",\"https:\/\/www.instagram.com\/progeriaresearch\/\"]},{\"@type\":\"Person\",\"@id\":\"https:\/\/www.progeriaresearch.org\/ta\/#\/schema\/person\/2be6cec85c11aaef7a7602636c5b9946\",\"name\":\"Karen Betournay\",\"image\":{\"@type\":\"ImageObject\",\"inLanguage\":\"fr-FR\",\"@id\":\"https:\/\/www.progeriaresearch.org\/ta\/#\/schema\/person\/image\/\",\"url\":\"https:\/\/secure.gravatar.com\/avatar\/78c0520933a7d708c5e1a5788ec6799d5e2ad6a2a6d4ff2ca1e512861d12f533?s=96&d=mm&r=g\",\"contentUrl\":\"https:\/\/secure.gravatar.com\/avatar\/78c0520933a7d708c5e1a5788ec6799d5e2ad6a2a6d4ff2ca1e512861d12f533?s=96&d=mm&r=g\",\"caption\":\"Karen Betournay\"},\"url\":\"https:\/\/www.progeriaresearch.org\/fr\/author\/karenb\/\"}]}<\/script>\n<!-- \/ Yoast SEO plugin. -->","yoast_head_json":{"title":"PRF runs Boston Marathon | The Progeria Research Foundation","robots":{"index":"index","follow":"follow","max-snippet":"max-snippet:-1","max-image-preview":"max-image-preview:large","max-video-preview":"max-video-preview:-1"},"canonical":"https:\/\/www.progeriaresearch.org\/fr\/2023\/04\/06\/team-prf-runs-boston-marathon\/","og_locale":"fr_FR","og_type":"article","og_title":"PRF runs Boston Marathon | The Progeria Research Foundation","og_description":"On Monday, April 17, 2023, The Progeria Research Foundation will cheer on two long-time PRF supporters who will take to the streets in the Boston Marathon on behalf of the Progeria community.","og_url":"https:\/\/www.progeriaresearch.org\/fr\/2023\/04\/06\/team-prf-runs-boston-marathon\/","og_site_name":"The Progeria Research Foundation","article_publisher":"https:\/\/www.facebook.com\/ProgeriaResearch\/","article_published_time":"2023-04-06T13:34:51+00:00","article_modified_time":"2023-04-24T15:06:03+00:00","og_image":[{"width":589,"height":586,"url":"https:\/\/www.progeriaresearch.org\/wp-content\/uploads\/2023\/04\/Boston-Marathon-2023gray.png","type":"image\/png"}],"author":"Karen Betournay","twitter_card":"summary_large_image","twitter_creator":"@Progeria","twitter_site":"@Progeria","twitter_misc":{"Written by":"Karen Betournay","Est. reading time":"3 minutes"},"schema":{"@context":"https:\/\/schema.org","@graph":[{"@type":"Article","@id":"https:\/\/www.progeriaresearch.org\/2023\/04\/06\/team-prf-runs-boston-marathon\/#article","isPartOf":{"@id":"https:\/\/www.progeriaresearch.org\/2023\/04\/06\/team-prf-runs-boston-marathon\/"},"author":{"name":"Karen Betournay","@id":"https:\/\/www.progeriaresearch.org\/ta\/#\/schema\/person\/2be6cec85c11aaef7a7602636c5b9946"},"headline":"Team PRF runs the Boston Marathon again!","datePublished":"2023-04-06T13:34:51+00:00","dateModified":"2023-04-24T15:06:03+00:00","mainEntityOfPage":{"@id":"https:\/\/www.progeriaresearch.org\/2023\/04\/06\/team-prf-runs-boston-marathon\/"},"wordCount":700,"publisher":{"@id":"https:\/\/www.progeriaresearch.org\/ta\/#organization"},"image":{"@id":"https:\/\/www.progeriaresearch.org\/2023\/04\/06\/team-prf-runs-boston-marathon\/#primaryimage"},"thumbnailUrl":"https:\/\/www.progeriaresearch.org\/wp-content\/uploads\/2023\/04\/Boston-Marathon-2023gray.png","articleSection":["Events","News","Uncategorized"],"inLanguage":"fr-FR"},{"@type":"WebPage","@id":"https:\/\/www.progeriaresearch.org\/2023\/04\/06\/team-prf-runs-boston-marathon\/","url":"https:\/\/www.progeriaresearch.org\/2023\/04\/06\/team-prf-runs-boston-marathon\/","name":"PRF runs Boston Marathon | The Progeria Research Foundation","isPartOf":{"@id":"https:\/\/www.progeriaresearch.org\/ta\/#website"},"primaryImageOfPage":{"@id":"https:\/\/www.progeriaresearch.org\/2023\/04\/06\/team-prf-runs-boston-marathon\/#primaryimage"},"image":{"@id":"https:\/\/www.progeriaresearch.org\/2023\/04\/06\/team-prf-runs-boston-marathon\/#primaryimage"},"thumbnailUrl":"https:\/\/www.progeriaresearch.org\/wp-content\/uploads\/2023\/04\/Boston-Marathon-2023gray.png","datePublished":"2023-04-06T13:34:51+00:00","dateModified":"2023-04-24T15:06:03+00:00","breadcrumb":{"@id":"https:\/\/www.progeriaresearch.org\/2023\/04\/06\/team-prf-runs-boston-marathon\/#breadcrumb"},"inLanguage":"fr-FR","potentialAction":[{"@type":"ReadAction","target":["https:\/\/www.progeriaresearch.org\/2023\/04\/06\/team-prf-runs-boston-marathon\/"]}]},{"@type":"ImageObject","inLanguage":"fr-FR","@id":"https:\/\/www.progeriaresearch.org\/2023\/04\/06\/team-prf-runs-boston-marathon\/#primaryimage","url":"https:\/\/www.progeriaresearch.org\/wp-content\/uploads\/2023\/04\/Boston-Marathon-2023gray.png","contentUrl":"https:\/\/www.progeriaresearch.org\/wp-content\/uploads\/2023\/04\/Boston-Marathon-2023gray.png","width":589,"height":586},{"@type":"BreadcrumbList","@id":"https:\/\/www.progeriaresearch.org\/2023\/04\/06\/team-prf-runs-boston-marathon\/#breadcrumb","itemListElement":[{"@type":"ListItem","position":1,"name":"Home","item":"https:\/\/www.progeriaresearch.org\/"},{"@type":"ListItem","position":2,"name":"Team PRF runs the Boston Marathon again!"}]},{"@type":"WebSite","@id":"https:\/\/www.progeriaresearch.org\/ta\/#website","url":"https:\/\/www.progeriaresearch.org\/ta\/","name":"La Fondation de recherche sur la prog\u00e9ria","description":"Pour les enfants \u2665 Pour la gu\u00e9rison","publisher":{"@id":"https:\/\/www.progeriaresearch.org\/ta\/#organization"},"potentialAction":[{"@type":"SearchAction","target":{"@type":"EntryPoint","urlTemplate":"https:\/\/www.progeriaresearch.org\/ta\/?s={search_term_string}"},"query-input":{"@type":"PropertyValueSpecification","valueRequired":true,"valueName":"search_term_string"}}],"inLanguage":"fr-FR"},{"@type":"Organization","@id":"https:\/\/www.progeriaresearch.org\/ta\/#organization","name":"La Fondation de recherche sur la prog\u00e9ria","url":"https:\/\/www.progeriaresearch.org\/ta\/","logo":{"@type":"ImageObject","inLanguage":"fr-FR","@id":"https:\/\/www.progeriaresearch.org\/ta\/#\/schema\/logo\/image\/","url":"https:\/\/www.progeriaresearch.org\/wp-content\/uploads\/2019\/05\/PRF_Logo_2019_optimized.png","contentUrl":"https:\/\/www.progeriaresearch.org\/wp-content\/uploads\/2019\/05\/PRF_Logo_2019_optimized.png","width":300,"height":86,"caption":"The Progeria Research Foundation"},"image":{"@id":"https:\/\/www.progeriaresearch.org\/ta\/#\/schema\/logo\/image\/"},"sameAs":["https:\/\/www.facebook.com\/ProgeriaResearch\/","https:\/\/x.com\/Progeria","https:\/\/www.instagram.com\/progeriaresearch\/"]},{"@type":"Person","@id":"https:\/\/www.progeriaresearch.org\/ta\/#\/schema\/person\/2be6cec85c11aaef7a7602636c5b9946","name":"Karen Betournay","image":{"@type":"ImageObject","inLanguage":"fr-FR","@id":"https:\/\/www.progeriaresearch.org\/ta\/#\/schema\/person\/image\/","url":"https:\/\/secure.gravatar.com\/avatar\/78c0520933a7d708c5e1a5788ec6799d5e2ad6a2a6d4ff2ca1e512861d12f533?s=96&d=mm&r=g","contentUrl":"https:\/\/secure.gravatar.com\/avatar\/78c0520933a7d708c5e1a5788ec6799d5e2ad6a2a6d4ff2ca1e512861d12f533?s=96&d=mm&r=g","caption":"Karen Betournay"},"url":"https:\/\/www.progeriaresearch.org\/fr\/author\/karenb\/"}]}},"_links":{"self":[{"href":"https:\/\/www.progeriaresearch.org\/fr\/wp-json\/wp\/v2\/posts\/16689","targetHints":{"allow":["GET"]}}],"collection":[{"href":"https:\/\/www.progeriaresearch.org\/fr\/wp-json\/wp\/v2\/posts"}],"about":[{"href":"https:\/\/www.progeriaresearch.org\/fr\/wp-json\/wp\/v2\/types\/post"}],"author":[{"embeddable":true,"href":"https:\/\/www.progeriaresearch.org\/fr\/wp-json\/wp\/v2\/users\/2"}],"replies":[{"embeddable":true,"href":"https:\/\/www.progeriaresearch.org\/fr\/wp-json\/wp\/v2\/comments?post=16689"}],"version-history":[{"count":0,"href":"https:\/\/www.progeriaresearch.org\/fr\/wp-json\/wp\/v2\/posts\/16689\/revisions"}],"wp:featuredmedia":[{"embeddable":true,"href":"https:\/\/www.progeriaresearch.org\/fr\/wp-json\/wp\/v2\/media\/16730"}],"wp:attachment":[{"href":"https:\/\/www.progeriaresearch.org\/fr\/wp-json\/wp\/v2\/media?parent=16689"}],"wp:term":[{"taxonomy":"category","embeddable":true,"href":"https:\/\/www.progeriaresearch.org\/fr\/wp-json\/wp\/v2\/categories?post=16689"},{"taxonomy":"post_tag","embeddable":true,"href":"https:\/\/www.progeriaresearch.org\/fr\/wp-json\/wp\/v2\/tags?post=16689"}],"curies":[{"name":"wp","href":"https:\/\/api.w.org\/{rel}","templated":true}]}}