{"id":2028,"date":"2012-05-16T12:01:59","date_gmt":"2012-05-16T12:01:59","guid":{"rendered":"https:\/\/www.progeriaresearch.org\/?p=2028"},"modified":"2020-12-10T18:27:50","modified_gmt":"2020-12-10T23:27:50","slug":"a-special-thank-you","status":"publish","type":"post","link":"https:\/\/www.progeriaresearch.org\/fr\/2012\/05\/16\/a-special-thank-you\/","title":{"rendered":"Un merci sp\u00e9cial\u2026"},"content":{"rendered":"<p>[et_pb_section fb_built=\u201d1\u2033 _builder_version=\u201d3.22\u2033][et_pb_row _builder_version=\u201d3.25\u2033 background_size=\u201dinitial\u201d background_position=\u201dtop_left\u201d background_repeat=\u201dr\u00e9p\u00e9ter\u201d][et_pb_column type=\u201d4_4\u2033 _builder_version=\u201d3.25\u2033 custom_padding=\u201d|||\u201d custom_padding__hover=\u201d|||\u201d][et_pb_text _builder_version=\u201d4.6.5\u2033 background_size=\u201dinitial\u201d background_position=\u201dtop_left\u201d background_repeat=\u201dr\u00e9p\u00e9ter\u201d hover_enabled=\u201d0\u2033 sticky_enabled=\u201d0\u2033]<\/p>\n<p>La merveilleuse nouvelle d\u2019un traitement efficace se fait entendre dans le monde entier, tandis que les familles, les chercheurs et les sympathisants de la PRF c\u00e9l\u00e8brent cette \u00e9tape historique. Nous rendons hommage aux nombreuses personnes et organisations formidables qui ont contribu\u00e9 \u00e0 rendre cette journ\u00e9e possible.<\/p>\n<div id=\"secondary-header-content\">\n<p><strong>NOUS N&#039;AURIONS PAS PU LE FAIRE SANS VOUS...<\/strong><\/p>\n<p><strong>Aux enfants atteints de prog\u00e9ria et \u00e0 leurs familles, merci pour votre esprit inspirant et votre courage sans bornes. \u00c0 nos donateurs et b\u00e9n\u00e9voles, merci pour votre engagement ind\u00e9fectible, votre g\u00e9n\u00e9rosit\u00e9 sans faille et votre \u00e9nergie sans fin.<\/strong><\/p>\n<div id=\"attachment_2029\" style=\"width: 585px\" class=\"wp-caption aligncenter\"><img loading=\"lazy\" decoding=\"async\" aria-describedby=\"caption-attachment-2029\" class=\"size-full wp-image-2029\" src=\"https:\/\/www.progeriaresearch.org\/wp-content\/uploads\/2017\/05\/trial-kids-noflags.jpg\" alt=\"\" width=\"575\" height=\"194\" srcset=\"https:\/\/www.progeriaresearch.org\/wp-content\/uploads\/2017\/05\/trial-kids-noflags.jpg 575w, https:\/\/www.progeriaresearch.org\/wp-content\/uploads\/2017\/05\/trial-kids-noflags-300x101.jpg 300w\" sizes=\"(max-width: 575px) 100vw, 575px\" \/><p id=\"caption-attachment-2029\" class=\"wp-caption-text\">Les enfants qui ont particip\u00e9 au tout premier essai clinique sur le m\u00e9dicament Progeria, qui a prouv\u00e9 que le m\u00e9dicament FTI lonafarnib est un traitement efficace.<\/p><\/div>\n<p>Nous avons obtenu des r\u00e9sultats r\u00e9volutionnaires lors de ce premier essai gr\u00e2ce aux formidables donateurs qui ont consacr\u00e9 leur temps, leurs talents et leur argent, nous aidant ainsi \u00e0 nous rapprocher un peu plus de notre objectif ultime : trouver un rem\u00e8de contre la prog\u00e9ria. Les logos et les listes repr\u00e9sentent l&#039;\u00e9quipe de l&#039;essai clinique, ainsi que de nombreuses personnes qui ont donn\u00e9 de l&#039;argent, des billets d&#039;avion, des jouets, le m\u00e9dicament, un logement, des trajets vers et depuis l&#039;a\u00e9roport, une assistance voyage, des services de traduction, juridiques et de conception. Nous rendons \u00e9galement hommage aux milliers de personnes qui ont particip\u00e9 \u00e0 des \u00e9v\u00e9nements sp\u00e9ciaux de collecte de fonds qui ont permis de r\u00e9unir les 144 000 000 THB n\u00e9cessaires au PRF pour financer l&#039;essai.<\/p>\n<p style=\"text-align: center;\"><strong>C&#039;est tout cela qui nous a conduit \u00e0 un traitement. Et c&#039;est ce qui nous m\u00e8nera au REM\u00c8DE.\u00a0<\/strong><\/p>\n<p><img loading=\"lazy\" decoding=\"async\" class=\"aligncenter size-full wp-image-2030\" src=\"https:\/\/www.progeriaresearch.org\/wp-content\/uploads\/2017\/05\/Devon-Nicole-House-Logo.jpg\" alt=\"\" width=\"150\" height=\"158\" \/><img loading=\"lazy\" decoding=\"async\" class=\"aligncenter size-full wp-image-2031\" src=\"https:\/\/www.progeriaresearch.org\/wp-content\/uploads\/2017\/05\/Boston-Childrens-Hospital1.jpg\" alt=\"\" width=\"275\" height=\"54\" \/><img loading=\"lazy\" decoding=\"async\" class=\"aligncenter size-full wp-image-2032\" src=\"https:\/\/www.progeriaresearch.org\/wp-content\/uploads\/2017\/05\/Merck.jpg\" alt=\"\" width=\"123\" height=\"38\" \/><img loading=\"lazy\" decoding=\"async\" class=\"aligncenter size-full wp-image-2033\" src=\"https:\/\/www.progeriaresearch.org\/wp-content\/uploads\/2017\/05\/BWHshieldonly1.jpg\" alt=\"\" width=\"150\" height=\"167\" \/><img loading=\"lazy\" decoding=\"async\" class=\"aligncenter size-full wp-image-2034\" src=\"https:\/\/www.progeriaresearch.org\/wp-content\/uploads\/2017\/05\/df-sig-201bk1.jpg\" alt=\"\" width=\"275\" height=\"52\" \/><img loading=\"lazy\" decoding=\"async\" class=\"aligncenter size-full wp-image-2035\" src=\"https:\/\/www.progeriaresearch.org\/wp-content\/uploads\/2017\/05\/NIH_Logo.jpg\" alt=\"\" width=\"150\" height=\"150\" \/><\/p>\n<p class=\"Pa1\"><strong>L&#039;\u00e9quipe d&#039;essais cliniques<\/strong><br \/>Pr\u00e9sident : Mark Kieran, MD, PhD<br \/>Copr\u00e9sidente : Monica Kleinman, docteure en m\u00e9decine<br \/>Copr\u00e9sident : Leslie Gordon, MD, PhD<\/p>\n<p class=\"Pa1\">W. Robert Bishop, Ph. D. \u2013 Merck, Pharmacodynamie<br \/>Dr Robert Cleveland \u2013 Radiologie<br \/>Annette Correia, ergoth\u00e9rapeute \u2013 Ergoth\u00e9rapie<br \/>Brian Fligor, ScD \u2013 Audiologie<br \/>Dr Marie Gerhard-Herman \u2013 Cardiologie<br \/>Anita Giobbie-Hurder, MS- Statistiques<br \/>Docteure en m\u00e9decine Catherine Gordon \u2013 Endocrinologie<br \/>Dr Susanna Huh \u2013 Nutrition et gastroent\u00e9rologie<br \/>Kelly Littlefield \u2013 Coordonnatrice des essais<img loading=\"lazy\" decoding=\"async\" class=\"alignright\" src=\"https:\/\/web.archive.org\/web\/20170216034858im_\/https:\/\/www.progeriaresearch.org\/assets\/images\/medical_images\/Julia-and-Mom.jpg\" alt=\"\" width=\"275\" height=\"181\" \/><br \/>Dr Marilyn Liang \u2013 Dermatologie<br \/>David Miller, MD, PhD \u2013 G\u00e9n\u00e9tique<br \/>Ara Nazarian, Ph. D. \u2013 Orthop\u00e9die<br \/>Donna Neuberg, ScD \u2013 Statistiques<br \/>Christine Ploski, PT, MS, PCS \u2013 Physioth\u00e9rapie<br \/>Nicolle Quinn, M.Sc., Dt.P., LDN \u2013 Nutrition<br \/>Amy Regen, DMD \u2013 Dentisterie<br \/>Susan Riley, PT, MS, DPT, PCS \u2013 Physioth\u00e9rapie<br \/>Armin Schwartzman, Ph. D. \u2013 Statistiques<br \/>Dr Leslie Smoot \u2013 Cardiologie<br \/>Dr Brian Snyder, Ph. D. \u2013 Orthop\u00e9die<br \/>Andrew Sonis, DMD \u2013 Dentisterie<br \/>Paul Statkevich, Ph. D. \u2013 Merck, Pharmacocin\u00e9tique<br \/>Nicole Ullrich, MD, PhD \u2013 Neurologie<br \/>Nicole Wake \u2013 Cardiologie<\/p>\n<p><strong>Ambassadeurs du PRF<\/strong><br \/>Yokasta Abreu<br \/>Nadeem Akram<br \/>Sandra Batakis<br \/>Donna Bertko<img loading=\"lazy\" decoding=\"async\" class=\"alignright\" src=\"https:\/\/web.archive.org\/web\/20170216034858im_\/https:\/\/www.progeriaresearch.org\/assets\/images\/medical_images\/Italy-Families.jpg\" alt=\"\" width=\"275\" height=\"263\" \/><br \/>Anu Bhimavarapu<br \/>Lola Busta<br \/>Rich Cummings<br \/>Jen Davis<br \/>Meg Gannon<br \/>Audrey Gordon<br \/>Barbara Gordon<br \/>Kyra Johnson<br \/>Audrey Lampert<br \/>Kristin Long<br \/>Ali Massoud<br \/>Jessica Mullen<br \/>Kim Paratore<br \/>Debbie Ponn<br \/>Vickie Robbin<br \/>Alicia Sheridan<br \/>Susan Sussman<br \/>Shyam Tanguturi<br \/>Thais Van Kirk<br \/>H\u00e9l\u00e8ne Bielawa<\/p>\n<p><strong>Tous ceux qui ont particip\u00e9 aux \u00e9v\u00e9nements sp\u00e9ciaux suivants qui ont eu lieu de juin 2006 \u00e0 d\u00e9cembre 2008 :<\/strong><\/p>\n<p><strong>\u00c9v\u00e9nements PRF<\/strong><br \/>La nuit des merveilles<br \/>Course internationale pour la recherche<br \/>Poker pour la prog\u00e9ria<strong><br \/><\/strong><\/p>\n<p><strong>\u00c9v\u00e9nements organis\u00e9s par le chapitre CALIFORNIE<\/strong><br \/>Retour aux ann\u00e9es 50, St. Paul, MN<br \/>BobCo Auto <strong>Super Tour du F-100<\/strong>, Lac Elisnore, Californie<br \/>\u00c9v\u00e9nement \u00ab Drive the Cure for Progeria \u00bb organis\u00e9 par Sioux Falls Ford, Sioux Falls, Dakota du Sud<br \/>Festival de performances uniques, Farmers Branch, Texas<br \/>Salon de l&#039;automobile Wheels &#039;n Waves, Santa Barbara, Californie<br \/>F\u00eate de la premi\u00e8re ann\u00e9e \u00e0 Braselton, Braselton, G\u00e9orgie<br \/><img loading=\"lazy\" decoding=\"async\" class=\"alignright\" src=\"https:\/\/web.archive.org\/web\/20170216034858im_\/https:\/\/www.progeriaresearch.org\/assets\/images\/medical_images\/Sumaira--Feb-10-2009-078.jpg\" alt=\"\" width=\"275\" height=\"170\" \/><\/p>\n<p><strong>Dirig\u00e9 par le chapitre du MICHIGAN<\/strong><br \/>Course\/marche amusante Miles for Miracles de Lindsay, Flat Rock, MI<\/p>\n<p><strong>Dirig\u00e9 par le chapitre OHIO (tous les \u00e9v\u00e9nements ont eu lieu dans l&#039;Ohio)<\/strong><br \/>G\u00e2teau p\u00e8re\/fils de la meute des louveteaux 205, Maumee<br \/>Vente de garage et de p\u00e2tisseries Halko, St. Mary&#039;s<\/p>\n<p><strong>Course\/Marche de Kaylee pour la prog\u00e9ria, Montclova<\/strong><br \/>Journ\u00e9e des chapeaux \u00e0 l&#039;\u00e9cole \u00e9l\u00e9mentaire Lial, Whitehouse<br \/>Vente de p\u00e2tisseries\/tombola \u00e0 l&#039;h\u00f4pital Mercy et \u00e0 la clinique Defiance, Defiance<br \/>\u00c9v\u00e9nements \u00e0 l&#039;\u00e9cole interm\u00e9diaire Park Street, Grove City<br \/>Rock-a-thon de l&#039;\u00e9cole Sainte-Jeanne-d&#039;Arc, Tol\u00e8de<br \/>\u00c9v\u00e9nement Saturne de Tol\u00e8de\/Radio K100, Tol\u00e8de<br \/>Vente d&#039;arbres de No\u00ebl \u00e0 la ferme Whitehouse Christmas Tree Farm, Whitehouse<\/p>\n<p><strong>Autres \u00e9v\u00e9nements<\/strong><br \/>Plusieurs activit\u00e9s organis\u00e9es par l&#039;Association italienne pour la prog\u00e9ria \u2013 Sammy Basso (AIPro.Sa.B.), Italie<br \/>\u00c9v\u00e9nements Bud Boys, Hamilton, Ontario, Canada<br \/>March\u00e9s mondiaux CIBC, Journ\u00e9e du miracle aux \u00c9tats-Unis<br \/>Journ\u00e9e IDEAL, Evansville, IN<br \/>Tournoi de golf de Chris Kempf, Evansville, IN<br \/>Les nombreux \u00e9v\u00e9nements de tante Luciana, Argentine<br \/>Soir\u00e9e annuelle de bienfaisance Megan Nighbor \u00e0 Markesan, Wisconsin<br \/>Course d&#039;Ory pour la recherche, MI<br \/>Salon de l&#039;auto Rock &#039;Til You Drop, Ft. Meyers, FL<br \/>Magasinez autour de 3 Hutchins Drive, Foxboro, MA<br \/>Marche en l&#039;honneur de Kristian McGuiness, Middleboro, MA<br \/>Plus de quarante \u00e9v\u00e9nements qui ont eu lieu partout dans le monde, organis\u00e9s par nos b\u00e9n\u00e9voles Miracle Maker !<br \/>Soir\u00e9e Steakhouse Outback du voisin, Madison, Wisconsin<br \/>Parachutisme pour la prog\u00e9ria !, New York, NY<br \/>Marathon de Boston de Meg Gannon, Boston, MA<\/p>\n<p><strong>Fondations priv\u00e9es<\/strong><br \/>Fondation John W. Alden<br \/>Fondation Alum-A-Pole<br \/>Fonds de bienfaisance Amelia Peabody<br \/>Fondation Jacob Neil Boger<br \/>Fondation pour les enfants Rachel Liba Cardozo<img loading=\"lazy\" decoding=\"async\" class=\"alignright\" src=\"https:\/\/web.archive.org\/web\/20170216034858im_\/https:\/\/www.progeriaresearch.org\/assets\/images\/medical_images\/Claudia-and-parents.jpg\" alt=\"\" width=\"275\" height=\"265\" \/><br \/>Fondation caritative Carl C. Anderson et Marie Jo Anderson<br \/>Fondation Charles Henry Leach II<br \/>Pharmacie CVS<br \/>Fonds caritatif Joe DiGeronimo<br \/>Fondation Jack et Pauline Freeman<br \/>Fondation caritative Krauss<br \/>Fondation MCJ Amelior<br \/>Fondation comm\u00e9morative Michael Scotto<br \/>Fondation de la famille Gordon H. et Karen Millner<br \/>Fondation Newman<br \/>Fondation Pistons-Palace<br \/>Fondation de la famille Ritzow<br \/>Fondation Santa Barbara<br \/>Fondation Teammates for Kids<br \/>La Fondation Auen<br \/>Fondation UPS,<br \/>Fonds de donateurs Henry &amp; Beate Voremberg<br \/>Fonds philanthropique Sandra et Tim Wuliger<br \/>Fondation Yawkey<br \/>Fondation de la famille Zuckerman<\/p>\n<p><strong>Donateurs individuels<\/strong><br \/>Pr\u00e8s de 500 d\u2019entre vous ont fait un don de $5 \u00e0 $500 000 \u2013 <strong>MERCI \u00c0 TOUS POUR VOTRE G\u00c9N\u00c9ROSIT\u00c9 !<\/strong><strong> \u00a0\u00a0\u00a0\u00a0\u00a0\u00a0<\/strong><\/p>\n<\/div>\n<p>[\/et_pb_text][\/et_pb_column][\/et_pb_row][\/et_pb_section]<\/p>","protected":false},"excerpt":{"rendered":"<p>[et_pb_section fb_built=&#8221;1&#8243; _builder_version=&#8221;3.22&#8243;][et_pb_row _builder_version=&#8221;3.25&#8243; background_size=&#8221;initial&#8221; background_position=&#8221;top_left&#8221; background_repeat=&#8221;repeat&#8221;][et_pb_column type=&#8221;4_4&#8243; _builder_version=&#8221;3.25&#8243; custom_padding=&#8221;|||&#8221; custom_padding__hover=&#8221;|||&#8221;][et_pb_text _builder_version=&#8221;4.6.5&#8243; background_size=&#8221;initial&#8221; background_position=&#8221;top_left&#8221; background_repeat=&#8221;repeat&#8221; hover_enabled=&#8221;0&#8243; sticky_enabled=&#8221;0&#8243;] The wonderful news of an effective treatment is being heard around the world, as families, researchers, and PRF supporters celebrate this historic milestone. We pay tribute to the many wonderful people and organizations that helped make this day [&hellip;]<\/p>","protected":false},"author":1,"featured_media":2029,"comment_status":"open","ping_status":"open","sticky":false,"template":"","format":"standard","meta":{"_et_pb_use_builder":"on","_et_pb_old_content":"<p>The wonderful news of an effective treatment is being heard around the world, as families, researchers, and PRF supporters celebrate this historic milestone. We pay tribute to the many wonderful people and organizations that helped make this day possible.<\/p><div id=\"secondary-header-content\"><p><strong>WE COULDN\u2019T HAVE DONE IT WITHOUT YOU\u2026<\/strong><\/p><p><strong>To the children with Progeria and their families, thank you for your inspirational spirit and boundless courage.\u00a0\u00a0 To our donors and volunteers, thank you for your steadfast commitment, your unwavering generosity, and your endless energy.<\/strong><\/p>[caption id=\"attachment_2029\" align=\"aligncenter\" width=\"575\"]<img class=\"size-full wp-image-2029\" src=\"https:\/\/www.progeriaresearch.org\/wp-content\/uploads\/2017\/05\/trial-kids-noflags.jpg\" alt=\"\" width=\"575\" height=\"194\" \/> The children who participated in the first-ever Progeria clinical drug trial, which proved that the FTI drug lonafarnib is an effective treatment.[\/caption]<p>We achieved breakthrough results in this first trial because of the tremendous supporters who provided their time, talents and treasure, helping get us one step closer to achieving our ultimate goal of a cure for Progeria. The logos and lists represent the clinical trial team, as well as many who gave money, plane tickets, toys, the drug, housing, rides to and from the airport, travel assistance, and translation, legal and design services.\u00a0 We also recognize the thousands of people who participated in special fundraising events that helped raise the $2 million needed for PRF to fund the trial.<\/p><p style=\"text-align: center;\"><strong>ALL of this is what got us to a treatment.\u00a0 And it is what will lead us to the CURE.\u00a0<\/strong><\/p><p><img class=\"aligncenter size-full wp-image-2030\" src=\"https:\/\/www.progeriaresearch.org\/wp-content\/uploads\/2017\/05\/Devon-Nicole-House-Logo.jpg\" alt=\"\" width=\"150\" height=\"158\" \/><img class=\"aligncenter size-full wp-image-2031\" src=\"https:\/\/www.progeriaresearch.org\/wp-content\/uploads\/2017\/05\/Boston-Childrens-Hospital1.jpg\" alt=\"\" width=\"275\" height=\"54\" \/><img class=\"aligncenter size-full wp-image-2032\" src=\"https:\/\/www.progeriaresearch.org\/wp-content\/uploads\/2017\/05\/Merck.jpg\" alt=\"\" width=\"123\" height=\"38\" \/><img class=\"aligncenter size-full wp-image-2033\" src=\"https:\/\/www.progeriaresearch.org\/wp-content\/uploads\/2017\/05\/BWHshieldonly1.jpg\" alt=\"\" width=\"150\" height=\"167\" \/><img class=\"aligncenter size-full wp-image-2034\" src=\"https:\/\/www.progeriaresearch.org\/wp-content\/uploads\/2017\/05\/df-sig-201bk1.jpg\" alt=\"\" width=\"275\" height=\"52\" \/><img class=\"aligncenter size-full wp-image-2035\" src=\"https:\/\/www.progeriaresearch.org\/wp-content\/uploads\/2017\/05\/NIH_Logo.jpg\" alt=\"\" width=\"150\" height=\"150\" \/><\/p><p class=\"Pa1\"><strong>The Clinical Trial Team<\/strong><br \/>Chair: Mark Kieran, MD, PhD<br \/>Co-chair: Monica Kleinman, MD<br \/>Co-chair: Leslie Gordon, MD, PhD<\/p><p class=\"Pa1\">W. Robert Bishop, PhD \u2013 Merck, Pharmacodynamics<br \/>Robert Cleveland, MD - Radiology<br \/>Annette Correia, OT - Occupational Therapy<br \/>Brian Fligor, ScD - \u00a0Audiology<br \/>Marie Gerhard-Herman, MD \u2013 Cardiology<br \/>Anita Giobbie-Hurder, MS- Statistics<br \/>Catherine Gordon, MD - Endocrinology<br \/>Susanna Huh, MD - Nutrition and Gastroenterology<br \/>Kelly Littlefield - Trial Coordinator<img class=\"alignright\" src=\"https:\/\/web.archive.org\/web\/20170216034858im_\/https:\/\/www.progeriaresearch.org\/assets\/images\/medical_images\/Julia-and-Mom.jpg\" alt=\"\" width=\"275\" height=\"181\" \/><br \/>Marilyn Liang, MD - Dermatology<br \/>David Miller, MD, PhD \u2013 Genetics<br \/>Ara Nazarian, PhD - Orthopedics<br \/>Donna Neuberg, ScD \u2013 Statistics<br \/>Christine Ploski, PT, MS, PCS - Physical Therapy<br \/>Nicolle Quinn, MS, RD, LDN - Nutrition<br \/>Amy Regen, DMD - Dentistry<br \/>Susan Riley, PT, MS, DPT, PCS - Physical Therapy<br \/>Armin Schwartzman, PhD \u2013 Statistics<br \/>Leslie Smoot, MD - Cardiology<br \/>Brian Snyder, MD, PhD - Orthopedics<br \/>Andrew Sonis, DMD - Dentistry<br \/>Paul Statkevich, PhD \u2013 Merck, Pharmacokinetics<br \/>Nicole Ullrich, MD, PhD - Neurology<br \/>Nicole Wake \u2013 Cardiology<\/p><p><strong>PRF Ambassadors<\/strong><br \/>Yokasta Abreu<br \/>Nadeem Akram<br \/>Sandra Batakis<br \/>Donna Bertko<img class=\"alignright\" src=\"https:\/\/web.archive.org\/web\/20170216034858im_\/https:\/\/www.progeriaresearch.org\/assets\/images\/medical_images\/Italy-Families.jpg\" alt=\"\" width=\"275\" height=\"263\" \/><br \/>Anu Bhimavarapu<br \/>Lola Busta<br \/>Rich Cummings<br \/>Jen Davis<br \/>Meg Gannon<br \/>Audrey Gordon<br \/>Barbara Gordon<br \/>Kyra Johnson<br \/>Audrey Lampert<br \/>Kristin Long<br \/>Ali Masood<br \/>Jessica Mullen<br \/>Kim Paratore<br \/>Debbie Ponn<br \/>Vickie Robbin<br \/>Alicia Sheridan<br \/>Susan Sussman<br \/>Shyam Tanguturi<br \/>Thais VanKirk<br \/>Helen Bielawa<\/p><p><strong>Everyone who participated in the following special events that took place from June 2006 - December 2008:<\/strong><\/p><p><strong>PRF Events<\/strong><br \/>Night of Wonder<br \/>International Race for Research<br \/>Poker for Progeria<strong><br \/><\/strong><\/p><p><strong>Events led by the CALIFORNIA Chapter<\/strong><br \/>Back to the 50\u2019s Show, St. Paul, MN<br \/>BobCo Auto\u2019s <strong>F-100 Super Tour<\/strong>, Lake Elisnore, CA<br \/>Sioux Falls Ford \u201cDrive the Cure for Progeria\u201d Event, Sioux Falls, SD<br \/>UniquePerformance Fest, Farmers Branch, TX<br \/>Wheels \u2018n Waves car show, Santa Barbara, CA<br \/>YearOne Braselton Bash, Braselton, GA<br \/><img class=\"alignright\" src=\"https:\/\/web.archive.org\/web\/20170216034858im_\/https:\/\/www.progeriaresearch.org\/assets\/images\/medical_images\/Sumaira--Feb-10-2009-078.jpg\" alt=\"\" width=\"275\" height=\"170\" \/><\/p><p><strong>Led by the MICHIGAN Chapter<\/strong><br \/>Lindsay\u2019s Miles for Miracles Fun Run\/Walk, Flat Rock, MI<\/p><p><strong>Led by the OHIO Chapter (all events took place in Ohio)<\/strong><br \/>Cub Scout Pack 205 Father\/Son Cake Bake, Maumee<br \/>Halko Garage & Bake Sale, St. Mary\u2019s<\/p><p><strong>Kaylee\u2019s Course Run\/Walk for Progeria, Montclova<\/strong><br \/>Lial Elementary School\u2019s Hats-On Day, Whitehouse<br \/>Mercy Hospital and Defiance Clinic Bake Sale\/Raffle, Defiance<br \/>Park Street Intermediate School events, Grove City<br \/>St. Joan of Arc School\u2019s Rock-a-thon, Toledo<br \/>Saturn of Toledo\/Radio K100 event, Toledo<br \/>Whitehouse Christmas Tree Farm tree sales event, Whitehouse<\/p><p><strong>Other Events<\/strong><br \/>Many organized by Italian Association for Progeria - Sammy Basso (A.I.Pro.Sa.B.), Italy<br \/>Bud Boys events, Hamilton, Ontario, Canada<br \/>CIBC World Markets, Miracle Day USA<br \/>IDEAL Day, Evansville, IN<br \/>Chris Kempf\u2019s Golf Tournament, Evansville, IN<br \/>Aunt Luciana\u2019s many events, Argentina<br \/>Annual Megan Nighbor Benefit in Markesan, WI<br \/>Ory\u2019s Race for Research, MI<br \/>Rock 'Til You Drop car show, Ft. Meyers, FL<br \/>Shop Around 3 Hutchins Drive, Foxboro, MA<br \/>Walk in Honor of Kristian McGuiness, Middleboro, MA<br \/>Over forty events that took place all over the world, run by our Miracle Maker volunteers!<br \/>The Nighbor\u2019s Outback Steakhouse Night, Madison, WI<br \/>Parachuting for Progeria!, New York, NY<br \/>Meg Gannon\u2019s Boston Marathon Run, Boston, MA<\/p><p><strong>Private Foundations<\/strong><br \/>John W. Alden Trust<br \/>Alum-A-Pole Foundation<br \/>Amelia Peabody Charitable Fund<br \/>Jacob Neil Boger Foundation<br \/>Rachel Liba Cardozo Children's Foundation<img class=\"alignright\" src=\"https:\/\/web.archive.org\/web\/20170216034858im_\/https:\/\/www.progeriaresearch.org\/assets\/images\/medical_images\/Claudia-and-parents.jpg\" alt=\"\" width=\"275\" height=\"265\" \/><br \/>Carl C. Anderson & Marie Jo Anderson\u00a0 Charitable Foundation<br \/>Charles Henry Leach, II Foundation<br \/>CVS Pharmacy<br \/>Joe DiGeronimo Charitable Fund<br \/>Jack and Pauline Freeman Foundation<br \/>Krauss Charitable Foundation<br \/>MCJ Amelior Foundation<br \/>Michael Scotto Memorial Foundation<br \/>Gordon H. & Karen Millner Family Foundation<br \/>Newman's Own Foundation<br \/>Pistons-Palace Foundation<br \/>Ritzow Family Foundation<br \/>Santa Barbara Foundation<br \/>Teammates for Kids Foundation<br \/>The Auen Foundation<br \/>UPS Foundation,<br \/>Henry & Beate Voremberg Donor Advised Fund<br \/>Sandra and Tim Wuliger Philanthropic Fund<br \/>Yawkey Foundation<br \/>Zuckerman Family Foundation<\/p><p><strong>Individual Donors<\/strong><br \/>Nearly 500 of you donated from $5 to $500,000 \u2013 <strong>THANK YOU ALL FOR YOUR GENEROSITY!<\/strong><strong> \u00a0\u00a0\u00a0\u00a0\u00a0\u00a0<\/strong><\/p><\/div>","_et_gb_content_width":"","footnotes":"","_links_to":"","_links_to_target":""},"categories":[2],"tags":[],"class_list":["post-2028","post","type-post","status-publish","format-standard","has-post-thumbnail","hentry","category-news"],"yoast_head":"<!-- This site is optimized with the Yoast SEO plugin v26.8 - https:\/\/yoast.com\/product\/yoast-seo-wordpress\/ -->\n<title>A Special Thank You\u2026 - The Progeria Research Foundation<\/title>\n<meta name=\"robots\" content=\"index, follow, max-snippet:-1, max-image-preview:large, max-video-preview:-1\" \/>\n<link rel=\"canonical\" href=\"https:\/\/www.progeriaresearch.org\/fr\/2012\/05\/16\/a-special-thank-you\/\" \/>\n<meta property=\"og:locale\" content=\"fr_FR\" \/>\n<meta property=\"og:type\" content=\"article\" \/>\n<meta property=\"og:title\" content=\"A Special Thank You\u2026 - The Progeria Research Foundation\" \/>\n<meta property=\"og:description\" content=\"[et_pb_section fb_built=&#8221;1&#8243; _builder_version=&#8221;3.22&#8243;][et_pb_row _builder_version=&#8221;3.25&#8243; background_size=&#8221;initial&#8221; background_position=&#8221;top_left&#8221; background_repeat=&#8221;repeat&#8221;][et_pb_column type=&#8221;4_4&#8243; _builder_version=&#8221;3.25&#8243; custom_padding=&#8221;|||&#8221; custom_padding__hover=&#8221;|||&#8221;][et_pb_text _builder_version=&#8221;4.6.5&#8243; background_size=&#8221;initial&#8221; background_position=&#8221;top_left&#8221; background_repeat=&#8221;repeat&#8221; hover_enabled=&#8221;0&#8243; sticky_enabled=&#8221;0&#8243;] The wonderful news of an effective treatment is being heard around the world, as families, researchers, and PRF supporters celebrate this historic milestone. We pay tribute to the many wonderful people and organizations that helped make this day [&hellip;]\" \/>\n<meta property=\"og:url\" content=\"https:\/\/www.progeriaresearch.org\/fr\/2012\/05\/16\/a-special-thank-you\/\" \/>\n<meta property=\"og:site_name\" content=\"The Progeria Research Foundation\" \/>\n<meta property=\"article:publisher\" content=\"https:\/\/www.facebook.com\/ProgeriaResearch\/\" \/>\n<meta property=\"article:published_time\" content=\"2012-05-16T12:01:59+00:00\" \/>\n<meta property=\"article:modified_time\" content=\"2020-12-10T23:27:50+00:00\" \/>\n<meta property=\"og:image\" content=\"https:\/\/www.progeriaresearch.org\/wp-content\/uploads\/2017\/05\/trial-kids-noflags.jpg\" \/>\n\t<meta property=\"og:image:width\" content=\"575\" \/>\n\t<meta property=\"og:image:height\" content=\"194\" \/>\n\t<meta property=\"og:image:type\" content=\"image\/jpeg\" \/>\n<meta name=\"author\" content=\"gravoc\" \/>\n<meta name=\"twitter:card\" content=\"summary_large_image\" \/>\n<meta name=\"twitter:creator\" content=\"@Progeria\" \/>\n<meta name=\"twitter:site\" content=\"@Progeria\" \/>\n<meta name=\"twitter:label1\" content=\"Written by\" \/>\n\t<meta name=\"twitter:data1\" content=\"gravoc\" \/>\n\t<meta name=\"twitter:label2\" content=\"Est. reading time\" \/>\n\t<meta name=\"twitter:data2\" content=\"4 minutes\" \/>\n<script type=\"application\/ld+json\" class=\"yoast-schema-graph\">{\"@context\":\"https:\/\/schema.org\",\"@graph\":[{\"@type\":\"Article\",\"@id\":\"https:\/\/www.progeriaresearch.org\/ar\/2012\/05\/16\/a-special-thank-you\/#article\",\"isPartOf\":{\"@id\":\"https:\/\/www.progeriaresearch.org\/ar\/2012\/05\/16\/a-special-thank-you\/\"},\"author\":{\"name\":\"gravoc\",\"@id\":\"https:\/\/www.progeriaresearch.org\/ta\/#\/schema\/person\/a3c935a81e92242c6a77ae0018542928\"},\"headline\":\"A Special Thank You\u2026\",\"datePublished\":\"2012-05-16T12:01:59+00:00\",\"dateModified\":\"2020-12-10T23:27:50+00:00\",\"mainEntityOfPage\":{\"@id\":\"https:\/\/www.progeriaresearch.org\/ar\/2012\/05\/16\/a-special-thank-you\/\"},\"wordCount\":814,\"commentCount\":0,\"publisher\":{\"@id\":\"https:\/\/www.progeriaresearch.org\/ta\/#organization\"},\"image\":{\"@id\":\"https:\/\/www.progeriaresearch.org\/ar\/2012\/05\/16\/a-special-thank-you\/#primaryimage\"},\"thumbnailUrl\":\"https:\/\/www.progeriaresearch.org\/wp-content\/uploads\/2017\/05\/trial-kids-noflags.jpg\",\"articleSection\":[\"News\"],\"inLanguage\":\"fr-FR\",\"potentialAction\":[{\"@type\":\"CommentAction\",\"name\":\"Comment\",\"target\":[\"https:\/\/www.progeriaresearch.org\/ar\/2012\/05\/16\/a-special-thank-you\/#respond\"]}]},{\"@type\":\"WebPage\",\"@id\":\"https:\/\/www.progeriaresearch.org\/ar\/2012\/05\/16\/a-special-thank-you\/\",\"url\":\"https:\/\/www.progeriaresearch.org\/ar\/2012\/05\/16\/a-special-thank-you\/\",\"name\":\"A Special Thank You\u2026 - The Progeria Research Foundation\",\"isPartOf\":{\"@id\":\"https:\/\/www.progeriaresearch.org\/ta\/#website\"},\"primaryImageOfPage\":{\"@id\":\"https:\/\/www.progeriaresearch.org\/ar\/2012\/05\/16\/a-special-thank-you\/#primaryimage\"},\"image\":{\"@id\":\"https:\/\/www.progeriaresearch.org\/ar\/2012\/05\/16\/a-special-thank-you\/#primaryimage\"},\"thumbnailUrl\":\"https:\/\/www.progeriaresearch.org\/wp-content\/uploads\/2017\/05\/trial-kids-noflags.jpg\",\"datePublished\":\"2012-05-16T12:01:59+00:00\",\"dateModified\":\"2020-12-10T23:27:50+00:00\",\"breadcrumb\":{\"@id\":\"https:\/\/www.progeriaresearch.org\/ar\/2012\/05\/16\/a-special-thank-you\/#breadcrumb\"},\"inLanguage\":\"fr-FR\",\"potentialAction\":[{\"@type\":\"ReadAction\",\"target\":[\"https:\/\/www.progeriaresearch.org\/ar\/2012\/05\/16\/a-special-thank-you\/\"]}]},{\"@type\":\"ImageObject\",\"inLanguage\":\"fr-FR\",\"@id\":\"https:\/\/www.progeriaresearch.org\/ar\/2012\/05\/16\/a-special-thank-you\/#primaryimage\",\"url\":\"https:\/\/www.progeriaresearch.org\/wp-content\/uploads\/2017\/05\/trial-kids-noflags.jpg\",\"contentUrl\":\"https:\/\/www.progeriaresearch.org\/wp-content\/uploads\/2017\/05\/trial-kids-noflags.jpg\",\"width\":575,\"height\":194,\"caption\":\"The children who participated in the first-ever Progeria clinical drug trial, which proved that the FTI drug lonafarnib is an effective treatment.\"},{\"@type\":\"BreadcrumbList\",\"@id\":\"https:\/\/www.progeriaresearch.org\/ar\/2012\/05\/16\/a-special-thank-you\/#breadcrumb\",\"itemListElement\":[{\"@type\":\"ListItem\",\"position\":1,\"name\":\"Home\",\"item\":\"https:\/\/www.progeriaresearch.org\/\"},{\"@type\":\"ListItem\",\"position\":2,\"name\":\"A Special Thank You\u2026\"}]},{\"@type\":\"WebSite\",\"@id\":\"https:\/\/www.progeriaresearch.org\/ta\/#website\",\"url\":\"https:\/\/www.progeriaresearch.org\/ta\/\",\"name\":\"The Progeria Research Foundation\",\"description\":\"For the Children \u2665 For the Cure\",\"publisher\":{\"@id\":\"https:\/\/www.progeriaresearch.org\/ta\/#organization\"},\"potentialAction\":[{\"@type\":\"SearchAction\",\"target\":{\"@type\":\"EntryPoint\",\"urlTemplate\":\"https:\/\/www.progeriaresearch.org\/ta\/?s={search_term_string}\"},\"query-input\":{\"@type\":\"PropertyValueSpecification\",\"valueRequired\":true,\"valueName\":\"search_term_string\"}}],\"inLanguage\":\"fr-FR\"},{\"@type\":\"Organization\",\"@id\":\"https:\/\/www.progeriaresearch.org\/ta\/#organization\",\"name\":\"The Progeria Research Foundation\",\"url\":\"https:\/\/www.progeriaresearch.org\/ta\/\",\"logo\":{\"@type\":\"ImageObject\",\"inLanguage\":\"fr-FR\",\"@id\":\"https:\/\/www.progeriaresearch.org\/ta\/#\/schema\/logo\/image\/\",\"url\":\"https:\/\/www.progeriaresearch.org\/wp-content\/uploads\/2019\/05\/PRF_Logo_2019_optimized.png\",\"contentUrl\":\"https:\/\/www.progeriaresearch.org\/wp-content\/uploads\/2019\/05\/PRF_Logo_2019_optimized.png\",\"width\":300,\"height\":86,\"caption\":\"The Progeria Research Foundation\"},\"image\":{\"@id\":\"https:\/\/www.progeriaresearch.org\/ta\/#\/schema\/logo\/image\/\"},\"sameAs\":[\"https:\/\/www.facebook.com\/ProgeriaResearch\/\",\"https:\/\/x.com\/Progeria\",\"https:\/\/www.instagram.com\/progeriaresearch\/\"]},{\"@type\":\"Person\",\"@id\":\"https:\/\/www.progeriaresearch.org\/ta\/#\/schema\/person\/a3c935a81e92242c6a77ae0018542928\",\"name\":\"gravoc\",\"image\":{\"@type\":\"ImageObject\",\"inLanguage\":\"fr-FR\",\"@id\":\"https:\/\/www.progeriaresearch.org\/ta\/#\/schema\/person\/image\/\",\"url\":\"https:\/\/secure.gravatar.com\/avatar\/cee2d206466fdbfc70635d168190f07f615d6e9c97c316eb6a88b5b563efdd7b?s=96&d=mm&r=g\",\"contentUrl\":\"https:\/\/secure.gravatar.com\/avatar\/cee2d206466fdbfc70635d168190f07f615d6e9c97c316eb6a88b5b563efdd7b?s=96&d=mm&r=g\",\"caption\":\"gravoc\"},\"url\":\"https:\/\/www.progeriaresearch.org\/fr\/author\/gravoc\/\"}]}<\/script>\n<!-- \/ Yoast SEO plugin. -->","yoast_head_json":{"title":"A Special Thank You\u2026 - The Progeria Research Foundation","robots":{"index":"index","follow":"follow","max-snippet":"max-snippet:-1","max-image-preview":"max-image-preview:large","max-video-preview":"max-video-preview:-1"},"canonical":"https:\/\/www.progeriaresearch.org\/fr\/2012\/05\/16\/a-special-thank-you\/","og_locale":"fr_FR","og_type":"article","og_title":"A Special Thank You\u2026 - The Progeria Research Foundation","og_description":"[et_pb_section fb_built=&#8221;1&#8243; _builder_version=&#8221;3.22&#8243;][et_pb_row _builder_version=&#8221;3.25&#8243; background_size=&#8221;initial&#8221; background_position=&#8221;top_left&#8221; background_repeat=&#8221;repeat&#8221;][et_pb_column type=&#8221;4_4&#8243; _builder_version=&#8221;3.25&#8243; custom_padding=&#8221;|||&#8221; custom_padding__hover=&#8221;|||&#8221;][et_pb_text _builder_version=&#8221;4.6.5&#8243; background_size=&#8221;initial&#8221; background_position=&#8221;top_left&#8221; background_repeat=&#8221;repeat&#8221; hover_enabled=&#8221;0&#8243; sticky_enabled=&#8221;0&#8243;] The wonderful news of an effective treatment is being heard around the world, as families, researchers, and PRF supporters celebrate this historic milestone. We pay tribute to the many wonderful people and organizations that helped make this day [&hellip;]","og_url":"https:\/\/www.progeriaresearch.org\/fr\/2012\/05\/16\/a-special-thank-you\/","og_site_name":"The Progeria Research Foundation","article_publisher":"https:\/\/www.facebook.com\/ProgeriaResearch\/","article_published_time":"2012-05-16T12:01:59+00:00","article_modified_time":"2020-12-10T23:27:50+00:00","og_image":[{"width":575,"height":194,"url":"https:\/\/www.progeriaresearch.org\/wp-content\/uploads\/2017\/05\/trial-kids-noflags.jpg","type":"image\/jpeg"}],"author":"gravoc","twitter_card":"summary_large_image","twitter_creator":"@Progeria","twitter_site":"@Progeria","twitter_misc":{"Written by":"gravoc","Est. reading time":"4 minutes"},"schema":{"@context":"https:\/\/schema.org","@graph":[{"@type":"Article","@id":"https:\/\/www.progeriaresearch.org\/ar\/2012\/05\/16\/a-special-thank-you\/#article","isPartOf":{"@id":"https:\/\/www.progeriaresearch.org\/ar\/2012\/05\/16\/a-special-thank-you\/"},"author":{"name":"gravoc","@id":"https:\/\/www.progeriaresearch.org\/ta\/#\/schema\/person\/a3c935a81e92242c6a77ae0018542928"},"headline":"A Special Thank You\u2026","datePublished":"2012-05-16T12:01:59+00:00","dateModified":"2020-12-10T23:27:50+00:00","mainEntityOfPage":{"@id":"https:\/\/www.progeriaresearch.org\/ar\/2012\/05\/16\/a-special-thank-you\/"},"wordCount":814,"commentCount":0,"publisher":{"@id":"https:\/\/www.progeriaresearch.org\/ta\/#organization"},"image":{"@id":"https:\/\/www.progeriaresearch.org\/ar\/2012\/05\/16\/a-special-thank-you\/#primaryimage"},"thumbnailUrl":"https:\/\/www.progeriaresearch.org\/wp-content\/uploads\/2017\/05\/trial-kids-noflags.jpg","articleSection":["News"],"inLanguage":"fr-FR","potentialAction":[{"@type":"CommentAction","name":"Comment","target":["https:\/\/www.progeriaresearch.org\/ar\/2012\/05\/16\/a-special-thank-you\/#respond"]}]},{"@type":"WebPage","@id":"https:\/\/www.progeriaresearch.org\/ar\/2012\/05\/16\/a-special-thank-you\/","url":"https:\/\/www.progeriaresearch.org\/ar\/2012\/05\/16\/a-special-thank-you\/","name":"A Special Thank You\u2026 - The Progeria Research Foundation","isPartOf":{"@id":"https:\/\/www.progeriaresearch.org\/ta\/#website"},"primaryImageOfPage":{"@id":"https:\/\/www.progeriaresearch.org\/ar\/2012\/05\/16\/a-special-thank-you\/#primaryimage"},"image":{"@id":"https:\/\/www.progeriaresearch.org\/ar\/2012\/05\/16\/a-special-thank-you\/#primaryimage"},"thumbnailUrl":"https:\/\/www.progeriaresearch.org\/wp-content\/uploads\/2017\/05\/trial-kids-noflags.jpg","datePublished":"2012-05-16T12:01:59+00:00","dateModified":"2020-12-10T23:27:50+00:00","breadcrumb":{"@id":"https:\/\/www.progeriaresearch.org\/ar\/2012\/05\/16\/a-special-thank-you\/#breadcrumb"},"inLanguage":"fr-FR","potentialAction":[{"@type":"ReadAction","target":["https:\/\/www.progeriaresearch.org\/ar\/2012\/05\/16\/a-special-thank-you\/"]}]},{"@type":"ImageObject","inLanguage":"fr-FR","@id":"https:\/\/www.progeriaresearch.org\/ar\/2012\/05\/16\/a-special-thank-you\/#primaryimage","url":"https:\/\/www.progeriaresearch.org\/wp-content\/uploads\/2017\/05\/trial-kids-noflags.jpg","contentUrl":"https:\/\/www.progeriaresearch.org\/wp-content\/uploads\/2017\/05\/trial-kids-noflags.jpg","width":575,"height":194,"caption":"The children who participated in the first-ever Progeria clinical drug trial, which proved that the FTI drug lonafarnib is an effective treatment."},{"@type":"BreadcrumbList","@id":"https:\/\/www.progeriaresearch.org\/ar\/2012\/05\/16\/a-special-thank-you\/#breadcrumb","itemListElement":[{"@type":"ListItem","position":1,"name":"Home","item":"https:\/\/www.progeriaresearch.org\/"},{"@type":"ListItem","position":2,"name":"A Special Thank You\u2026"}]},{"@type":"WebSite","@id":"https:\/\/www.progeriaresearch.org\/ta\/#website","url":"https:\/\/www.progeriaresearch.org\/ta\/","name":"La Fondation de recherche sur la prog\u00e9ria","description":"Pour les enfants \u2665 Pour la gu\u00e9rison","publisher":{"@id":"https:\/\/www.progeriaresearch.org\/ta\/#organization"},"potentialAction":[{"@type":"SearchAction","target":{"@type":"EntryPoint","urlTemplate":"https:\/\/www.progeriaresearch.org\/ta\/?s={search_term_string}"},"query-input":{"@type":"PropertyValueSpecification","valueRequired":true,"valueName":"search_term_string"}}],"inLanguage":"fr-FR"},{"@type":"Organization","@id":"https:\/\/www.progeriaresearch.org\/ta\/#organization","name":"La Fondation de recherche sur la prog\u00e9ria","url":"https:\/\/www.progeriaresearch.org\/ta\/","logo":{"@type":"ImageObject","inLanguage":"fr-FR","@id":"https:\/\/www.progeriaresearch.org\/ta\/#\/schema\/logo\/image\/","url":"https:\/\/www.progeriaresearch.org\/wp-content\/uploads\/2019\/05\/PRF_Logo_2019_optimized.png","contentUrl":"https:\/\/www.progeriaresearch.org\/wp-content\/uploads\/2019\/05\/PRF_Logo_2019_optimized.png","width":300,"height":86,"caption":"The Progeria Research Foundation"},"image":{"@id":"https:\/\/www.progeriaresearch.org\/ta\/#\/schema\/logo\/image\/"},"sameAs":["https:\/\/www.facebook.com\/ProgeriaResearch\/","https:\/\/x.com\/Progeria","https:\/\/www.instagram.com\/progeriaresearch\/"]},{"@type":"Person","@id":"https:\/\/www.progeriaresearch.org\/ta\/#\/schema\/person\/a3c935a81e92242c6a77ae0018542928","name":"gravoc","image":{"@type":"ImageObject","inLanguage":"fr-FR","@id":"https:\/\/www.progeriaresearch.org\/ta\/#\/schema\/person\/image\/","url":"https:\/\/secure.gravatar.com\/avatar\/cee2d206466fdbfc70635d168190f07f615d6e9c97c316eb6a88b5b563efdd7b?s=96&d=mm&r=g","contentUrl":"https:\/\/secure.gravatar.com\/avatar\/cee2d206466fdbfc70635d168190f07f615d6e9c97c316eb6a88b5b563efdd7b?s=96&d=mm&r=g","caption":"gravoc"},"url":"https:\/\/www.progeriaresearch.org\/fr\/author\/gravoc\/"}]}},"_links":{"self":[{"href":"https:\/\/www.progeriaresearch.org\/fr\/wp-json\/wp\/v2\/posts\/2028","targetHints":{"allow":["GET"]}}],"collection":[{"href":"https:\/\/www.progeriaresearch.org\/fr\/wp-json\/wp\/v2\/posts"}],"about":[{"href":"https:\/\/www.progeriaresearch.org\/fr\/wp-json\/wp\/v2\/types\/post"}],"author":[{"embeddable":true,"href":"https:\/\/www.progeriaresearch.org\/fr\/wp-json\/wp\/v2\/users\/1"}],"replies":[{"embeddable":true,"href":"https:\/\/www.progeriaresearch.org\/fr\/wp-json\/wp\/v2\/comments?post=2028"}],"version-history":[{"count":0,"href":"https:\/\/www.progeriaresearch.org\/fr\/wp-json\/wp\/v2\/posts\/2028\/revisions"}],"wp:featuredmedia":[{"embeddable":true,"href":"https:\/\/www.progeriaresearch.org\/fr\/wp-json\/wp\/v2\/media\/2029"}],"wp:attachment":[{"href":"https:\/\/www.progeriaresearch.org\/fr\/wp-json\/wp\/v2\/media?parent=2028"}],"wp:term":[{"taxonomy":"category","embeddable":true,"href":"https:\/\/www.progeriaresearch.org\/fr\/wp-json\/wp\/v2\/categories?post=2028"},{"taxonomy":"post_tag","embeddable":true,"href":"https:\/\/www.progeriaresearch.org\/fr\/wp-json\/wp\/v2\/tags?post=2028"}],"curies":[{"name":"wp","href":"https:\/\/api.w.org\/{rel}","templated":true}]}}