{"id":20799,"date":"2025-08-08T10:11:20","date_gmt":"2025-08-08T14:11:20","guid":{"rendered":"https:\/\/www.progeriaresearch.org\/?p=20799"},"modified":"2026-01-13T13:38:13","modified_gmt":"2026-01-13T18:38:13","slug":"gene-editing","status":"publish","type":"post","link":"https:\/\/www.progeriaresearch.org\/fr\/2025\/08\/08\/gene-editing\/","title":{"rendered":"Le New Yorker pr\u00e9sente l&#039;\u00e9dition g\u00e9n\u00e9tique de la prog\u00e9ria : le PRF est sur la voie de la GU\u00c9RISON DE LA PROG\u00c9RIA !"},"content":{"rendered":"<p>[et_pb_section fb_built=&#8221;1&#8243; _builder_version=&#8221;4.27.4&#8243; global_colors_info=&#8221;{}&#8221; theme_builder_area=&#8221;post_content&#8221;][et_pb_row _builder_version=&#8221;4.27.4&#8243; _module_preset=&#8221;default&#8221; custom_margin=&#8221;-74px|auto||auto|false|false&#8221; global_colors_info=&#8221;{}&#8221; theme_builder_area=&#8221;post_content&#8221;][et_pb_column type=&#8221;4_4&#8243; _builder_version=&#8221;4.27.4&#8243; _module_preset=&#8221;default&#8221; global_colors_info=&#8221;{}&#8221; theme_builder_area=&#8221;post_content&#8221;][et_pb_text admin_label=&#8221;Path &#038; Alptug images&#8221; _builder_version=&#8221;4.27.4&#8243; _module_preset=&#8221;default&#8221; global_colors_info=&#8221;{}&#8221; theme_builder_area=&#8221;post_content&#8221;]<\/p>\n<p><img loading=\"lazy\" decoding=\"async\" class=\"wp-image-20802  aligncenter\" style=\"display: block; margin-left: auto; margin-right: auto;\" src=\"https:\/\/www.progeriaresearch.org\/wp-content\/uploads\/2025\/08\/PTCP_wPRF-1024x511.jpg\" alt=\"\" width=\"491\" height=\"245\" \/><\/p>\n<p><img loading=\"lazy\" decoding=\"async\" class=\"wp-image-20805  aligncenter\" style=\"display: block; margin-left: auto; margin-right: auto;\" src=\"https:\/\/www.progeriaresearch.org\/wp-content\/uploads\/2025\/08\/Alptug-in-frame-1-1024x768.jpg\" alt=\"\" width=\"390\" height=\"293\" \/><\/p>\n<p>[\/et_pb_text][et_pb_text _builder_version=&#8221;4.27.4&#8243; _module_preset=&#8221;default&#8221; global_colors_info=&#8221;{}&#8221; theme_builder_area=&#8221;post_content&#8221;]<\/p>\n<p style=\"font-weight: 400;\">Comme d\u00e9crit dans l&#039;article de premi\u00e8re page du New Yorker du 11 ao\u00fbt 2025**, intitul\u00e9 <em>Comment une maladie ultra-rare acc\u00e9l\u00e8re le vieillissement,\u00a0<\/em>\u00a0La Fondation de recherche sur la prog\u00e9ria est ravie d&#039;annoncer le projet pionnier sur la prog\u00e9ria\u00a0<strong>Programme d&#039;\u00e9dition g\u00e9n\u00e9tique.<\/strong>\u00a0<\/p>\n<p style=\"font-weight: 400;\">**<a href=\"https:\/\/www.newyorker.com\/magazine\/2025\/08\/18\/how-an-ultra-rare-disease-accelerates-aging\"><strong>Cliquez ici<\/strong><\/a> pour lire l&#039;article complet.<\/p>\n<p>[\/et_pb_text][et_pb_testimonial quote_icon_color=&#8221;#FFFFFF&#8221; quote_icon_background_color=&#8221;#8FD2ED&#8221; admin_label=&#8221;KayleeQuote&#8221; _builder_version=&#8221;4.27.4&#8243; _module_preset=&#8221;default&#8221; min_height=&#8221;83px&#8221; custom_margin=&#8221;0px||||false|false&#8221; custom_padding=&#8221;1px||12px||false|false&#8221; hover_enabled=&#8221;0&#8243; border_radii=&#8221;on|35px|35px|35px|35px&#8221; border_width_all=&#8221;2px&#8221; border_color_all=&#8221;#00B2E2&#8243; global_colors_info=&#8221;{}&#8221; theme_builder_area=&#8221;post_content&#8221; sticky_enabled=&#8221;0&#8243;]<\/p>\n<p>&nbsp;<\/p>\n<p><strong>\u201c Je suis impliqu\u00e9e dans le PRF depuis toujours \u201d, explique Kaylee, 22 ans, originaire de l&#039;Ohio et dont le portrait est largement diffus\u00e9 dans l&#039;article du New Yorker. \u201c Je suis vraiment enthousiaste \u00e0 propos de la th\u00e9rapie g\u00e9nique sur laquelle ils travaillent ! \u201d<\/strong><\/p>\n<p>[\/et_pb_testimonial][et_pb_text admin_label=&#8221;Kaylee image and Base editing text&#8221; _builder_version=&#8221;4.27.4&#8243; _module_preset=&#8221;default&#8221; global_colors_info=&#8221;{}&#8221; theme_builder_area=&#8221;post_content&#8221;]<\/p>\n<p><img loading=\"lazy\" decoding=\"async\" class=\"wp-image-20858 aligncenter\" src=\"https:\/\/www.progeriaresearch.org\/wp-content\/uploads\/2025\/08\/MEKayleedog-2025-copy.jpg\" alt=\"\" width=\"341\" height=\"348\" \/><\/p>\n<p><strong>Th\u00e9rapie d&#039;\u00e9dition de base<\/strong>\u00a0utilise la technologie CRISPR pour cibler et corriger une base d\u2019ADN sp\u00e9cifique (ou \u00ab lettre \u00bb) dans le code g\u00e9n\u00e9tique. <strong>\u00c9tant donn\u00e9 que la prog\u00e9ria est caus\u00e9e par une modification d\u2019une seule lettre de l\u2019ADN, elle est parfaitement adapt\u00e9e \u00e0 ce type de th\u00e9rapie g\u00e9nique.<\/strong><\/p>\n<p>[\/et_pb_text][et_pb_text admin_label=&#8221;Progeria Gene Dream Team&#8221; _builder_version=&#8221;4.27.4&#8243; _module_preset=&#8221;default&#8221; custom_margin=&#8221;||0px||false|false&#8221; global_colors_info=&#8221;{}&#8221; theme_builder_area=&#8221;post_content&#8221;]<\/p>\n<h4><span style=\"color: #3366ff;\"><strong>L&#039;\u00e9quipe g\u00e9n\u00e9tique de la prog\u00e9ria <\/strong><\/span><\/h4>\n<p>La PRF collabore avec une \u00e9quipe extraordinaire de scientifiques et d&#039;innovateurs de renomm\u00e9e mondiale. Gr\u00e2ce \u00e0 leur travail acharn\u00e9 et \u00e0 leur d\u00e9vouement, cette th\u00e9rapie transformatrice devient r\u00e9alit\u00e9\u00a0:<\/p>\n<p><img loading=\"lazy\" decoding=\"async\" class=\"wp-image-20844  aligncenter\" src=\"https:\/\/www.progeriaresearch.org\/wp-content\/uploads\/2025\/08\/Gene-Team-.jpg\" alt=\"\" width=\"859\" height=\"346\" srcset=\"https:\/\/www.progeriaresearch.org\/wp-content\/uploads\/2025\/08\/Gene-Team-.jpg 859w, https:\/\/www.progeriaresearch.org\/wp-content\/uploads\/2025\/08\/Gene-Team--480x193.jpg 480w\" sizes=\"(min-width: 0px) and (max-width: 480px) 480px, (min-width: 481px) 859px, 100vw\" \/>De haut \u00e0 gauche \u00e0 bas \u00e0 droite :<br \/><strong>Dr Francis Collins, Ph. D.<\/strong>\u00a0\u2013 Partenaire de recherche de longue date sur la prog\u00e9ria et ancien directeur des National Institutes of Health (NIH)<br \/><strong>Dr Michael Erdos<\/strong>\u00a0\u2013 Chercheur associ\u00e9, Section de g\u00e9n\u00e9tique mol\u00e9culaire, Institut national de recherche sur le g\u00e9nome humain (NHGRI)<br \/><strong>Dr Leslie Gordon, Ph. D.<\/strong>\u00a0\u2013 Cofondateur et directeur m\u00e9dical du PRF, et le plus grand expert mondial de la prog\u00e9ria<br \/><strong>David Liu, Ph. D.<\/strong>\u00a0\u2013 Scientifique du Broad Institute du MIT et de l&#039;Universit\u00e9 Harvard, fondateur de\u00a0<strong>\u00c9dition de base<\/strong><strong>\u00a0<\/strong>Technologie de th\u00e9rapie g\u00e9nique<br \/>*<a href=\"https:\/\/www.progeriaresearch.org\/fr\/2024\/10\/09\/mourning-the-loss-of-prf-ambassador-sammy-basso\/\"><strong>Sammy Basso<\/strong><\/a>, MS, co-fondateur de l&#039;Associazione Italiana Progeria Sammy Basso et ambassadeur du PRF, a fait partie int\u00e9grante de cette \u00e9quipe jusqu&#039;\u00e0 son d\u00e9c\u00e8s en octobre 2024.<\/p>\n<p>&nbsp;<\/p>\n<p>[\/et_pb_text][et_pb_text admin_label=&#8221;Mouse Model&#8221; _builder_version=&#8221;4.27.4&#8243; _module_preset=&#8221;default&#8221; global_colors_info=&#8221;{}&#8221; theme_builder_area=&#8221;post_content&#8221;]<\/p>\n<h4><span style=\"color: #3366ff;\"><strong>Du mod\u00e8le murin aux essais cliniques<\/strong><\/span><\/h4>\n<p>L&#039;\u00e9quipe g\u00e9n\u00e9tique de la Prog\u00e9ria et les membres de leur laboratoire ont d\u00e9montr\u00e9 pour la premi\u00e8re fois que l&#039;\u00e9dition g\u00e9n\u00e9tique pouvait <strong>augmenter consid\u00e9rablement la dur\u00e9e de vie<\/strong> du mod\u00e8le de souris Progeria \u2014 par une \u00e9tonnante\u00a0<strong>140%<\/strong>\u00a0\u2014 une d\u00e9couverte qui a \u00e9t\u00e9 publi\u00e9e dans l\u2019une des plus grandes revues scientifiques du monde,\u00a0<a href=\"https:\/\/www.progeriaresearch.org\/fr\/2021\/01\/06\/kicking-off-the-new-year-with-exciting-research-news\/\"><strong><em>Nature<\/em><\/strong><\/a>S\u2019appuyant sur cette r\u00e9alisation remarquable, l\u2019\u00e9quipe a affin\u00e9 le m\u00e9dicament et se concentre d\u00e9sormais sur les \u00e9tapes n\u00e9cessaires pour d\u00e9marrer un essai clinique : la fabrication du m\u00e9dicament, l\u2019engagement avec la FDA am\u00e9ricaine et le d\u00e9veloppement de protocoles d\u2019essais cliniques.<\/p>\n<p>Le voyage \u00e0 venir sera en plusieurs \u00e9tapes, techniquement compliqu\u00e9 et co\u00fbteux. <strong>PRF est d\u00e9termin\u00e9 \u00e0 relever tous les d\u00e9fis pour apporter la th\u00e9rapie g\u00e9nique aux enfants et aux jeunes adultes atteints de Progeria.<\/strong><\/p>\n<p>[\/et_pb_text][et_pb_text admin_label=&#8221;Community-Driven Mission&#8221; _builder_version=&#8221;4.27.4&#8243; _module_preset=&#8221;default&#8221; global_colors_info=&#8221;{}&#8221; theme_builder_area=&#8221;post_content&#8221;]<\/p>\n<h4><span style=\"color: #3366ff;\"><strong>Une mission ax\u00e9e sur la communaut\u00e9<\/strong><\/span><\/h4>\n<p><strong>La communaut\u00e9 Progeria nous a accompagn\u00e9s \u00e0 chaque \u00e9tape du processus.<\/strong> L&#039;\u00e9quipe de direction du PRF organise r\u00e9guli\u00e8rement des r\u00e9unions en ligne avec des familles atteintes de Progeria dans le monde entier. Elles sont donc nos partenaires dans ce voyage vers la gu\u00e9rison.<\/p>\n<p>De plus, les implications de ce travail pourraient s\u2019\u00e9tendre bien au-del\u00e0 de la prog\u00e9ria. <strong>En plus de gu\u00e9rir la prog\u00e9ria, nous ouvrons la voie \u00e0 d\u2019autres maladies rares. <\/strong>Cela pourrait donc constituer une avanc\u00e9e majeure non seulement pour la prog\u00e9ria, mais aussi pour d\u2019autres maladies qui ont longtemps \u00e9t\u00e9 n\u00e9glig\u00e9es.<i><\/i><\/p>\n<p>[\/et_pb_text][et_pb_testimonial quote_icon_color=&#8221;#FFFFFF&#8221; quote_icon_background_color=&#8221;#8FD2ED&#8221; admin_label=&#8221;Liu Quote&#8221; _builder_version=&#8221;4.27.4&#8243; _module_preset=&#8221;default&#8221; min_height=&#8221;83px&#8221; custom_margin=&#8221;0px||||false|false&#8221; custom_padding=&#8221;1px||12px||false|false&#8221; border_radii=&#8221;on|35px|35px|35px|35px&#8221; border_width_all=&#8221;2px&#8221; border_color_all=&#8221;#00B2E2&#8243; global_colors_info=&#8221;{}&#8221; theme_builder_area=&#8221;post_content&#8221;]<\/p>\n<p>&nbsp;<\/p>\n<p><strong>\u00ab L\u2019espoir de notre \u00e9quipe est d\u2019utiliser l\u2019\u00e9dition de base pour corriger la cause profonde de la prog\u00e9ria, ouvrant ainsi la voie \u00e0 un rem\u00e8de potentiel pour les enfants atteints de prog\u00e9ria, ainsi qu\u2019\u00e0 faire progresser les traitements pour des millions d\u2019autres enfants atteints de maladies g\u00e9n\u00e9tiques mortelles. \u00bb<\/strong><\/p>\n<p>[\/et_pb_testimonial][et_pb_text admin_label=&#8221;Liu &#038; Sammy B&#8221; _builder_version=&#8221;4.27.4&#8243; _module_preset=&#8221;default&#8221; global_colors_info=&#8221;{}&#8221; theme_builder_area=&#8221;post_content&#8221;]<\/p>\n<p><img loading=\"lazy\" decoding=\"async\" class=\"wp-image-20859 aligncenter\" src=\"https:\/\/www.progeriaresearch.org\/wp-content\/uploads\/2025\/08\/David-Lui-Sammy-Basso.jpg\" alt=\"\" width=\"400\" height=\"336\" \/><strong>David Liu,\u00a0<a title=\"https:\/\/www.youtube.com\/watch?v=IMpczE6WDzQ\" href=\"https:\/\/www.youtube.com\/watch?v=IMpczE6WDzQ\" data-outlook-id=\"1a2d9f3a-689d-4ed7-b6a7-79154ecb3e35\">Laur\u00e9at du prix Breakthrough 2025 en sciences de la vie<\/a> pour le d\u00e9veloppement du montage de base et du montage principal, avec Sammy Basso \u00e0 la conf\u00e9rence Brilliant Minds en Su\u00e8de en 2023. Ils ont re\u00e7u une ovation debout pour leur pr\u00e9sentation sur le montage de base et la prog\u00e9ria.<\/strong><br \/><i><\/i><\/p>\n<p>[\/et_pb_text][et_pb_text admin_label=&#8221;Your Support is Vital&#8221; _builder_version=&#8221;4.27.4&#8243; _module_preset=&#8221;default&#8221; custom_margin=&#8221;8px|||||&#8221; global_colors_info=&#8221;{}&#8221; theme_builder_area=&#8221;post_content&#8221;]<\/p>\n<h4><span style=\"color: #3366ff;\"><strong>Votre soutien est vital <\/strong><\/span><\/h4>\n<p>La th\u00e9rapie g\u00e9nique est le type de m\u00e9dicament le plus prometteur et le plus co\u00fbteux \u00e0 fabriquer. <strong>L&#039;engagement ind\u00e9fectible des partisans passionn\u00e9s du PRF comme vous fera de l&#039;\u00e9dition g\u00e9n\u00e9tique de la Progeria une r\u00e9alit\u00e9.<\/strong><\/p>\n<p>&nbsp;<\/p>\n<h3><img loading=\"lazy\" decoding=\"async\" class=\"wp-image-20807  alignright\" src=\"https:\/\/www.progeriaresearch.org\/wp-content\/uploads\/2025\/08\/Amina-handsin-frame-979x1024.jpg\" alt=\"\" width=\"291\" height=\"304\" \/><\/h3>\n<h3><\/h3>\n<h4 style=\"text-align: center;\"><strong>Ensemble, nous sommes \u00e0 l\u2019aube de quelque chose d\u2019extraordinaire. <\/strong><\/h4>\n<h4 style=\"text-align: center;\"><\/h4>\n<h4 style=\"text-align: center;\"><\/h4>\n<h4 style=\"text-align: center;\"><span style=\"color: #3366ff;\"><strong><\/strong><\/span><\/h4>\n<h4 style=\"text-align: center;\"><span style=\"color: #3366ff;\"><strong>Ensemble, nous <em>VOLONT\u00c9<\/em> trouve le rem\u00e8de !<\/strong><\/span><\/h4>\n<p>[\/et_pb_text][et_pb_button button_url=&#8221;https:\/\/www.progeriaresearch.org\/2025\/05\/27\/rdd-2025-cimus\/?form=donate&#8221; button_text=&#8221;Donate to Fund Progeria Gene Therapy!&#8221; button_alignment=&#8221;center&#8221; admin_label=&#8221;Donate button&#8221; _builder_version=&#8221;4.27.4&#8243; _module_preset=&#8221;default&#8221; button_text_color=&#8221;#FFFFFF&#8221; button_bg_color=&#8221;#00B2E2&#8243; button_border_color=&#8221;#00B2E2&#8243; background_layout=&#8221;dark&#8221; custom_margin=&#8221;50px||||false|false&#8221; global_colors_info=&#8221;{}&#8221; theme_builder_area=&#8221;post_content&#8221;][\/et_pb_button][\/et_pb_column][\/et_pb_row][\/et_pb_section]<\/p>","protected":false},"excerpt":{"rendered":"<p>Le 11 ao\u00fbt 2025, cette publication de premier plan a publi\u00e9 un article d\u00e9taill\u00e9 d\u00e9taillant l&#039;histoire, les r\u00e9alisations et les efforts actuels de la PRF pour d\u00e9velopper une th\u00e9rapie g\u00e9nique susceptible de nous rapprocher de la gu\u00e9rison de la prog\u00e9ria. Notre extraordinaire parcours touche des millions de personnes \u00e0 travers le monde\u00a0!<\/p>","protected":false},"author":2,"featured_media":20856,"comment_status":"closed","ping_status":"closed","sticky":false,"template":"","format":"standard","meta":{"_et_pb_use_builder":"on","_et_pb_old_content":"","_et_gb_content_width":"","footnotes":"","_links_to":"","_links_to_target":""},"categories":[11,2,1],"tags":[],"class_list":["post-20799","post","type-post","status-publish","format-standard","has-post-thumbnail","hentry","category-homepage-news","category-news","category-uncategorized"],"yoast_head":"<!-- This site is optimized with the Yoast SEO plugin v26.8 - https:\/\/yoast.com\/product\/yoast-seo-wordpress\/ -->\n<title>Gene Editing: PRF I The Progeria Research Foundation<\/title>\n<meta name=\"description\" content=\"On August 11, 2025, this top-tier publication featured an in-depth article detailing PRF\u2019s history, accomplishments, and present focus on the Gene Therapy that could bring us closer to curing Progeria. Our extraordinary journey is reaching millions more throughout the world!\" \/>\n<meta name=\"robots\" content=\"index, follow, max-snippet:-1, max-image-preview:large, max-video-preview:-1\" \/>\n<link rel=\"canonical\" href=\"https:\/\/www.progeriaresearch.org\/fr\/2025\/08\/08\/gene-editing\/\" \/>\n<meta property=\"og:locale\" content=\"fr_FR\" \/>\n<meta property=\"og:type\" content=\"article\" \/>\n<meta property=\"og:title\" content=\"Gene Editing: PRF I The Progeria Research Foundation\" \/>\n<meta property=\"og:description\" content=\"On August 11, 2025, this top-tier publication featured an in-depth article detailing PRF\u2019s history, accomplishments, and present focus on the Gene Therapy that could bring us closer to curing Progeria. Our extraordinary journey is reaching millions more throughout the world!\" \/>\n<meta property=\"og:url\" content=\"https:\/\/www.progeriaresearch.org\/fr\/2025\/08\/08\/gene-editing\/\" \/>\n<meta property=\"og:site_name\" content=\"The Progeria Research Foundation\" \/>\n<meta property=\"article:publisher\" content=\"https:\/\/www.facebook.com\/ProgeriaResearch\/\" \/>\n<meta property=\"article:published_time\" content=\"2025-08-08T14:11:20+00:00\" \/>\n<meta property=\"article:modified_time\" content=\"2026-01-13T18:38:13+00:00\" \/>\n<meta property=\"og:image\" content=\"https:\/\/www.progeriaresearch.org\/wp-content\/uploads\/2025\/08\/New-yorker-featured-image.jpg\" \/>\n\t<meta property=\"og:image:width\" content=\"1000\" \/>\n\t<meta property=\"og:image:height\" content=\"1000\" \/>\n\t<meta property=\"og:image:type\" content=\"image\/jpeg\" \/>\n<meta name=\"author\" content=\"Karen Betournay\" \/>\n<meta name=\"twitter:card\" content=\"summary_large_image\" \/>\n<meta name=\"twitter:creator\" content=\"@Progeria\" \/>\n<meta name=\"twitter:site\" content=\"@Progeria\" \/>\n<meta name=\"twitter:label1\" content=\"Written by\" \/>\n\t<meta name=\"twitter:data1\" content=\"Karen Betournay\" \/>\n\t<meta name=\"twitter:label2\" content=\"Est. reading time\" \/>\n\t<meta name=\"twitter:data2\" content=\"4 minutes\" \/>\n<script type=\"application\/ld+json\" class=\"yoast-schema-graph\">{\"@context\":\"https:\/\/schema.org\",\"@graph\":[{\"@type\":\"Article\",\"@id\":\"https:\/\/www.progeriaresearch.org\/ta\/2025\/08\/08\/gene-editing\/#article\",\"isPartOf\":{\"@id\":\"https:\/\/www.progeriaresearch.org\/ta\/2025\/08\/08\/gene-editing\/\"},\"author\":{\"name\":\"Karen Betournay\",\"@id\":\"https:\/\/www.progeriaresearch.org\/ta\/#\/schema\/person\/2be6cec85c11aaef7a7602636c5b9946\"},\"headline\":\"New Yorker Features Progeria Gene Editing: PRF is on the Path to CURE PROGERIA!\",\"datePublished\":\"2025-08-08T14:11:20+00:00\",\"dateModified\":\"2026-01-13T18:38:13+00:00\",\"mainEntityOfPage\":{\"@id\":\"https:\/\/www.progeriaresearch.org\/ta\/2025\/08\/08\/gene-editing\/\"},\"wordCount\":1056,\"publisher\":{\"@id\":\"https:\/\/www.progeriaresearch.org\/ta\/#organization\"},\"image\":{\"@id\":\"https:\/\/www.progeriaresearch.org\/ta\/2025\/08\/08\/gene-editing\/#primaryimage\"},\"thumbnailUrl\":\"https:\/\/www.progeriaresearch.org\/wp-content\/uploads\/2025\/08\/New-yorker-featured-image.jpg\",\"articleSection\":[\"Homepage News\",\"News\",\"Uncategorized\"],\"inLanguage\":\"fr-FR\"},{\"@type\":\"WebPage\",\"@id\":\"https:\/\/www.progeriaresearch.org\/ta\/2025\/08\/08\/gene-editing\/\",\"url\":\"https:\/\/www.progeriaresearch.org\/ta\/2025\/08\/08\/gene-editing\/\",\"name\":\"Gene Editing: PRF I The Progeria Research Foundation\",\"isPartOf\":{\"@id\":\"https:\/\/www.progeriaresearch.org\/ta\/#website\"},\"primaryImageOfPage\":{\"@id\":\"https:\/\/www.progeriaresearch.org\/ta\/2025\/08\/08\/gene-editing\/#primaryimage\"},\"image\":{\"@id\":\"https:\/\/www.progeriaresearch.org\/ta\/2025\/08\/08\/gene-editing\/#primaryimage\"},\"thumbnailUrl\":\"https:\/\/www.progeriaresearch.org\/wp-content\/uploads\/2025\/08\/New-yorker-featured-image.jpg\",\"datePublished\":\"2025-08-08T14:11:20+00:00\",\"dateModified\":\"2026-01-13T18:38:13+00:00\",\"description\":\"On August 11, 2025, this top-tier publication featured an in-depth article detailing PRF\u2019s history, accomplishments, and present focus on the Gene Therapy that could bring us closer to curing Progeria. Our extraordinary journey is reaching millions more throughout the world!\",\"breadcrumb\":{\"@id\":\"https:\/\/www.progeriaresearch.org\/ta\/2025\/08\/08\/gene-editing\/#breadcrumb\"},\"inLanguage\":\"fr-FR\",\"potentialAction\":[{\"@type\":\"ReadAction\",\"target\":[\"https:\/\/www.progeriaresearch.org\/ta\/2025\/08\/08\/gene-editing\/\"]}]},{\"@type\":\"ImageObject\",\"inLanguage\":\"fr-FR\",\"@id\":\"https:\/\/www.progeriaresearch.org\/ta\/2025\/08\/08\/gene-editing\/#primaryimage\",\"url\":\"https:\/\/www.progeriaresearch.org\/wp-content\/uploads\/2025\/08\/New-yorker-featured-image.jpg\",\"contentUrl\":\"https:\/\/www.progeriaresearch.org\/wp-content\/uploads\/2025\/08\/New-yorker-featured-image.jpg\",\"width\":1000,\"height\":1000},{\"@type\":\"BreadcrumbList\",\"@id\":\"https:\/\/www.progeriaresearch.org\/ta\/2025\/08\/08\/gene-editing\/#breadcrumb\",\"itemListElement\":[{\"@type\":\"ListItem\",\"position\":1,\"name\":\"Home\",\"item\":\"https:\/\/www.progeriaresearch.org\/\"},{\"@type\":\"ListItem\",\"position\":2,\"name\":\"New Yorker Features Progeria Gene Editing: PRF is on the Path to CURE PROGERIA!\"}]},{\"@type\":\"WebSite\",\"@id\":\"https:\/\/www.progeriaresearch.org\/ta\/#website\",\"url\":\"https:\/\/www.progeriaresearch.org\/ta\/\",\"name\":\"The Progeria Research Foundation\",\"description\":\"For the Children \u2665 For the Cure\",\"publisher\":{\"@id\":\"https:\/\/www.progeriaresearch.org\/ta\/#organization\"},\"potentialAction\":[{\"@type\":\"SearchAction\",\"target\":{\"@type\":\"EntryPoint\",\"urlTemplate\":\"https:\/\/www.progeriaresearch.org\/ta\/?s={search_term_string}\"},\"query-input\":{\"@type\":\"PropertyValueSpecification\",\"valueRequired\":true,\"valueName\":\"search_term_string\"}}],\"inLanguage\":\"fr-FR\"},{\"@type\":\"Organization\",\"@id\":\"https:\/\/www.progeriaresearch.org\/ta\/#organization\",\"name\":\"The Progeria Research Foundation\",\"url\":\"https:\/\/www.progeriaresearch.org\/ta\/\",\"logo\":{\"@type\":\"ImageObject\",\"inLanguage\":\"fr-FR\",\"@id\":\"https:\/\/www.progeriaresearch.org\/ta\/#\/schema\/logo\/image\/\",\"url\":\"https:\/\/www.progeriaresearch.org\/wp-content\/uploads\/2019\/05\/PRF_Logo_2019_optimized.png\",\"contentUrl\":\"https:\/\/www.progeriaresearch.org\/wp-content\/uploads\/2019\/05\/PRF_Logo_2019_optimized.png\",\"width\":300,\"height\":86,\"caption\":\"The Progeria Research Foundation\"},\"image\":{\"@id\":\"https:\/\/www.progeriaresearch.org\/ta\/#\/schema\/logo\/image\/\"},\"sameAs\":[\"https:\/\/www.facebook.com\/ProgeriaResearch\/\",\"https:\/\/x.com\/Progeria\",\"https:\/\/www.instagram.com\/progeriaresearch\/\"]},{\"@type\":\"Person\",\"@id\":\"https:\/\/www.progeriaresearch.org\/ta\/#\/schema\/person\/2be6cec85c11aaef7a7602636c5b9946\",\"name\":\"Karen Betournay\",\"image\":{\"@type\":\"ImageObject\",\"inLanguage\":\"fr-FR\",\"@id\":\"https:\/\/www.progeriaresearch.org\/ta\/#\/schema\/person\/image\/\",\"url\":\"https:\/\/secure.gravatar.com\/avatar\/78c0520933a7d708c5e1a5788ec6799d5e2ad6a2a6d4ff2ca1e512861d12f533?s=96&d=mm&r=g\",\"contentUrl\":\"https:\/\/secure.gravatar.com\/avatar\/78c0520933a7d708c5e1a5788ec6799d5e2ad6a2a6d4ff2ca1e512861d12f533?s=96&d=mm&r=g\",\"caption\":\"Karen Betournay\"},\"url\":\"https:\/\/www.progeriaresearch.org\/fr\/author\/karenb\/\"}]}<\/script>\n<!-- \/ Yoast SEO plugin. -->","yoast_head_json":{"title":"\u00c9dition g\u00e9n\u00e9tique : PRF I La Fondation de recherche sur la prog\u00e9ria","description":"Le 11 ao\u00fbt 2025, cette publication de premier plan a publi\u00e9 un article d\u00e9taill\u00e9 d\u00e9taillant l&#039;histoire, les r\u00e9alisations et les efforts actuels de la PRF pour d\u00e9velopper une th\u00e9rapie g\u00e9nique susceptible de nous rapprocher de la gu\u00e9rison de la prog\u00e9ria. Notre extraordinaire parcours touche des millions de personnes \u00e0 travers le monde\u00a0!","robots":{"index":"index","follow":"follow","max-snippet":"max-snippet:-1","max-image-preview":"max-image-preview:large","max-video-preview":"max-video-preview:-1"},"canonical":"https:\/\/www.progeriaresearch.org\/fr\/2025\/08\/08\/gene-editing\/","og_locale":"fr_FR","og_type":"article","og_title":"Gene Editing: PRF I The Progeria Research Foundation","og_description":"On August 11, 2025, this top-tier publication featured an in-depth article detailing PRF\u2019s history, accomplishments, and present focus on the Gene Therapy that could bring us closer to curing Progeria. Our extraordinary journey is reaching millions more throughout the world!","og_url":"https:\/\/www.progeriaresearch.org\/fr\/2025\/08\/08\/gene-editing\/","og_site_name":"The Progeria Research Foundation","article_publisher":"https:\/\/www.facebook.com\/ProgeriaResearch\/","article_published_time":"2025-08-08T14:11:20+00:00","article_modified_time":"2026-01-13T18:38:13+00:00","og_image":[{"width":1000,"height":1000,"url":"https:\/\/www.progeriaresearch.org\/wp-content\/uploads\/2025\/08\/New-yorker-featured-image.jpg","type":"image\/jpeg"}],"author":"Karen Betournay","twitter_card":"summary_large_image","twitter_creator":"@Progeria","twitter_site":"@Progeria","twitter_misc":{"Written by":"Karen Betournay","Est. reading time":"4 minutes"},"schema":{"@context":"https:\/\/schema.org","@graph":[{"@type":"Article","@id":"https:\/\/www.progeriaresearch.org\/ta\/2025\/08\/08\/gene-editing\/#article","isPartOf":{"@id":"https:\/\/www.progeriaresearch.org\/ta\/2025\/08\/08\/gene-editing\/"},"author":{"name":"Karen Betournay","@id":"https:\/\/www.progeriaresearch.org\/ta\/#\/schema\/person\/2be6cec85c11aaef7a7602636c5b9946"},"headline":"New Yorker Features Progeria Gene Editing: PRF is on the Path to CURE PROGERIA!","datePublished":"2025-08-08T14:11:20+00:00","dateModified":"2026-01-13T18:38:13+00:00","mainEntityOfPage":{"@id":"https:\/\/www.progeriaresearch.org\/ta\/2025\/08\/08\/gene-editing\/"},"wordCount":1056,"publisher":{"@id":"https:\/\/www.progeriaresearch.org\/ta\/#organization"},"image":{"@id":"https:\/\/www.progeriaresearch.org\/ta\/2025\/08\/08\/gene-editing\/#primaryimage"},"thumbnailUrl":"https:\/\/www.progeriaresearch.org\/wp-content\/uploads\/2025\/08\/New-yorker-featured-image.jpg","articleSection":["Homepage News","News","Uncategorized"],"inLanguage":"fr-FR"},{"@type":"WebPage","@id":"https:\/\/www.progeriaresearch.org\/ta\/2025\/08\/08\/gene-editing\/","url":"https:\/\/www.progeriaresearch.org\/ta\/2025\/08\/08\/gene-editing\/","name":"\u00c9dition g\u00e9n\u00e9tique : PRF I La Fondation de recherche sur la prog\u00e9ria","isPartOf":{"@id":"https:\/\/www.progeriaresearch.org\/ta\/#website"},"primaryImageOfPage":{"@id":"https:\/\/www.progeriaresearch.org\/ta\/2025\/08\/08\/gene-editing\/#primaryimage"},"image":{"@id":"https:\/\/www.progeriaresearch.org\/ta\/2025\/08\/08\/gene-editing\/#primaryimage"},"thumbnailUrl":"https:\/\/www.progeriaresearch.org\/wp-content\/uploads\/2025\/08\/New-yorker-featured-image.jpg","datePublished":"2025-08-08T14:11:20+00:00","dateModified":"2026-01-13T18:38:13+00:00","description":"Le 11 ao\u00fbt 2025, cette publication de premier plan a publi\u00e9 un article d\u00e9taill\u00e9 d\u00e9taillant l&#039;histoire, les r\u00e9alisations et les efforts actuels de la PRF pour d\u00e9velopper une th\u00e9rapie g\u00e9nique susceptible de nous rapprocher de la gu\u00e9rison de la prog\u00e9ria. Notre extraordinaire parcours touche des millions de personnes \u00e0 travers le monde\u00a0!","breadcrumb":{"@id":"https:\/\/www.progeriaresearch.org\/ta\/2025\/08\/08\/gene-editing\/#breadcrumb"},"inLanguage":"fr-FR","potentialAction":[{"@type":"ReadAction","target":["https:\/\/www.progeriaresearch.org\/ta\/2025\/08\/08\/gene-editing\/"]}]},{"@type":"ImageObject","inLanguage":"fr-FR","@id":"https:\/\/www.progeriaresearch.org\/ta\/2025\/08\/08\/gene-editing\/#primaryimage","url":"https:\/\/www.progeriaresearch.org\/wp-content\/uploads\/2025\/08\/New-yorker-featured-image.jpg","contentUrl":"https:\/\/www.progeriaresearch.org\/wp-content\/uploads\/2025\/08\/New-yorker-featured-image.jpg","width":1000,"height":1000},{"@type":"BreadcrumbList","@id":"https:\/\/www.progeriaresearch.org\/ta\/2025\/08\/08\/gene-editing\/#breadcrumb","itemListElement":[{"@type":"ListItem","position":1,"name":"Home","item":"https:\/\/www.progeriaresearch.org\/"},{"@type":"ListItem","position":2,"name":"New Yorker Features Progeria Gene Editing: PRF is on the Path to CURE PROGERIA!"}]},{"@type":"WebSite","@id":"https:\/\/www.progeriaresearch.org\/ta\/#website","url":"https:\/\/www.progeriaresearch.org\/ta\/","name":"La Fondation de recherche sur la prog\u00e9ria","description":"Pour les enfants \u2665 Pour la gu\u00e9rison","publisher":{"@id":"https:\/\/www.progeriaresearch.org\/ta\/#organization"},"potentialAction":[{"@type":"SearchAction","target":{"@type":"EntryPoint","urlTemplate":"https:\/\/www.progeriaresearch.org\/ta\/?s={search_term_string}"},"query-input":{"@type":"PropertyValueSpecification","valueRequired":true,"valueName":"search_term_string"}}],"inLanguage":"fr-FR"},{"@type":"Organization","@id":"https:\/\/www.progeriaresearch.org\/ta\/#organization","name":"La Fondation de recherche sur la prog\u00e9ria","url":"https:\/\/www.progeriaresearch.org\/ta\/","logo":{"@type":"ImageObject","inLanguage":"fr-FR","@id":"https:\/\/www.progeriaresearch.org\/ta\/#\/schema\/logo\/image\/","url":"https:\/\/www.progeriaresearch.org\/wp-content\/uploads\/2019\/05\/PRF_Logo_2019_optimized.png","contentUrl":"https:\/\/www.progeriaresearch.org\/wp-content\/uploads\/2019\/05\/PRF_Logo_2019_optimized.png","width":300,"height":86,"caption":"The Progeria Research Foundation"},"image":{"@id":"https:\/\/www.progeriaresearch.org\/ta\/#\/schema\/logo\/image\/"},"sameAs":["https:\/\/www.facebook.com\/ProgeriaResearch\/","https:\/\/x.com\/Progeria","https:\/\/www.instagram.com\/progeriaresearch\/"]},{"@type":"Person","@id":"https:\/\/www.progeriaresearch.org\/ta\/#\/schema\/person\/2be6cec85c11aaef7a7602636c5b9946","name":"Karen Betournay","image":{"@type":"ImageObject","inLanguage":"fr-FR","@id":"https:\/\/www.progeriaresearch.org\/ta\/#\/schema\/person\/image\/","url":"https:\/\/secure.gravatar.com\/avatar\/78c0520933a7d708c5e1a5788ec6799d5e2ad6a2a6d4ff2ca1e512861d12f533?s=96&d=mm&r=g","contentUrl":"https:\/\/secure.gravatar.com\/avatar\/78c0520933a7d708c5e1a5788ec6799d5e2ad6a2a6d4ff2ca1e512861d12f533?s=96&d=mm&r=g","caption":"Karen Betournay"},"url":"https:\/\/www.progeriaresearch.org\/fr\/author\/karenb\/"}]}},"_links":{"self":[{"href":"https:\/\/www.progeriaresearch.org\/fr\/wp-json\/wp\/v2\/posts\/20799","targetHints":{"allow":["GET"]}}],"collection":[{"href":"https:\/\/www.progeriaresearch.org\/fr\/wp-json\/wp\/v2\/posts"}],"about":[{"href":"https:\/\/www.progeriaresearch.org\/fr\/wp-json\/wp\/v2\/types\/post"}],"author":[{"embeddable":true,"href":"https:\/\/www.progeriaresearch.org\/fr\/wp-json\/wp\/v2\/users\/2"}],"replies":[{"embeddable":true,"href":"https:\/\/www.progeriaresearch.org\/fr\/wp-json\/wp\/v2\/comments?post=20799"}],"version-history":[{"count":0,"href":"https:\/\/www.progeriaresearch.org\/fr\/wp-json\/wp\/v2\/posts\/20799\/revisions"}],"wp:featuredmedia":[{"embeddable":true,"href":"https:\/\/www.progeriaresearch.org\/fr\/wp-json\/wp\/v2\/media\/20856"}],"wp:attachment":[{"href":"https:\/\/www.progeriaresearch.org\/fr\/wp-json\/wp\/v2\/media?parent=20799"}],"wp:term":[{"taxonomy":"category","embeddable":true,"href":"https:\/\/www.progeriaresearch.org\/fr\/wp-json\/wp\/v2\/categories?post=20799"},{"taxonomy":"post_tag","embeddable":true,"href":"https:\/\/www.progeriaresearch.org\/fr\/wp-json\/wp\/v2\/tags?post=20799"}],"curies":[{"name":"wp","href":"https:\/\/api.w.org\/{rel}","templated":true}]}}