{"id":12877,"date":"2022-11-15T11:20:35","date_gmt":"2022-11-15T16:20:35","guid":{"rendered":"https:\/\/www.progeriaresearch.org\/?p=12877"},"modified":"2026-04-13T16:57:30","modified_gmt":"2026-04-13T20:57:30","slug":"prfs-11th-international-scientific-workshop","status":"publish","type":"post","link":"https:\/\/www.progeriaresearch.org\/it\/2022\/11\/15\/prfs-11th-international-scientific-workshop\/","title":{"rendered":"L&#039;11\u00b0 Workshop scientifico internazionale della PRF \u00e8 stato un successo!"},"content":{"rendered":"<p>[et_pb_section fb_built=&#8221;1&#8243; fullwidth=&#8221;on&#8221; disabled_on=&#8221;off|off|off&#8221; _builder_version=&#8221;4.16&#8243; border_width_bottom=&#8221;55px&#8221; border_color_bottom=&#8221;#29327a&#8221; locked=&#8221;off&#8221; global_colors_info=&#8221;{}&#8221; theme_builder_area=&#8221;post_content&#8221;][et_pb_fullwidth_image src=&#8221;https:\/\/www.progeriaresearch.org\/wp-content\/uploads\/2021\/11\/2022-Banner-NewDates.jpg&#8221; title_text=&#8221;2022 Banner NewDates&#8221; _builder_version=&#8221;4.16&#8243; custom_padding=&#8221;20px|||&#8221; z_index_tablet=&#8221;500&#8243; global_colors_info=&#8221;{}&#8221; theme_builder_area=&#8221;post_content&#8221;][\/et_pb_fullwidth_image][\/et_pb_section][et_pb_section fb_built=&#8221;1&#8243; use_custom_gutter=&#8221;on&#8221; gutter_width=&#8221;1&#8243; specialty=&#8221;on&#8221; padding_left_1=&#8221;35px&#8221; padding_left_2=&#8221;35px&#8221; padding_2_tablet=&#8221;|||0px&#8221; padding_2_phone=&#8221;|||0px&#8221; padding_2_last_edited=&#8221;on|desktop&#8221; module_class_1=&#8221;sidebar-secondary-nav&#8221; module_class=&#8221;handprint-bg&#8221; _builder_version=&#8221;4.16&#8243; background_image=&#8221;https:\/\/www.progeriaresearch.org\/wp-content\/uploads\/2019\/04\/blue-handprint-only.png&#8221; parallax=&#8221;on&#8221; parallax_method=&#8221;off&#8221; inner_width=&#8221;100%&#8221; inner_max_width=&#8221;100%&#8221; custom_padding=&#8221;0|0px|0px|0px|false|false&#8221; z_index_tablet=&#8221;500&#8243; border_width_top=&#8221;10px&#8221; border_color_top=&#8221;#8fd2ed&#8221; use_custom_width=&#8221;on&#8221; width_unit=&#8221;off&#8221; custom_width_percent=&#8221;100%&#8221; global_colors_info=&#8221;{}&#8221; theme_builder_area=&#8221;post_content&#8221;][et_pb_column type=&#8221;1_4&#8243; _builder_version=&#8221;4.16&#8243; custom_padding=&#8221;|||&#8221; global_colors_info=&#8221;{}&#8221; custom_padding__hover=&#8221;|||&#8221; theme_builder_area=&#8221;post_content&#8221;][et_pb_sidebar area=&#8221;et_pb_widget_area_24&#8243; disabled_on=&#8221;on|on|off&#8221; admin_label=&#8221;Scientific meetings sidebar&#8221; module_class=&#8221;subpage-sidebars&#8221; _builder_version=&#8221;4.16&#8243; text_orientation=&#8221;left&#8221; animation_style=&#8221;fade&#8221; z_index_tablet=&#8221;500&#8243; border_width_right=&#8221;5px&#8221; locked=&#8221;off&#8221; global_colors_info=&#8221;{}&#8221; theme_builder_area=&#8221;post_content&#8221;][\/et_pb_sidebar][\/et_pb_column][et_pb_column type=&#8221;3_4&#8243; specialty_columns=&#8221;3&#8243; _builder_version=&#8221;4.16&#8243; custom_padding=&#8221;|||&#8221; global_colors_info=&#8221;{}&#8221; custom_padding__hover=&#8221;|||&#8221; theme_builder_area=&#8221;post_content&#8221;][et_pb_row_inner custom_padding_last_edited=&#8221;on|phone&#8221; _builder_version=&#8221;4.16&#8243; custom_padding=&#8221;39.4375px|35px|35px|12px|false|false&#8221; custom_padding_tablet=&#8221;|35px||35px||true&#8221; custom_padding_phone=&#8221;&#8221; animation_direction=&#8221;top&#8221; global_colors_info=&#8221;{}&#8221; theme_builder_area=&#8221;post_content&#8221;][et_pb_column_inner saved_specialty_column_type=&#8221;3_4&#8243; _builder_version=&#8221;4.16&#8243; custom_padding=&#8221;|||&#8221; global_colors_info=&#8221;{}&#8221; custom_padding__hover=&#8221;|||&#8221; theme_builder_area=&#8221;post_content&#8221;][et_pb_text _builder_version=&#8221;4.19.5&#8243; _module_preset=&#8221;default&#8221; global_colors_info=&#8221;{}&#8221; theme_builder_area=&#8221;post_content&#8221;]<\/p>\n<p>PRF <strong>Workshop scientifico internazionale PRF 2022<\/strong> \u2013 <em>Corri Progeria alla cura,<\/em> \u00e8 stato un successo travolgente, riunendo <strong>124 iscritti da 14 paesi<\/strong>Medici, ricercatori e famiglie con Progeria si sono incontrati a Boston, nel Massachusetts, per condividere le ultime scoperte nella ricerca sulla Progeria e gettare le basi per futuri sforzi volti a scoprire nuovi trattamenti e la cura per bambini e giovani adulti con Progeria.<\/p>\n<p>Abbiamo dato il via alla serata di apertura con il nostro <strong>il primo panel moderato da un adulto affetto da Progeria<\/strong>, Sammy Basso, 27 anni, di Tezze sul Brenta, Italia. Il panel ha visto la partecipazione anche di altre due persone affette da Progeria, Meg e Carlos, che hanno incantato il pubblico raccontando le nuove ed entusiasmanti attivit\u00e0 che hanno portato a termine nell&#039;ultimo anno. Molto emozionante, Meg si \u00e8 laureata in anticipo, un mese dopo il workshop! La serata di apertura ha incluso anche un <strong>live zoom con bambini di tutto il mondo<\/strong>, seguito da una sorpresa <strong>esecuzione musicale del Dott. Francis Collins<\/strong>, consulente scientifico del Presidente degli Stati Uniti e il cui laboratorio ha guidato la scoperta del gene della Progeria. Il dott. Collins ha allietato il pubblico con diverse canzoni popolari con testi modificati sui progressi della PRF verso la cura. Che speciale!<\/p>\n<p style=\"font-weight: 400;\"><strong>Progressi e collaborazioni cos\u00ec profondi possono verificarsi solo quando una comunit\u00e0 scientifica profondamente impegnata si unisce, come abbiamo fatto in 11 convegni internazionali.<\/strong><\/p>\n<p style=\"font-weight: 400;\">L&#039;amore e la passione nell&#039;aiutare questi bambini e giovani adulti sono stati espressi in ogni presentazione e hanno gi\u00e0 dato vita a numerose collaborazioni intercontinentali per esplorare ulteriori trattamenti e percorsi verso una cura.<\/p>\n<p style=\"font-weight: 400;\">Siamo entusiasti di condividere con voi questa prima serata.<\/p>\n<p>[\/et_pb_text][et_pb_button button_url=&#8221;https:\/\/www.youtube.com\/watch?v=dkADdswqWN0&#8243; button_text=&#8221;Click Here to Watch the Opening Night of the 2022 Workshop&#8221; admin_label=&#8221;wkshp video&#8221; _builder_version=&#8221;4.19.5&#8243; _module_preset=&#8221;default&#8221; button_text_color=&#8221;#FFFFFF&#8221; button_bg_color=&#8221;#00B2E2&#8243; button_border_width=&#8221;6px&#8221; button_border_color=&#8221;#00B2E2&#8243; background_layout=&#8221;dark&#8221; custom_margin=&#8221;30px||30px||false|false&#8221; global_colors_info=&#8221;{}&#8221; theme_builder_area=&#8221;post_content&#8221;][\/et_pb_button][et_pb_text _builder_version=&#8221;4.19.5&#8243; _module_preset=&#8221;default&#8221; global_colors_info=&#8221;{}&#8221; theme_builder_area=&#8221;post_content&#8221;]<\/p>\n<p>Il secondo e il terzo giorno del workshop si sono concentrati su <strong>28 presentazioni scientifiche orali e 26 poster<\/strong>Abbiamo iniziato il terzo giorno con una nuova aggiunta al workshop: la Sunrise Session, che ha messo in contatto ricercatori junior con leader senior nel campo in un contesto di piccoli gruppi, stimolando un dialogo avvincente tra i vari gruppi di ricercatori.<\/p>\n<p>Riportando un altro dei preferiti del workshop, il nostro round lampo ha dato ai relatori dei poster una piattaforma per offrire ai loro colleghi un&#039;anteprima dinamica dei poster che avrebbero presentato pi\u00f9 tardi quella sera. Queste presentazioni hanno evidenziato gli ultimi sviluppi nella ricerca clinica sulla Progeria, tra cui un&#039;analisi approfondita<strong> progresso trasformativo della terapia dell&#039;RNA e dell&#039;editing genetico<\/strong> negli studi preclinici, cos\u00ec come un <strong>sessione cardiologica che ha evidenziato le strategie di intervento per la stenosi aortica critica<\/strong> nei giovani adulti con Progeria. Le presentazioni e i poster hanno descritto in dettaglio la profondit\u00e0 dei progressi con potenziali trattamenti per la Progeria e hanno ispirato la futura collaborazione tra la comunit\u00e0 medica e quella della ricerca.<\/p>\n<p>Inoltre, diversi partecipanti hanno usufruito dei crediti per l&#039;educazione medica continua (ECM) offerti dall&#039;ufficio CME del Lifespan Rhode Island Hospital.<\/p>\n<p style=\"font-weight: 400;\">[\/et_pb_text][et_pb_text _builder_version=&#8221;4.19.5&#8243; _module_preset=&#8221;default&#8221; custom_padding=&#8221;||3px|||&#8221; global_colors_info=&#8221;{}&#8221; theme_builder_area=&#8221;post_content&#8221;]<\/p>\n<p><strong>Di seguito alcuni esempi di feedback del workshop:<\/strong><\/p>\n<p>[\/et_pb_text][et_pb_testimonial _builder_version=&#8221;4.18.1&#8243; _module_preset=&#8221;default&#8221; background_color=&#8221;#8FD2ED&#8221; custom_padding=&#8221;||0px|||&#8221; global_colors_info=&#8221;{}&#8221; theme_builder_area=&#8221;post_content&#8221;]<\/p>\n<p><img loading=\"lazy\" decoding=\"async\" src=\"https:\/\/www.progeriaresearch.org\/wp-content\/uploads\/2022\/11\/smcrpThank-You.png\" width=\"226\" height=\"474\" alt=\"\" class=\"wp-image-16070 alignright size-full\" srcset=\"https:\/\/www.progeriaresearch.org\/wp-content\/uploads\/2022\/11\/smcrpThank-You.png 477w, https:\/\/www.progeriaresearch.org\/wp-content\/uploads\/2022\/11\/smcrpThank-You-143x300.png 143w\" sizes=\"(max-width: 226px) 100vw, 226px\" \/><\/p>\n<p><strong>\u201cUn incontro fantastico. Ho pensato che mercoled\u00ec sera fosse fantastico. Leslie ha fatto un discorso fantastico. \u00c8 stato fantastico avere un paziente con progeria a guidare il panel. Il panel \u00e8 sempre un momento clou. Grazie per aver chiesto a Francis di tornare a cantare. Adoro anche quella parte! L&#039;incontro \u00e8 stato cos\u00ec ben organizzato. Grazie!\u201d<\/strong><\/p>\n<p><strong>&quot;Non vedo l&#039;ora di partecipare a questo incontro. Il [luogo del workshop] Royal Sonesta \u00e8 uno spazio eccezionale per l&#039;incontro; ogni aspetto \u00e8 stato pianificato alla perfezione!&quot;<\/strong><\/p>\n<p><strong>\u201cOgni volta vedo miglioramenti\u2026 basta continuare cos\u00ec! \u00c8 stato davvero impressionante l&#039;\u201catmosfera familiare\u201d in grado di rendere tutti pi\u00f9 rilassati e pi\u00f9 a loro agio nell&#039;apprendere e fare domande. Divertente e istruttivo, una grande iniezione di speranza!\u201d<\/strong><\/p>\n<p><strong>\u201cConferenza eccellente con relatori fenomenali!\u201d<\/strong><\/p>\n<p><strong>&quot;Come sempre, un workshop eccezionale, da non perdere!&quot;<\/strong><\/p>\n<p>[\/et_pb_testimonial][\/et_pb_column_inner][\/et_pb_row_inner][et_pb_row_inner column_structure=&#8221;1_2,1_2&#8243; _builder_version=&#8221;4.18.1&#8243; _module_preset=&#8221;default&#8221; global_colors_info=&#8221;{}&#8221; theme_builder_area=&#8221;post_content&#8221;][et_pb_column_inner type=&#8221;1_2&#8243; saved_specialty_column_type=&#8221;3_4&#8243; _builder_version=&#8221;4.18.1&#8243; _module_preset=&#8221;default&#8221; global_colors_info=&#8221;{}&#8221; theme_builder_area=&#8221;post_content&#8221;][et_pb_image src=&#8221;https:\/\/www.progeriaresearch.org\/wp-content\/uploads\/2022\/12\/SammyCarlos.jpg&#8221; title_text=&#8221;Sammy&#038;Carlos&#8221; align=&#8221;center&#8221; admin_label=&#8221;Sammy&#038;Carlos&#8221; _builder_version=&#8221;4.18.1&#8243; _module_preset=&#8221;default&#8221; custom_margin=&#8221;||20px|||&#8221; custom_padding=&#8221;|43px||||&#8221; global_colors_info=&#8221;{}&#8221; theme_builder_area=&#8221;post_content&#8221;][\/et_pb_image][et_pb_text _builder_version=&#8221;4.18.1&#8243; _module_preset=&#8221;default&#8221; global_colors_info=&#8221;{}&#8221; theme_builder_area=&#8221;post_content&#8221;]<\/p>\n<p><strong>Sammy e Carlos parlano prima di fare la loro presentazione al panel<\/strong><\/p>\n<p>[\/et_pb_text][\/et_pb_column_inner][et_pb_column_inner type=&#8221;1_2&#8243; saved_specialty_column_type=&#8221;3_4&#8243; _builder_version=&#8221;4.18.1&#8243; _module_preset=&#8221;default&#8221; global_colors_info=&#8221;{}&#8221; theme_builder_area=&#8221;post_content&#8221;][et_pb_image src=&#8221;https:\/\/www.progeriaresearch.org\/wp-content\/uploads\/2022\/12\/Collinsguitar2022.jpg&#8221; title_text=&#8221;Collinsguitar2022&#8243; align=&#8221;center&#8221; admin_label=&#8221;FrancisCollinsguitar&#8221; _builder_version=&#8221;4.18.1&#8243; _module_preset=&#8221;default&#8221; custom_margin=&#8221;||16px|||&#8221; custom_padding=&#8221;|94px||||&#8221; global_colors_info=&#8221;{}&#8221; theme_builder_area=&#8221;post_content&#8221;][\/et_pb_image][et_pb_text _builder_version=&#8221;4.18.1&#8243; _module_preset=&#8221;default&#8221; global_colors_info=&#8221;{}&#8221; theme_builder_area=&#8221;post_content&#8221;]<\/p>\n<p><strong>Francis Collins, MD, PhD esegue per il pubblico diverse canzoni popolari<\/strong><\/p>\n<p>[\/et_pb_text][\/et_pb_column_inner][\/et_pb_row_inner][et_pb_row_inner _builder_version=&#8221;4.18.1&#8243; _module_preset=&#8221;default&#8221; global_colors_info=&#8221;{}&#8221; theme_builder_area=&#8221;post_content&#8221;][et_pb_column_inner saved_specialty_column_type=&#8221;3_4&#8243; _builder_version=&#8221;4.18.1&#8243; _module_preset=&#8221;default&#8221; global_colors_info=&#8221;{}&#8221; theme_builder_area=&#8221;post_content&#8221;][et_pb_image src=&#8221;https:\/\/www.progeriaresearch.org\/wp-content\/uploads\/2022\/12\/2022Group-Photo.jpg&#8221; title_text=&#8221;2022Group Photo&#8221; align=&#8221;center&#8221; admin_label=&#8221;Group photo&#8221; _builder_version=&#8221;4.18.1&#8243; _module_preset=&#8221;default&#8221; custom_margin=&#8221;||12px|||&#8221; custom_padding=&#8221;|23px||||&#8221; global_colors_info=&#8221;{}&#8221; theme_builder_area=&#8221;post_content&#8221;][\/et_pb_image][et_pb_text _builder_version=&#8221;4.18.1&#8243; _module_preset=&#8221;default&#8221; global_colors_info=&#8221;{}&#8221; theme_builder_area=&#8221;post_content&#8221;]<\/p>\n<p style=\"text-align: center;\"><strong>Ricercatori, clinici e famiglie affette da Progeria provenienti da tutto il mondo si sono riuniti all&#039;11\u00b0 Congresso PRF<sup>il<\/sup> Workshop scientifico internazionale.<\/strong><\/p>\n<p>[\/et_pb_text][\/et_pb_column_inner][\/et_pb_row_inner][et_pb_row_inner _builder_version=&#8221;4.18.1&#8243; _module_preset=&#8221;default&#8221; global_colors_info=&#8221;{}&#8221; theme_builder_area=&#8221;post_content&#8221;][et_pb_column_inner saved_specialty_column_type=&#8221;3_4&#8243; _builder_version=&#8221;4.18.1&#8243; _module_preset=&#8221;default&#8221; global_colors_info=&#8221;{}&#8221; theme_builder_area=&#8221;post_content&#8221;][et_pb_image src=&#8221;https:\/\/www.progeriaresearch.org\/wp-content\/uploads\/2023\/05\/MRC2022.png&#8221; title_text=&#8221;MRC2022&#8243; align=&#8221;center&#8221; admin_label=&#8221;MRC photo&#8221; _builder_version=&#8221;4.19.5&#8243; _module_preset=&#8221;default&#8221; width=&#8221;90%&#8221; min_height=&#8221;321px&#8221; custom_margin=&#8221;||0px||false|false&#8221; custom_padding=&#8221;|||0px||&#8221; global_colors_info=&#8221;{}&#8221; theme_builder_area=&#8221;post_content&#8221;][\/et_pb_image][et_pb_text _builder_version=&#8221;4.18.1&#8243; _module_preset=&#8221;default&#8221; global_colors_info=&#8221;{}&#8221; theme_builder_area=&#8221;post_content&#8221;]<\/p>\n<p style=\"text-align: center;\"><strong>Il Comitato volontario per la ricerca medica si \u00e8 riunito prima della conferenza per esaminare nuove e interessanti proposte di sovvenzioni.<\/strong><\/p>\n<p>[\/et_pb_text][\/et_pb_column_inner][\/et_pb_row_inner][et_pb_row_inner _builder_version=&#8221;4.16&#8243; _module_preset=&#8221;default&#8221; global_colors_info=&#8221;{}&#8221; theme_builder_area=&#8221;post_content&#8221;][et_pb_column_inner saved_specialty_column_type=&#8221;3_4&#8243; _builder_version=&#8221;4.16&#8243; _module_preset=&#8221;default&#8221; global_colors_info=&#8221;{}&#8221; theme_builder_area=&#8221;post_content&#8221;][et_pb_text disabled_on=&#8221;off|off|off&#8221; _builder_version=&#8221;4.18.1&#8243; _module_preset=&#8221;default&#8221; custom_margin=&#8221;||-40px|||&#8221; global_colors_info=&#8221;{}&#8221; theme_builder_area=&#8221;post_content&#8221;]<\/p>\n<h3 style=\"text-align: center;\">Grazie ai nostri sponsor:<\/h3>\n<p>[\/et_pb_text][\/et_pb_column_inner][\/et_pb_row_inner][et_pb_row_inner column_structure=&#8221;1_2,1_2&#8243; _builder_version=&#8221;4.16&#8243; _module_preset=&#8221;default&#8221; custom_padding=&#8221;0px||4px|||&#8221; global_colors_info=&#8221;{}&#8221; theme_builder_area=&#8221;post_content&#8221;][et_pb_column_inner type=&#8221;1_2&#8243; saved_specialty_column_type=&#8221;3_4&#8243; _builder_version=&#8221;4.16&#8243; _module_preset=&#8221;default&#8221; global_colors_info=&#8221;{}&#8221; theme_builder_area=&#8221;post_content&#8221;][et_pb_image src=&#8221;https:\/\/www.progeriaresearch.org\/wp-content\/uploads\/2022\/10\/APS-ONLUS-LOGO-300&#215;109.png&#8221; title_text=&#8221;APS ONLUS LOGO&#8221; url=&#8221;http:\/\/www.progeriaitalia.org\/eng\/index.php&#8221; align=&#8221;center&#8221; admin_label=&#8221;Italian assoc&#8221; _builder_version=&#8221;4.18.1&#8243; _module_preset=&#8221;default&#8221; custom_margin=&#8221;||20px||false|false&#8221; global_colors_info=&#8221;{}&#8221; theme_builder_area=&#8221;post_content&#8221;][\/et_pb_image][\/et_pb_column_inner][et_pb_column_inner type=&#8221;1_2&#8243; saved_specialty_column_type=&#8221;3_4&#8243; _builder_version=&#8221;4.16&#8243; _module_preset=&#8221;default&#8221; global_colors_info=&#8221;{}&#8221; theme_builder_area=&#8221;post_content&#8221;][et_pb_image src=&#8221;https:\/\/www.progeriaresearch.org\/wp-content\/uploads\/2021\/11\/logo-20-national-institute-on-aging-1-e1636752379810.png&#8221; title_text=&#8221;logo-20-national-institute-on-aging&#8221; url=&#8221;https:\/\/www.nia.nih.gov\/&#8221; admin_label=&#8221;NIH aging&#8221; _builder_version=&#8221;4.16&#8243; _module_preset=&#8221;default&#8221; custom_margin=&#8221;|||30px|false|false&#8221; global_colors_info=&#8221;{}&#8221; theme_builder_area=&#8221;post_content&#8221;][\/et_pb_image][\/et_pb_column_inner][\/et_pb_row_inner][et_pb_row_inner column_structure=&#8221;1_2,1_2&#8243; _builder_version=&#8221;4.16&#8243; _module_preset=&#8221;default&#8221; custom_padding=&#8221;0px||11px|||&#8221; global_colors_info=&#8221;{}&#8221; theme_builder_area=&#8221;post_content&#8221;][et_pb_column_inner type=&#8221;1_2&#8243; saved_specialty_column_type=&#8221;3_4&#8243; _builder_version=&#8221;4.16&#8243; _module_preset=&#8221;default&#8221; global_colors_info=&#8221;{}&#8221; theme_builder_area=&#8221;post_content&#8221;][et_pb_image src=&#8221;https:\/\/www.progeriaresearch.org\/wp-content\/uploads\/2021\/11\/APAP300logo-lightback-png-e1644426490634.png&#8221; title_text=&#8221;APAP300logo-lightback-png&#8221; url=&#8221;https:\/\/www.asociacionprogeria.com\/&#8221; align=&#8221;center&#8221; admin_label=&#8221;AP website&#8221; _builder_version=&#8221;4.18.1&#8243; _module_preset=&#8221;default&#8221; custom_margin=&#8221;|||30px|false|false&#8221; global_colors_info=&#8221;{}&#8221; theme_builder_area=&#8221;post_content&#8221;][\/et_pb_image][\/et_pb_column_inner][et_pb_column_inner type=&#8221;1_2&#8243; saved_specialty_column_type=&#8221;3_4&#8243; _builder_version=&#8221;4.16&#8243; _module_preset=&#8221;default&#8221; global_colors_info=&#8221;{}&#8221; theme_builder_area=&#8221;post_content&#8221;][et_pb_image src=&#8221;https:\/\/www.progeriaresearch.org\/wp-content\/uploads\/2021\/11\/ncats-logo.png&#8221; title_text=&#8221;ncats-logo&#8221; url=&#8221;https:\/\/ncats.nih.gov\/&#8221; admin_label=&#8221;nih ncats&#8221; _builder_version=&#8221;4.16&#8243; _module_preset=&#8221;default&#8221; custom_margin=&#8221;30px||||false|false&#8221; global_colors_info=&#8221;{}&#8221; theme_builder_area=&#8221;post_content&#8221;][\/et_pb_image][\/et_pb_column_inner][\/et_pb_row_inner][et_pb_row_inner _builder_version=&#8221;4.17.6&#8243; _module_preset=&#8221;default&#8221; custom_padding=&#8221;0px|||||&#8221; global_colors_info=&#8221;{}&#8221; theme_builder_area=&#8221;post_content&#8221;][et_pb_column_inner saved_specialty_column_type=&#8221;3_4&#8243; _builder_version=&#8221;4.17.6&#8243; _module_preset=&#8221;default&#8221; global_colors_info=&#8221;{}&#8221; theme_builder_area=&#8221;post_content&#8221;][et_pb_image src=&#8221;https:\/\/www.progeriaresearch.org\/wp-content\/uploads\/2022\/07\/PRG-300&#215;106.png&#8221; title_text=&#8221;PRG&#8221; url=&#8221;http:\/\/prgst.com\/eng\/&#8221; align=&#8221;center&#8221; admin_label=&#8221;PRG&#8221; _builder_version=&#8221;4.18.1&#8243; _module_preset=&#8221;default&#8221; global_colors_info=&#8221;{}&#8221; theme_builder_area=&#8221;post_content&#8221;][\/et_pb_image][\/et_pb_column_inner][\/et_pb_row_inner][\/et_pb_column][\/et_pb_section]<\/p>","protected":false},"excerpt":{"rendered":"<p>Grazie a tutti coloro che hanno partecipato all&#039;11\u00b0 workshop scientifico internazionale della Progeria Research Foundation: RACE Progeria to the Cure!<\/p>","protected":false},"author":2,"featured_media":13885,"comment_status":"closed","ping_status":"closed","sticky":false,"template":"","format":"standard","meta":{"_et_pb_use_builder":"on","_et_pb_old_content":"","_et_gb_content_width":"","footnotes":"","_links_to":"","_links_to_target":""},"categories":[2,1],"tags":[],"class_list":["post-12877","post","type-post","status-publish","format-standard","has-post-thumbnail","hentry","category-news","category-uncategorized"],"yoast_head":"<!-- This site is optimized with the Yoast SEO plugin v26.8 - https:\/\/yoast.com\/product\/yoast-seo-wordpress\/ -->\n<title>PRF\u2019s 11th International Scientific Workshop | The Progeria Research Foundation<\/title>\n<meta name=\"robots\" content=\"index, follow, max-snippet:-1, max-image-preview:large, max-video-preview:-1\" \/>\n<link rel=\"canonical\" href=\"https:\/\/www.progeriaresearch.org\/it\/2022\/11\/15\/prfs-11th-international-scientific-workshop\/\" \/>\n<meta property=\"og:locale\" content=\"it_IT\" \/>\n<meta property=\"og:type\" content=\"article\" \/>\n<meta property=\"og:title\" content=\"PRF\u2019s 11th International Scientific Workshop | The Progeria Research Foundation\" \/>\n<meta property=\"og:description\" content=\"Thank you to all of those who attended The Progeria Research Foundation\u2019s 11th International Scientific Workshop \u2013 RACE Progeria to the Cure!\" \/>\n<meta property=\"og:url\" content=\"https:\/\/www.progeriaresearch.org\/it\/2022\/11\/15\/prfs-11th-international-scientific-workshop\/\" \/>\n<meta property=\"og:site_name\" content=\"The Progeria Research Foundation\" \/>\n<meta property=\"article:publisher\" content=\"https:\/\/www.facebook.com\/ProgeriaResearch\/\" \/>\n<meta property=\"article:published_time\" content=\"2022-11-15T16:20:35+00:00\" \/>\n<meta property=\"article:modified_time\" content=\"2026-04-13T20:57:30+00:00\" \/>\n<meta property=\"og:image\" content=\"https:\/\/www.progeriaresearch.org\/wp-content\/uploads\/2021\/05\/CoolKid2.jpg\" \/>\n\t<meta property=\"og:image:width\" content=\"388\" \/>\n\t<meta property=\"og:image:height\" content=\"330\" \/>\n\t<meta property=\"og:image:type\" content=\"image\/jpeg\" \/>\n<meta name=\"author\" content=\"Karen Betournay\" \/>\n<meta name=\"twitter:card\" content=\"summary_large_image\" \/>\n<meta name=\"twitter:creator\" content=\"@Progeria\" \/>\n<meta name=\"twitter:site\" content=\"@Progeria\" \/>\n<meta name=\"twitter:label1\" content=\"Written by\" \/>\n\t<meta name=\"twitter:data1\" content=\"Karen Betournay\" \/>\n\t<meta name=\"twitter:label2\" content=\"Est. reading time\" \/>\n\t<meta name=\"twitter:data2\" content=\"5 minuti\" \/>\n<script type=\"application\/ld+json\" class=\"yoast-schema-graph\">{\"@context\":\"https:\/\/schema.org\",\"@graph\":[{\"@type\":\"Article\",\"@id\":\"https:\/\/www.progeriaresearch.org\/2022\/11\/15\/prfs-11th-international-scientific-workshop\/#article\",\"isPartOf\":{\"@id\":\"https:\/\/www.progeriaresearch.org\/2022\/11\/15\/prfs-11th-international-scientific-workshop\/\"},\"author\":{\"name\":\"Karen Betournay\",\"@id\":\"https:\/\/www.progeriaresearch.org\/ta\/#\/schema\/person\/2be6cec85c11aaef7a7602636c5b9946\"},\"headline\":\"PRF\u2019s 11th International Scientific Workshop was a success!\",\"datePublished\":\"2022-11-15T16:20:35+00:00\",\"dateModified\":\"2026-04-13T20:57:30+00:00\",\"mainEntityOfPage\":{\"@id\":\"https:\/\/www.progeriaresearch.org\/2022\/11\/15\/prfs-11th-international-scientific-workshop\/\"},\"wordCount\":2072,\"publisher\":{\"@id\":\"https:\/\/www.progeriaresearch.org\/ta\/#organization\"},\"image\":{\"@id\":\"https:\/\/www.progeriaresearch.org\/2022\/11\/15\/prfs-11th-international-scientific-workshop\/#primaryimage\"},\"thumbnailUrl\":\"https:\/\/www.progeriaresearch.org\/wp-content\/uploads\/2021\/05\/Zein-for-Mirror-1.jpg\",\"articleSection\":[\"News\",\"Uncategorized\"],\"inLanguage\":\"it-IT\"},{\"@type\":\"WebPage\",\"@id\":\"https:\/\/www.progeriaresearch.org\/2022\/11\/15\/prfs-11th-international-scientific-workshop\/\",\"url\":\"https:\/\/www.progeriaresearch.org\/2022\/11\/15\/prfs-11th-international-scientific-workshop\/\",\"name\":\"PRF\u2019s 11th International Scientific Workshop | The Progeria Research Foundation\",\"isPartOf\":{\"@id\":\"https:\/\/www.progeriaresearch.org\/ta\/#website\"},\"primaryImageOfPage\":{\"@id\":\"https:\/\/www.progeriaresearch.org\/2022\/11\/15\/prfs-11th-international-scientific-workshop\/#primaryimage\"},\"image\":{\"@id\":\"https:\/\/www.progeriaresearch.org\/2022\/11\/15\/prfs-11th-international-scientific-workshop\/#primaryimage\"},\"thumbnailUrl\":\"https:\/\/www.progeriaresearch.org\/wp-content\/uploads\/2021\/05\/Zein-for-Mirror-1.jpg\",\"datePublished\":\"2022-11-15T16:20:35+00:00\",\"dateModified\":\"2026-04-13T20:57:30+00:00\",\"breadcrumb\":{\"@id\":\"https:\/\/www.progeriaresearch.org\/2022\/11\/15\/prfs-11th-international-scientific-workshop\/#breadcrumb\"},\"inLanguage\":\"it-IT\",\"potentialAction\":[{\"@type\":\"ReadAction\",\"target\":[\"https:\/\/www.progeriaresearch.org\/2022\/11\/15\/prfs-11th-international-scientific-workshop\/\"]}]},{\"@type\":\"ImageObject\",\"inLanguage\":\"it-IT\",\"@id\":\"https:\/\/www.progeriaresearch.org\/2022\/11\/15\/prfs-11th-international-scientific-workshop\/#primaryimage\",\"url\":\"https:\/\/www.progeriaresearch.org\/wp-content\/uploads\/2021\/05\/Zein-for-Mirror-1.jpg\",\"contentUrl\":\"https:\/\/www.progeriaresearch.org\/wp-content\/uploads\/2021\/05\/Zein-for-Mirror-1.jpg\",\"width\":686,\"height\":589},{\"@type\":\"BreadcrumbList\",\"@id\":\"https:\/\/www.progeriaresearch.org\/2022\/11\/15\/prfs-11th-international-scientific-workshop\/#breadcrumb\",\"itemListElement\":[{\"@type\":\"ListItem\",\"position\":1,\"name\":\"Home\",\"item\":\"https:\/\/www.progeriaresearch.org\/\"},{\"@type\":\"ListItem\",\"position\":2,\"name\":\"PRF\u2019s 11th International Scientific Workshop was a success!\"}]},{\"@type\":\"WebSite\",\"@id\":\"https:\/\/www.progeriaresearch.org\/ta\/#website\",\"url\":\"https:\/\/www.progeriaresearch.org\/ta\/\",\"name\":\"The Progeria Research Foundation\",\"description\":\"For the Children \u2665 For the Cure\",\"publisher\":{\"@id\":\"https:\/\/www.progeriaresearch.org\/ta\/#organization\"},\"potentialAction\":[{\"@type\":\"SearchAction\",\"target\":{\"@type\":\"EntryPoint\",\"urlTemplate\":\"https:\/\/www.progeriaresearch.org\/ta\/?s={search_term_string}\"},\"query-input\":{\"@type\":\"PropertyValueSpecification\",\"valueRequired\":true,\"valueName\":\"search_term_string\"}}],\"inLanguage\":\"it-IT\"},{\"@type\":\"Organization\",\"@id\":\"https:\/\/www.progeriaresearch.org\/ta\/#organization\",\"name\":\"The Progeria Research Foundation\",\"url\":\"https:\/\/www.progeriaresearch.org\/ta\/\",\"logo\":{\"@type\":\"ImageObject\",\"inLanguage\":\"it-IT\",\"@id\":\"https:\/\/www.progeriaresearch.org\/ta\/#\/schema\/logo\/image\/\",\"url\":\"https:\/\/www.progeriaresearch.org\/wp-content\/uploads\/2019\/05\/PRF_Logo_2019_optimized.png\",\"contentUrl\":\"https:\/\/www.progeriaresearch.org\/wp-content\/uploads\/2019\/05\/PRF_Logo_2019_optimized.png\",\"width\":300,\"height\":86,\"caption\":\"The Progeria Research Foundation\"},\"image\":{\"@id\":\"https:\/\/www.progeriaresearch.org\/ta\/#\/schema\/logo\/image\/\"},\"sameAs\":[\"https:\/\/www.facebook.com\/ProgeriaResearch\/\",\"https:\/\/x.com\/Progeria\",\"https:\/\/www.instagram.com\/progeriaresearch\/\"]},{\"@type\":\"Person\",\"@id\":\"https:\/\/www.progeriaresearch.org\/ta\/#\/schema\/person\/2be6cec85c11aaef7a7602636c5b9946\",\"name\":\"Karen Betournay\",\"image\":{\"@type\":\"ImageObject\",\"inLanguage\":\"it-IT\",\"@id\":\"https:\/\/www.progeriaresearch.org\/ta\/#\/schema\/person\/image\/\",\"url\":\"https:\/\/secure.gravatar.com\/avatar\/78c0520933a7d708c5e1a5788ec6799d5e2ad6a2a6d4ff2ca1e512861d12f533?s=96&d=mm&r=g\",\"contentUrl\":\"https:\/\/secure.gravatar.com\/avatar\/78c0520933a7d708c5e1a5788ec6799d5e2ad6a2a6d4ff2ca1e512861d12f533?s=96&d=mm&r=g\",\"caption\":\"Karen Betournay\"},\"url\":\"https:\/\/www.progeriaresearch.org\/it\/author\/karenb\/\"}]}<\/script>\n<!-- \/ Yoast SEO plugin. -->","yoast_head_json":{"title":"PRF\u2019s 11th International Scientific Workshop | The Progeria Research Foundation","robots":{"index":"index","follow":"follow","max-snippet":"max-snippet:-1","max-image-preview":"max-image-preview:large","max-video-preview":"max-video-preview:-1"},"canonical":"https:\/\/www.progeriaresearch.org\/it\/2022\/11\/15\/prfs-11th-international-scientific-workshop\/","og_locale":"it_IT","og_type":"article","og_title":"PRF\u2019s 11th International Scientific Workshop | The Progeria Research Foundation","og_description":"Thank you to all of those who attended The Progeria Research Foundation\u2019s 11th International Scientific Workshop \u2013 RACE Progeria to the Cure!","og_url":"https:\/\/www.progeriaresearch.org\/it\/2022\/11\/15\/prfs-11th-international-scientific-workshop\/","og_site_name":"The Progeria Research Foundation","article_publisher":"https:\/\/www.facebook.com\/ProgeriaResearch\/","article_published_time":"2022-11-15T16:20:35+00:00","article_modified_time":"2026-04-13T20:57:30+00:00","og_image":[{"width":388,"height":330,"url":"https:\/\/www.progeriaresearch.org\/wp-content\/uploads\/2021\/05\/CoolKid2.jpg","type":"image\/jpeg"}],"author":"Karen Betournay","twitter_card":"summary_large_image","twitter_creator":"@Progeria","twitter_site":"@Progeria","twitter_misc":{"Written by":"Karen Betournay","Est. reading time":"5 minuti"},"schema":{"@context":"https:\/\/schema.org","@graph":[{"@type":"Article","@id":"https:\/\/www.progeriaresearch.org\/2022\/11\/15\/prfs-11th-international-scientific-workshop\/#article","isPartOf":{"@id":"https:\/\/www.progeriaresearch.org\/2022\/11\/15\/prfs-11th-international-scientific-workshop\/"},"author":{"name":"Karen Betournay","@id":"https:\/\/www.progeriaresearch.org\/ta\/#\/schema\/person\/2be6cec85c11aaef7a7602636c5b9946"},"headline":"PRF\u2019s 11th International Scientific Workshop was a success!","datePublished":"2022-11-15T16:20:35+00:00","dateModified":"2026-04-13T20:57:30+00:00","mainEntityOfPage":{"@id":"https:\/\/www.progeriaresearch.org\/2022\/11\/15\/prfs-11th-international-scientific-workshop\/"},"wordCount":2072,"publisher":{"@id":"https:\/\/www.progeriaresearch.org\/ta\/#organization"},"image":{"@id":"https:\/\/www.progeriaresearch.org\/2022\/11\/15\/prfs-11th-international-scientific-workshop\/#primaryimage"},"thumbnailUrl":"https:\/\/www.progeriaresearch.org\/wp-content\/uploads\/2021\/05\/Zein-for-Mirror-1.jpg","articleSection":["News","Uncategorized"],"inLanguage":"it-IT"},{"@type":"WebPage","@id":"https:\/\/www.progeriaresearch.org\/2022\/11\/15\/prfs-11th-international-scientific-workshop\/","url":"https:\/\/www.progeriaresearch.org\/2022\/11\/15\/prfs-11th-international-scientific-workshop\/","name":"PRF\u2019s 11th International Scientific Workshop | The Progeria Research Foundation","isPartOf":{"@id":"https:\/\/www.progeriaresearch.org\/ta\/#website"},"primaryImageOfPage":{"@id":"https:\/\/www.progeriaresearch.org\/2022\/11\/15\/prfs-11th-international-scientific-workshop\/#primaryimage"},"image":{"@id":"https:\/\/www.progeriaresearch.org\/2022\/11\/15\/prfs-11th-international-scientific-workshop\/#primaryimage"},"thumbnailUrl":"https:\/\/www.progeriaresearch.org\/wp-content\/uploads\/2021\/05\/Zein-for-Mirror-1.jpg","datePublished":"2022-11-15T16:20:35+00:00","dateModified":"2026-04-13T20:57:30+00:00","breadcrumb":{"@id":"https:\/\/www.progeriaresearch.org\/2022\/11\/15\/prfs-11th-international-scientific-workshop\/#breadcrumb"},"inLanguage":"it-IT","potentialAction":[{"@type":"ReadAction","target":["https:\/\/www.progeriaresearch.org\/2022\/11\/15\/prfs-11th-international-scientific-workshop\/"]}]},{"@type":"ImageObject","inLanguage":"it-IT","@id":"https:\/\/www.progeriaresearch.org\/2022\/11\/15\/prfs-11th-international-scientific-workshop\/#primaryimage","url":"https:\/\/www.progeriaresearch.org\/wp-content\/uploads\/2021\/05\/Zein-for-Mirror-1.jpg","contentUrl":"https:\/\/www.progeriaresearch.org\/wp-content\/uploads\/2021\/05\/Zein-for-Mirror-1.jpg","width":686,"height":589},{"@type":"BreadcrumbList","@id":"https:\/\/www.progeriaresearch.org\/2022\/11\/15\/prfs-11th-international-scientific-workshop\/#breadcrumb","itemListElement":[{"@type":"ListItem","position":1,"name":"Home","item":"https:\/\/www.progeriaresearch.org\/"},{"@type":"ListItem","position":2,"name":"PRF\u2019s 11th International Scientific Workshop was a success!"}]},{"@type":"WebSite","@id":"https:\/\/www.progeriaresearch.org\/ta\/#website","url":"https:\/\/www.progeriaresearch.org\/ta\/","name":"Fondazione per la ricerca sulla progeria","description":"Per i bambini \u2665 Per la cura","publisher":{"@id":"https:\/\/www.progeriaresearch.org\/ta\/#organization"},"potentialAction":[{"@type":"SearchAction","target":{"@type":"EntryPoint","urlTemplate":"https:\/\/www.progeriaresearch.org\/ta\/?s={search_term_string}"},"query-input":{"@type":"PropertyValueSpecification","valueRequired":true,"valueName":"search_term_string"}}],"inLanguage":"it-IT"},{"@type":"Organization","@id":"https:\/\/www.progeriaresearch.org\/ta\/#organization","name":"Fondazione per la ricerca sulla progeria","url":"https:\/\/www.progeriaresearch.org\/ta\/","logo":{"@type":"ImageObject","inLanguage":"it-IT","@id":"https:\/\/www.progeriaresearch.org\/ta\/#\/schema\/logo\/image\/","url":"https:\/\/www.progeriaresearch.org\/wp-content\/uploads\/2019\/05\/PRF_Logo_2019_optimized.png","contentUrl":"https:\/\/www.progeriaresearch.org\/wp-content\/uploads\/2019\/05\/PRF_Logo_2019_optimized.png","width":300,"height":86,"caption":"The Progeria Research Foundation"},"image":{"@id":"https:\/\/www.progeriaresearch.org\/ta\/#\/schema\/logo\/image\/"},"sameAs":["https:\/\/www.facebook.com\/ProgeriaResearch\/","https:\/\/x.com\/Progeria","https:\/\/www.instagram.com\/progeriaresearch\/"]},{"@type":"Person","@id":"https:\/\/www.progeriaresearch.org\/ta\/#\/schema\/person\/2be6cec85c11aaef7a7602636c5b9946","name":"Karen Betournay","image":{"@type":"ImageObject","inLanguage":"it-IT","@id":"https:\/\/www.progeriaresearch.org\/ta\/#\/schema\/person\/image\/","url":"https:\/\/secure.gravatar.com\/avatar\/78c0520933a7d708c5e1a5788ec6799d5e2ad6a2a6d4ff2ca1e512861d12f533?s=96&d=mm&r=g","contentUrl":"https:\/\/secure.gravatar.com\/avatar\/78c0520933a7d708c5e1a5788ec6799d5e2ad6a2a6d4ff2ca1e512861d12f533?s=96&d=mm&r=g","caption":"Karen Betournay"},"url":"https:\/\/www.progeriaresearch.org\/it\/author\/karenb\/"}]}},"_links":{"self":[{"href":"https:\/\/www.progeriaresearch.org\/it\/wp-json\/wp\/v2\/posts\/12877","targetHints":{"allow":["GET"]}}],"collection":[{"href":"https:\/\/www.progeriaresearch.org\/it\/wp-json\/wp\/v2\/posts"}],"about":[{"href":"https:\/\/www.progeriaresearch.org\/it\/wp-json\/wp\/v2\/types\/post"}],"author":[{"embeddable":true,"href":"https:\/\/www.progeriaresearch.org\/it\/wp-json\/wp\/v2\/users\/2"}],"replies":[{"embeddable":true,"href":"https:\/\/www.progeriaresearch.org\/it\/wp-json\/wp\/v2\/comments?post=12877"}],"version-history":[{"count":1,"href":"https:\/\/www.progeriaresearch.org\/it\/wp-json\/wp\/v2\/posts\/12877\/revisions"}],"predecessor-version":[{"id":21509,"href":"https:\/\/www.progeriaresearch.org\/it\/wp-json\/wp\/v2\/posts\/12877\/revisions\/21509"}],"wp:featuredmedia":[{"embeddable":true,"href":"https:\/\/www.progeriaresearch.org\/it\/wp-json\/wp\/v2\/media\/13885"}],"wp:attachment":[{"href":"https:\/\/www.progeriaresearch.org\/it\/wp-json\/wp\/v2\/media?parent=12877"}],"wp:term":[{"taxonomy":"category","embeddable":true,"href":"https:\/\/www.progeriaresearch.org\/it\/wp-json\/wp\/v2\/categories?post=12877"},{"taxonomy":"post_tag","embeddable":true,"href":"https:\/\/www.progeriaresearch.org\/it\/wp-json\/wp\/v2\/tags?post=12877"}],"curies":[{"name":"parola chiave","href":"https:\/\/api.w.org\/{rel}","templated":true}]}}