{"id":2001,"date":"2014-12-02T22:24:59","date_gmt":"2014-12-02T22:24:59","guid":{"rendered":"https:\/\/www.progeriaresearch.org\/?p=2001"},"modified":"2020-12-14T12:28:18","modified_gmt":"2020-12-14T17:28:18","slug":"prfs-facebook-reaches-1-million-followers","status":"publish","type":"post","link":"https:\/\/www.progeriaresearch.org\/it\/2014\/12\/02\/prfs-facebook-reaches-1-million-followers\/","title":{"rendered":"La pagina Facebook di PRF raggiunge 1 MILIONE DI FOLLOWER!"},"content":{"rendered":"<p>Italiano: [et_pb_section fb_built=\u201d1\u2033 _builder_version=\u201d3.22\u2033][et_pb_row _builder_version=\u201d3.25\u2033 background_size=\u201diniziale\u201d background_position=\u201dtop_left\u201d background_repeat=\u201dripeti\u201d][et_pb_column type=\u201d4_4\u2033 _builder_version=\u201d3.25\u2033 custom_padding=\u201d|||\u201d custom_padding__hover=\u201d|||\u201d][et_pb_text _builder_version=\u201d4.6.5\u2033 background_size=\u201diniziale\u201d background_position=\u201dtop_left\u201d background_repeat=\u201dripeti\u201d hover_enabled=\u201d0\u2033 sticky_enabled=\u201d0\u2033]<\/p>\n<p>In una meravigliosa dimostrazione di sostegno globale ai bambini affetti da Progeria, 1 milione di persone segue PRF attraverso la sua pagina Facebook dinamica e informativa. <a href=\"https:\/\/www.facebook.com\/ProgeriaResearch\">Seguire<\/a> e condividete in modo che tutti possano partecipare alla nostra ricerca per la cura! In riconoscimento di questa pietra miliare e di tutte le persone ispirate da Sam Berns, <a href=\"https:\/\/soundcloud.com\/pat-mcgee-2\/take-the-long-way-1\">clicca qui<\/a> per \u201cTake the Long Way\u201d, uno speciale omaggio musicale a Sam.<\/p>\n<div id=\"secondary-header-content\">\n<p>Siamo entusiasti di annunciare che a partire dalle 20:00 del 3 marzo 2015, la pagina Facebook della Progeria Research Foundation \u00e8 <strong>1.000.000 di follower \u2013 STRAORDINARIO<\/strong>! Con il vostro aiuto stiamo diffondendo la consapevolezza della missione della PRF in tutto il mondo, ottenendo pi\u00f9 sostenitori, pi\u00f9 bambini con Progeria identificati in tutto il mondo e pi\u00f9 progressi verso una cura.<\/p>\n<p>Unisciti alla nostra comunit\u00e0 su <strong><a href=\"https:\/\/www.facebook.com\/ProgeriaResearch\">Fai clic su Mi Piace<\/a><\/strong>e porta i tuoi amici a condividere il nostro messaggio di speranza per i bambini affetti da Progeria.<\/p>\n<p><strong>Una canzone speciale in onore di Sam Berns\u2026<\/strong><\/p>\n<div style=\"width: 210px\" class=\"wp-caption alignright\"><img loading=\"lazy\" decoding=\"async\" src=\"https:\/\/web.archive.org\/web\/20170216034240im_\/https:\/\/www.progeriaresearch.org\/assets\/images\/news_images\/Sam-PatMcGee-Dec2004.jpg\" alt=\"\" width=\"200\" height=\"283\" \/><p class=\"wp-caption-text\">Sam e Pat nel 2004<\/p><\/div>\n<p>Pat McGee, sostenitore di lunga data della PRF e acclamato musicista, ha scritto <strong>\u201cPrendi la strada pi\u00f9 lunga\u201d<\/strong>, una canzone in onore del suo amico Sam Berns, scomparso per complicazioni della progeria il 10 gennaio 2014. Registrata in una sola ripresa, la canzone vede la partecipazione di molti dei membri originali della band che conoscevano Sam, cos\u00ec come di altri leggendari musicisti di studio che sono rimasti profondamente colpiti dalla storia di Sam. <i>Si sente Sam suonare il rullante marciante all&#039;inizio e alla fine <\/i><i>registrazioni tratte da filmati amatoriali precedentemente registrati.<\/i><\/p>\n<p><strong>ASCOLTA LA CANZONE SU SOUNDCLOUD <a href=\"https:\/\/soundcloud.com\/pat-mcgee-2\/take-the-long-way-1\">QUI<\/a>, E ACQUISTA LA CANZONE <a href=\"https:\/\/itunes.apple.com\/us\/album\/take-the-long-way-single\/id970209830?ls=1\">QUI<\/a>.<\/strong><\/p>\n<p>Il testo, scritto in prima persona, \u00e8 l&#039;interpretazione di McGee dell&#039;infinita saggezza di Sam e del suo amore per la sua famiglia e i suoi amici: alcune parole sono ispirate al recente <a href=\"https:\/\/www.progeriaresearch.org\/it\/tedx-talks\/\">Discorso TedX, <\/a>il documentario della HBO <a href=\"https:\/\/www.progeriaresearch.org\/it\/life-according-to-sam\/\"><i>La vita secondo Sam<\/i><\/a>e dalle sentite dichiarazioni pronunciate al funerale di Sam da coloro che lo conoscevano e lo amavano.<\/p>\n<p>&quot;Sam \u00e8 stato e sar\u00e0 sempre un&#039;ispirazione per me, la mia famiglia e i membri della mia band&quot;, dice Pat. &quot;Il coraggio, l&#039;altruismo e il profondo amore e apprezzamento di Sam per tutto il bene del mondo sono uno stile di vita che sar\u00e0 condiviso e ripagato pi\u00f9 di quanto Sam avrebbe mai potuto sognare&quot;.<\/p>\n<\/div>\n<p>[\/et_pb_text][\/et_pb_column][\/et_pb_row][\/et_pb_section]<\/p>","protected":false},"excerpt":{"rendered":"<p>[et_pb_section fb_built=&#8221;1&#8243; _builder_version=&#8221;3.22&#8243;][et_pb_row _builder_version=&#8221;3.25&#8243; background_size=&#8221;initial&#8221; background_position=&#8221;top_left&#8221; background_repeat=&#8221;repeat&#8221;][et_pb_column type=&#8221;4_4&#8243; _builder_version=&#8221;3.25&#8243; custom_padding=&#8221;|||&#8221; custom_padding__hover=&#8221;|||&#8221;][et_pb_text _builder_version=&#8221;4.6.5&#8243; background_size=&#8221;initial&#8221; background_position=&#8221;top_left&#8221; background_repeat=&#8221;repeat&#8221; hover_enabled=&#8221;0&#8243; sticky_enabled=&#8221;0&#8243;] In a wonderful display of global support for children with Progeria, 1 million people are following PRF through its dynamic and informative Facebook page. Follow and share so everyone can be part of our quest for the cure! [&hellip;]<\/p>","protected":false},"author":1,"featured_media":2012,"comment_status":"open","ping_status":"open","sticky":false,"template":"","format":"standard","meta":{"_et_pb_use_builder":"on","_et_pb_old_content":"<p>[vc_custom_heading text=\"PRF's Facebook reaches 1 MILLION FOLLOWERS!\" font_container=\"tag:h1|text_align:left\" use_theme_fonts=\"yes\"]<\/p><div id=\"secondary-header-content\"><div id=\"secondary-header-content\"><p>In a wonderful display of global support for children with Progeria, 1 million people are following PRF through its dynamic and informative Facebook page. <a href=\"https:\/\/www.facebook.com\/ProgeriaResearch\">Follow<\/a> and share so everyone can be part of our quest for the cure! In recognition of this milestone and all the people Sam Berns inspired, <a href=\"https:\/\/soundcloud.com\/pat-mcgee-2\/take-the-long-way-1\">click here<\/a> for \u201cTake the Long Way\u201d, a special musical tribute to Sam.<\/p><\/div><\/div><div id=\"secondary-header-content\"><p>We are thrilled to announce that as of 8 PM on March 3rd, 2015, The Progeria Research Foundation Facebook page has <strong>1,000,000 followers - AMAZING<\/strong>!\u00a0With your help we are spreading awareness of PRF's mission across the globe, resulting in more supporters, more children with Progeria identified around the world, and more progress toward a cure.<\/p><p>Please join our community on <strong><a href=\"https:\/\/www.facebook.com\/ProgeriaResearch\">Facebook<\/a><\/strong>, and bring your friends along to share our message of hope for children with Progeria.<\/p><p><strong>A Special Song Honoring Sam Berns\u2026<\/strong><\/p>[caption id=\"\" align=\"alignright\" width=\"200\"]<img src=\"https:\/\/web.archive.org\/web\/20170216034240im_\/https:\/\/www.progeriaresearch.org\/assets\/images\/news_images\/Sam-PatMcGee-Dec2004.jpg\" alt=\"\" width=\"200\" height=\"283\" \/> Sam and Pat in 2004[\/caption]<p>Long-time PRF supporter and acclaimed musician Pat McGee wrote <strong>\u201cTake The Long Way\u201c<\/strong>, a song in honor of his friend Sam Berns, who passed away from complications of Progeria on January 10, 2014.\u00a0 Recorded in just one take, the song features many of the original band members who knew Sam, as well as other legendary studio musicians who were profoundly moved by Sam's story. <i>Sam is heard playing the marching snare drum in the very beginning and end <\/i><i>recordings taken from previously recorded home movies.<\/i><\/p><p><strong>HEAR THE SONG ON SOUNDCLOUD <a href=\"https:\/\/soundcloud.com\/pat-mcgee-2\/take-the-long-way-1\">HERE<\/a>, AND BUY THE SONG <a href=\"https:\/\/itunes.apple.com\/us\/album\/take-the-long-way-single\/id970209830?ls=1\">HERE<\/a>.<\/strong><\/p><p>The lyrics, written in first person, are McGee's interpretation of Sam's infinite wisdom and love for his family and friends-- some words are inspired from Sam's recent <a href=\"https:\/\/www.progeriaresearch.org\/tedx-talks\/\">TedX talk, <\/a>the HBO Documentary <a href=\"https:\/\/www.progeriaresearch.org\/life-according-to-sam\/\"><i>Life According to Sam<\/i><\/a>, and from heartfelt remarks spoken at Sam's funeral by those who knew and loved him.<\/p><p>\u201cSam was and will always be an inspiration to me, my family and my band members\u201d, says Pat. \u201cSam's courage, selflessness & deep love and appreciation for all the good in the world is a way of life that will be shared and paid forward more than Sam could have ever dreamed.\u201d<\/p><\/div>","_et_gb_content_width":"","footnotes":"","_links_to":"","_links_to_target":""},"categories":[2],"tags":[],"class_list":["post-2001","post","type-post","status-publish","format-standard","has-post-thumbnail","hentry","category-news"],"yoast_head":"<!-- This site is optimized with the Yoast SEO plugin v26.8 - https:\/\/yoast.com\/product\/yoast-seo-wordpress\/ -->\n<title>PRF&#039;s Facebook reaches 1 MILLION FOLLOWERS! - The Progeria Research Foundation<\/title>\n<meta name=\"robots\" content=\"index, follow, max-snippet:-1, max-image-preview:large, max-video-preview:-1\" \/>\n<link rel=\"canonical\" href=\"https:\/\/www.progeriaresearch.org\/it\/2014\/12\/02\/prfs-facebook-reaches-1-million-followers\/\" \/>\n<meta property=\"og:locale\" content=\"it_IT\" \/>\n<meta property=\"og:type\" content=\"article\" \/>\n<meta property=\"og:title\" content=\"PRF&#039;s Facebook reaches 1 MILLION FOLLOWERS! - The Progeria Research Foundation\" \/>\n<meta property=\"og:description\" content=\"[et_pb_section fb_built=&#8221;1&#8243; _builder_version=&#8221;3.22&#8243;][et_pb_row _builder_version=&#8221;3.25&#8243; background_size=&#8221;initial&#8221; background_position=&#8221;top_left&#8221; background_repeat=&#8221;repeat&#8221;][et_pb_column type=&#8221;4_4&#8243; _builder_version=&#8221;3.25&#8243; custom_padding=&#8221;|||&#8221; custom_padding__hover=&#8221;|||&#8221;][et_pb_text _builder_version=&#8221;4.6.5&#8243; background_size=&#8221;initial&#8221; background_position=&#8221;top_left&#8221; background_repeat=&#8221;repeat&#8221; hover_enabled=&#8221;0&#8243; sticky_enabled=&#8221;0&#8243;] In a wonderful display of global support for children with Progeria, 1 million people are following PRF through its dynamic and informative Facebook page. Follow and share so everyone can be part of our quest for the cure! [&hellip;]\" \/>\n<meta property=\"og:url\" content=\"https:\/\/www.progeriaresearch.org\/it\/2014\/12\/02\/prfs-facebook-reaches-1-million-followers\/\" \/>\n<meta property=\"og:site_name\" content=\"The Progeria Research Foundation\" \/>\n<meta property=\"article:publisher\" content=\"https:\/\/www.facebook.com\/ProgeriaResearch\/\" \/>\n<meta property=\"article:published_time\" content=\"2014-12-02T22:24:59+00:00\" \/>\n<meta property=\"article:modified_time\" content=\"2020-12-14T17:28:18+00:00\" \/>\n<meta property=\"og:image\" content=\"https:\/\/www.progeriaresearch.org\/wp-content\/uploads\/2014\/12\/Carly-Million-2-under-chin.jpg\" \/>\n\t<meta property=\"og:image:width\" content=\"225\" \/>\n\t<meta property=\"og:image:height\" content=\"253\" \/>\n\t<meta property=\"og:image:type\" content=\"image\/jpeg\" \/>\n<meta name=\"author\" content=\"gravoc\" \/>\n<meta name=\"twitter:card\" content=\"summary_large_image\" \/>\n<meta name=\"twitter:creator\" content=\"@Progeria\" \/>\n<meta name=\"twitter:site\" content=\"@Progeria\" \/>\n<meta name=\"twitter:label1\" content=\"Written by\" \/>\n\t<meta name=\"twitter:data1\" content=\"gravoc\" \/>\n\t<meta name=\"twitter:label2\" content=\"Est. reading time\" \/>\n\t<meta name=\"twitter:data2\" content=\"2 minuti\" \/>\n<script type=\"application\/ld+json\" class=\"yoast-schema-graph\">{\"@context\":\"https:\/\/schema.org\",\"@graph\":[{\"@type\":\"Article\",\"@id\":\"https:\/\/www.progeriaresearch.org\/ru\/2014\/12\/02\/prfs-facebook-reaches-1-million-followers\/#article\",\"isPartOf\":{\"@id\":\"https:\/\/www.progeriaresearch.org\/ru\/2014\/12\/02\/prfs-facebook-reaches-1-million-followers\/\"},\"author\":{\"name\":\"gravoc\",\"@id\":\"https:\/\/www.progeriaresearch.org\/ta\/#\/schema\/person\/a3c935a81e92242c6a77ae0018542928\"},\"headline\":\"PRF&#8217;s Facebook reaches 1 MILLION FOLLOWERS!\",\"datePublished\":\"2014-12-02T22:24:59+00:00\",\"dateModified\":\"2020-12-14T17:28:18+00:00\",\"mainEntityOfPage\":{\"@id\":\"https:\/\/www.progeriaresearch.org\/ru\/2014\/12\/02\/prfs-facebook-reaches-1-million-followers\/\"},\"wordCount\":426,\"commentCount\":0,\"publisher\":{\"@id\":\"https:\/\/www.progeriaresearch.org\/ta\/#organization\"},\"image\":{\"@id\":\"https:\/\/www.progeriaresearch.org\/ru\/2014\/12\/02\/prfs-facebook-reaches-1-million-followers\/#primaryimage\"},\"thumbnailUrl\":\"https:\/\/www.progeriaresearch.org\/wp-content\/uploads\/2014\/12\/Carly-Million-2-under-chin.jpg\",\"articleSection\":[\"News\"],\"inLanguage\":\"it-IT\",\"potentialAction\":[{\"@type\":\"CommentAction\",\"name\":\"Comment\",\"target\":[\"https:\/\/www.progeriaresearch.org\/ru\/2014\/12\/02\/prfs-facebook-reaches-1-million-followers\/#respond\"]}]},{\"@type\":\"WebPage\",\"@id\":\"https:\/\/www.progeriaresearch.org\/ru\/2014\/12\/02\/prfs-facebook-reaches-1-million-followers\/\",\"url\":\"https:\/\/www.progeriaresearch.org\/ru\/2014\/12\/02\/prfs-facebook-reaches-1-million-followers\/\",\"name\":\"PRF's Facebook reaches 1 MILLION FOLLOWERS! - The Progeria Research Foundation\",\"isPartOf\":{\"@id\":\"https:\/\/www.progeriaresearch.org\/ta\/#website\"},\"primaryImageOfPage\":{\"@id\":\"https:\/\/www.progeriaresearch.org\/ru\/2014\/12\/02\/prfs-facebook-reaches-1-million-followers\/#primaryimage\"},\"image\":{\"@id\":\"https:\/\/www.progeriaresearch.org\/ru\/2014\/12\/02\/prfs-facebook-reaches-1-million-followers\/#primaryimage\"},\"thumbnailUrl\":\"https:\/\/www.progeriaresearch.org\/wp-content\/uploads\/2014\/12\/Carly-Million-2-under-chin.jpg\",\"datePublished\":\"2014-12-02T22:24:59+00:00\",\"dateModified\":\"2020-12-14T17:28:18+00:00\",\"breadcrumb\":{\"@id\":\"https:\/\/www.progeriaresearch.org\/ru\/2014\/12\/02\/prfs-facebook-reaches-1-million-followers\/#breadcrumb\"},\"inLanguage\":\"it-IT\",\"potentialAction\":[{\"@type\":\"ReadAction\",\"target\":[\"https:\/\/www.progeriaresearch.org\/ru\/2014\/12\/02\/prfs-facebook-reaches-1-million-followers\/\"]}]},{\"@type\":\"ImageObject\",\"inLanguage\":\"it-IT\",\"@id\":\"https:\/\/www.progeriaresearch.org\/ru\/2014\/12\/02\/prfs-facebook-reaches-1-million-followers\/#primaryimage\",\"url\":\"https:\/\/www.progeriaresearch.org\/wp-content\/uploads\/2014\/12\/Carly-Million-2-under-chin.jpg\",\"contentUrl\":\"https:\/\/www.progeriaresearch.org\/wp-content\/uploads\/2014\/12\/Carly-Million-2-under-chin.jpg\",\"width\":225,\"height\":253,\"caption\":\"\"},{\"@type\":\"BreadcrumbList\",\"@id\":\"https:\/\/www.progeriaresearch.org\/ru\/2014\/12\/02\/prfs-facebook-reaches-1-million-followers\/#breadcrumb\",\"itemListElement\":[{\"@type\":\"ListItem\",\"position\":1,\"name\":\"Home\",\"item\":\"https:\/\/www.progeriaresearch.org\/\"},{\"@type\":\"ListItem\",\"position\":2,\"name\":\"PRF&#8217;s Facebook reaches 1 MILLION FOLLOWERS!\"}]},{\"@type\":\"WebSite\",\"@id\":\"https:\/\/www.progeriaresearch.org\/ta\/#website\",\"url\":\"https:\/\/www.progeriaresearch.org\/ta\/\",\"name\":\"The Progeria Research Foundation\",\"description\":\"For the Children \u2665 For the Cure\",\"publisher\":{\"@id\":\"https:\/\/www.progeriaresearch.org\/ta\/#organization\"},\"potentialAction\":[{\"@type\":\"SearchAction\",\"target\":{\"@type\":\"EntryPoint\",\"urlTemplate\":\"https:\/\/www.progeriaresearch.org\/ta\/?s={search_term_string}\"},\"query-input\":{\"@type\":\"PropertyValueSpecification\",\"valueRequired\":true,\"valueName\":\"search_term_string\"}}],\"inLanguage\":\"it-IT\"},{\"@type\":\"Organization\",\"@id\":\"https:\/\/www.progeriaresearch.org\/ta\/#organization\",\"name\":\"The Progeria Research Foundation\",\"url\":\"https:\/\/www.progeriaresearch.org\/ta\/\",\"logo\":{\"@type\":\"ImageObject\",\"inLanguage\":\"it-IT\",\"@id\":\"https:\/\/www.progeriaresearch.org\/ta\/#\/schema\/logo\/image\/\",\"url\":\"https:\/\/www.progeriaresearch.org\/wp-content\/uploads\/2019\/05\/PRF_Logo_2019_optimized.png\",\"contentUrl\":\"https:\/\/www.progeriaresearch.org\/wp-content\/uploads\/2019\/05\/PRF_Logo_2019_optimized.png\",\"width\":300,\"height\":86,\"caption\":\"The Progeria Research Foundation\"},\"image\":{\"@id\":\"https:\/\/www.progeriaresearch.org\/ta\/#\/schema\/logo\/image\/\"},\"sameAs\":[\"https:\/\/www.facebook.com\/ProgeriaResearch\/\",\"https:\/\/x.com\/Progeria\",\"https:\/\/www.instagram.com\/progeriaresearch\/\"]},{\"@type\":\"Person\",\"@id\":\"https:\/\/www.progeriaresearch.org\/ta\/#\/schema\/person\/a3c935a81e92242c6a77ae0018542928\",\"name\":\"gravoc\",\"image\":{\"@type\":\"ImageObject\",\"inLanguage\":\"it-IT\",\"@id\":\"https:\/\/www.progeriaresearch.org\/ta\/#\/schema\/person\/image\/\",\"url\":\"https:\/\/secure.gravatar.com\/avatar\/cee2d206466fdbfc70635d168190f07f615d6e9c97c316eb6a88b5b563efdd7b?s=96&d=mm&r=g\",\"contentUrl\":\"https:\/\/secure.gravatar.com\/avatar\/cee2d206466fdbfc70635d168190f07f615d6e9c97c316eb6a88b5b563efdd7b?s=96&d=mm&r=g\",\"caption\":\"gravoc\"},\"url\":\"https:\/\/www.progeriaresearch.org\/it\/author\/gravoc\/\"}]}<\/script>\n<!-- \/ Yoast SEO plugin. -->","yoast_head_json":{"title":"PRF's Facebook reaches 1 MILLION FOLLOWERS! - The Progeria Research Foundation","robots":{"index":"index","follow":"follow","max-snippet":"max-snippet:-1","max-image-preview":"max-image-preview:large","max-video-preview":"max-video-preview:-1"},"canonical":"https:\/\/www.progeriaresearch.org\/it\/2014\/12\/02\/prfs-facebook-reaches-1-million-followers\/","og_locale":"it_IT","og_type":"article","og_title":"PRF's Facebook reaches 1 MILLION FOLLOWERS! - The Progeria Research Foundation","og_description":"[et_pb_section fb_built=&#8221;1&#8243; _builder_version=&#8221;3.22&#8243;][et_pb_row _builder_version=&#8221;3.25&#8243; background_size=&#8221;initial&#8221; background_position=&#8221;top_left&#8221; background_repeat=&#8221;repeat&#8221;][et_pb_column type=&#8221;4_4&#8243; _builder_version=&#8221;3.25&#8243; custom_padding=&#8221;|||&#8221; custom_padding__hover=&#8221;|||&#8221;][et_pb_text _builder_version=&#8221;4.6.5&#8243; background_size=&#8221;initial&#8221; background_position=&#8221;top_left&#8221; background_repeat=&#8221;repeat&#8221; hover_enabled=&#8221;0&#8243; sticky_enabled=&#8221;0&#8243;] In a wonderful display of global support for children with Progeria, 1 million people are following PRF through its dynamic and informative Facebook page. Follow and share so everyone can be part of our quest for the cure! [&hellip;]","og_url":"https:\/\/www.progeriaresearch.org\/it\/2014\/12\/02\/prfs-facebook-reaches-1-million-followers\/","og_site_name":"The Progeria Research Foundation","article_publisher":"https:\/\/www.facebook.com\/ProgeriaResearch\/","article_published_time":"2014-12-02T22:24:59+00:00","article_modified_time":"2020-12-14T17:28:18+00:00","og_image":[{"width":225,"height":253,"url":"https:\/\/www.progeriaresearch.org\/wp-content\/uploads\/2014\/12\/Carly-Million-2-under-chin.jpg","type":"image\/jpeg"}],"author":"gravoc","twitter_card":"summary_large_image","twitter_creator":"@Progeria","twitter_site":"@Progeria","twitter_misc":{"Written by":"gravoc","Est. reading time":"2 minuti"},"schema":{"@context":"https:\/\/schema.org","@graph":[{"@type":"Article","@id":"https:\/\/www.progeriaresearch.org\/ru\/2014\/12\/02\/prfs-facebook-reaches-1-million-followers\/#article","isPartOf":{"@id":"https:\/\/www.progeriaresearch.org\/ru\/2014\/12\/02\/prfs-facebook-reaches-1-million-followers\/"},"author":{"name":"gravoc","@id":"https:\/\/www.progeriaresearch.org\/ta\/#\/schema\/person\/a3c935a81e92242c6a77ae0018542928"},"headline":"PRF&#8217;s Facebook reaches 1 MILLION FOLLOWERS!","datePublished":"2014-12-02T22:24:59+00:00","dateModified":"2020-12-14T17:28:18+00:00","mainEntityOfPage":{"@id":"https:\/\/www.progeriaresearch.org\/ru\/2014\/12\/02\/prfs-facebook-reaches-1-million-followers\/"},"wordCount":426,"commentCount":0,"publisher":{"@id":"https:\/\/www.progeriaresearch.org\/ta\/#organization"},"image":{"@id":"https:\/\/www.progeriaresearch.org\/ru\/2014\/12\/02\/prfs-facebook-reaches-1-million-followers\/#primaryimage"},"thumbnailUrl":"https:\/\/www.progeriaresearch.org\/wp-content\/uploads\/2014\/12\/Carly-Million-2-under-chin.jpg","articleSection":["News"],"inLanguage":"it-IT","potentialAction":[{"@type":"CommentAction","name":"Comment","target":["https:\/\/www.progeriaresearch.org\/ru\/2014\/12\/02\/prfs-facebook-reaches-1-million-followers\/#respond"]}]},{"@type":"WebPage","@id":"https:\/\/www.progeriaresearch.org\/ru\/2014\/12\/02\/prfs-facebook-reaches-1-million-followers\/","url":"https:\/\/www.progeriaresearch.org\/ru\/2014\/12\/02\/prfs-facebook-reaches-1-million-followers\/","name":"PRF's Facebook reaches 1 MILLION FOLLOWERS! - The Progeria Research Foundation","isPartOf":{"@id":"https:\/\/www.progeriaresearch.org\/ta\/#website"},"primaryImageOfPage":{"@id":"https:\/\/www.progeriaresearch.org\/ru\/2014\/12\/02\/prfs-facebook-reaches-1-million-followers\/#primaryimage"},"image":{"@id":"https:\/\/www.progeriaresearch.org\/ru\/2014\/12\/02\/prfs-facebook-reaches-1-million-followers\/#primaryimage"},"thumbnailUrl":"https:\/\/www.progeriaresearch.org\/wp-content\/uploads\/2014\/12\/Carly-Million-2-under-chin.jpg","datePublished":"2014-12-02T22:24:59+00:00","dateModified":"2020-12-14T17:28:18+00:00","breadcrumb":{"@id":"https:\/\/www.progeriaresearch.org\/ru\/2014\/12\/02\/prfs-facebook-reaches-1-million-followers\/#breadcrumb"},"inLanguage":"it-IT","potentialAction":[{"@type":"ReadAction","target":["https:\/\/www.progeriaresearch.org\/ru\/2014\/12\/02\/prfs-facebook-reaches-1-million-followers\/"]}]},{"@type":"ImageObject","inLanguage":"it-IT","@id":"https:\/\/www.progeriaresearch.org\/ru\/2014\/12\/02\/prfs-facebook-reaches-1-million-followers\/#primaryimage","url":"https:\/\/www.progeriaresearch.org\/wp-content\/uploads\/2014\/12\/Carly-Million-2-under-chin.jpg","contentUrl":"https:\/\/www.progeriaresearch.org\/wp-content\/uploads\/2014\/12\/Carly-Million-2-under-chin.jpg","width":225,"height":253,"caption":""},{"@type":"BreadcrumbList","@id":"https:\/\/www.progeriaresearch.org\/ru\/2014\/12\/02\/prfs-facebook-reaches-1-million-followers\/#breadcrumb","itemListElement":[{"@type":"ListItem","position":1,"name":"Home","item":"https:\/\/www.progeriaresearch.org\/"},{"@type":"ListItem","position":2,"name":"PRF&#8217;s Facebook reaches 1 MILLION FOLLOWERS!"}]},{"@type":"WebSite","@id":"https:\/\/www.progeriaresearch.org\/ta\/#website","url":"https:\/\/www.progeriaresearch.org\/ta\/","name":"Fondazione per la ricerca sulla progeria","description":"Per i bambini \u2665 Per la cura","publisher":{"@id":"https:\/\/www.progeriaresearch.org\/ta\/#organization"},"potentialAction":[{"@type":"SearchAction","target":{"@type":"EntryPoint","urlTemplate":"https:\/\/www.progeriaresearch.org\/ta\/?s={search_term_string}"},"query-input":{"@type":"PropertyValueSpecification","valueRequired":true,"valueName":"search_term_string"}}],"inLanguage":"it-IT"},{"@type":"Organization","@id":"https:\/\/www.progeriaresearch.org\/ta\/#organization","name":"Fondazione per la ricerca sulla progeria","url":"https:\/\/www.progeriaresearch.org\/ta\/","logo":{"@type":"ImageObject","inLanguage":"it-IT","@id":"https:\/\/www.progeriaresearch.org\/ta\/#\/schema\/logo\/image\/","url":"https:\/\/www.progeriaresearch.org\/wp-content\/uploads\/2019\/05\/PRF_Logo_2019_optimized.png","contentUrl":"https:\/\/www.progeriaresearch.org\/wp-content\/uploads\/2019\/05\/PRF_Logo_2019_optimized.png","width":300,"height":86,"caption":"The Progeria Research Foundation"},"image":{"@id":"https:\/\/www.progeriaresearch.org\/ta\/#\/schema\/logo\/image\/"},"sameAs":["https:\/\/www.facebook.com\/ProgeriaResearch\/","https:\/\/x.com\/Progeria","https:\/\/www.instagram.com\/progeriaresearch\/"]},{"@type":"Person","@id":"https:\/\/www.progeriaresearch.org\/ta\/#\/schema\/person\/a3c935a81e92242c6a77ae0018542928","name":"gravoc","image":{"@type":"ImageObject","inLanguage":"it-IT","@id":"https:\/\/www.progeriaresearch.org\/ta\/#\/schema\/person\/image\/","url":"https:\/\/secure.gravatar.com\/avatar\/cee2d206466fdbfc70635d168190f07f615d6e9c97c316eb6a88b5b563efdd7b?s=96&d=mm&r=g","contentUrl":"https:\/\/secure.gravatar.com\/avatar\/cee2d206466fdbfc70635d168190f07f615d6e9c97c316eb6a88b5b563efdd7b?s=96&d=mm&r=g","caption":"gravoc"},"url":"https:\/\/www.progeriaresearch.org\/it\/author\/gravoc\/"}]}},"_links":{"self":[{"href":"https:\/\/www.progeriaresearch.org\/it\/wp-json\/wp\/v2\/posts\/2001","targetHints":{"allow":["GET"]}}],"collection":[{"href":"https:\/\/www.progeriaresearch.org\/it\/wp-json\/wp\/v2\/posts"}],"about":[{"href":"https:\/\/www.progeriaresearch.org\/it\/wp-json\/wp\/v2\/types\/post"}],"author":[{"embeddable":true,"href":"https:\/\/www.progeriaresearch.org\/it\/wp-json\/wp\/v2\/users\/1"}],"replies":[{"embeddable":true,"href":"https:\/\/www.progeriaresearch.org\/it\/wp-json\/wp\/v2\/comments?post=2001"}],"version-history":[{"count":0,"href":"https:\/\/www.progeriaresearch.org\/it\/wp-json\/wp\/v2\/posts\/2001\/revisions"}],"wp:featuredmedia":[{"embeddable":true,"href":"https:\/\/www.progeriaresearch.org\/it\/wp-json\/wp\/v2\/media\/2012"}],"wp:attachment":[{"href":"https:\/\/www.progeriaresearch.org\/it\/wp-json\/wp\/v2\/media?parent=2001"}],"wp:term":[{"taxonomy":"category","embeddable":true,"href":"https:\/\/www.progeriaresearch.org\/it\/wp-json\/wp\/v2\/categories?post=2001"},{"taxonomy":"post_tag","embeddable":true,"href":"https:\/\/www.progeriaresearch.org\/it\/wp-json\/wp\/v2\/tags?post=2001"}],"curies":[{"name":"parola chiave","href":"https:\/\/api.w.org\/{rel}","templated":true}]}}