{"id":2037,"date":"2012-09-24T12:11:18","date_gmt":"2012-09-24T12:11:18","guid":{"rendered":"https:\/\/www.progeriaresearch.org\/?p=2037"},"modified":"2020-12-11T11:41:51","modified_gmt":"2020-12-11T16:41:51","slug":"the-world-learns-of-progeria-treatment","status":"publish","type":"post","link":"https:\/\/www.progeriaresearch.org\/it\/2012\/09\/24\/the-world-learns-of-progeria-treatment\/","title":{"rendered":"Il mondo viene a conoscenza del trattamento della progeria"},"content":{"rendered":"<p>Italiano: [et_pb_section fb_built=\u201d1\u2033 _builder_version=\u201d3.22\u2033][et_pb_row _builder_version=\u201d3.25\u2033 background_size=\u201diniziale\u201d background_position=\u201dtop_left\u201d background_repeat=\u201dripeti\u201d][et_pb_column type=\u201d4_4\u2033 _builder_version=\u201d3.25\u2033 custom_padding=\u201d|||\u201d custom_padding__hover=\u201d|||\u201d][et_pb_text _builder_version=\u201d4.6.5\u2033 background_size=\u201diniziale\u201d background_position=\u201dtop_left\u201d background_repeat=\u201dripeti\u201d hover_enabled=\u201d0\u2033 sticky_enabled=\u201d0\u2033]<\/p>\n<p>La notizia del primo trattamento in assoluto per la Progeria si sta diffondendo in tutto il mondo e decine di organi di informazione stanno riportando notizie su questo straordinario progresso. <a href=\"https:\/\/www.progeriaresearch.org\/wp-content\/uploads\/2019\/04\/FINAL-PNAS-Press-Release.pdf\">clicca qui<\/a> per leggere l&#039;annuncio e vedere qui sotto i link a decine di articoli, clip radiofoniche e trasmissioni TV!<\/p>\n<p><b><a href=\"https:\/\/www.progeriaresearch.org\/it\/assets\/files\/pdf\/newsletters\/Sept%202012%20Special%20nwsltr.pdf\/\">clicca qui<\/a> per leggere la nostra newsletter speciale sui risultati. <\/b><strong>Extra! Extra! Leggi tutto!<\/strong><\/p>\n<p>Il fascino del pubblico per la Progeria e la sua relazione con l&#039;invecchiamento continua a crescere, mentre si diffonde la notizia del primo trattamento per bambini con Progeria. Date un&#039;occhiata a queste storie online e in onda da emittenti di alto livello.\u00a0<strong> Scoprilo per primo man mano che appariranno altre storie<\/strong>: &#039;mi piace&#039; su di noi <a href=\"https:\/\/www.facebook.com\/pages\/Progeria-Research-Foundation\/146655732033554\">Fai clic su Mi Piace<\/a>, seguici su <a href=\"https:\/\/twitter.com\/Progeria\">Cinguettio<\/a>, O <a href=\"mailto:info@progeriaresearch.org\">inviaci il tuo indirizzo email<\/a>.<\/p>\n<div id=\"attachment_2038\" style=\"width: 235px\" class=\"wp-caption alignleft\"><img loading=\"lazy\" decoding=\"async\" aria-describedby=\"caption-attachment-2038\" class=\"wp-image-2038 size-full\" src=\"https:\/\/www.progeriaresearch.org\/wp-content\/uploads\/2017\/05\/Devin-looking-to-left.jpg\" alt=\"\" width=\"225\" height=\"286\" \/><p id=\"caption-attachment-2038\" class=\"wp-caption-text\">Devin dal Canada durante una visita al Boston Children&#039;s Hospital nel 2008 per la sperimentazione clinica del farmaco Progeria.<\/p><\/div>\n<p>Cosa dice la gente\u2026<\/p>\n<p>&quot;il risultato di <strong>uno sprint scientifico<\/strong>\u201d \u2013 <em>Robert Siegel, intervistatore<\/em><\/p>\n<p>&quot;C&#039;\u00e8 stato <strong>una ricompensa inaspettata per il resto dell&#039;umanit\u00e0<\/strong>\u2026alcuni\u2026cercheranno modi per usare queste nuove informazioni per prevenire una serie di malattie associate all\u2019invecchiamento\u2026 forse la cosa pi\u00f9 notevole del nuovo trattamento \u00e8 la rapidit\u00e0 con cui \u00e8 stato sviluppato.\u201d \u2013 <em>Jon Hamilton, giornalista televisivo<\/em><\/p>\n<p>\u201cAdesso non solo abbiamo il nostro primo trattamento, ma sappiamo per la prima volta che la Progeria pu\u00f2 essere migliorata, e questo <strong>ci ispira a lavorare di pi\u00f9 e pi\u00f9 velocemente<\/strong> verso ulteriori trattamenti che potrebbero funzionare insieme a Lonafarnib per fare la differenza nella salute dei bambini con Progeria<em>.\u201d\u00a0 \u00a0<\/em><em>\u2013 Direttore medico della PRF Dott. Leslie Gordon, CNN Health<\/em><\/p>\n<p>&quot;La prima volta che qualcuno ha fatto qualcosa che in qualsiasi modo, forma o aspetto <strong>ha alterato la storia naturale di questa malattia<\/strong>.\u201d <em>\u2013 Dr. Mark Kieran, presidente della sperimentazione sul farmaco Progeria,<\/em> <em>Il Boston Globe<\/em><\/p>\n<p>\u201c[Questi risultati] mostrano la dedizione che i genitori e le organizzazioni non profit hanno nella comunit\u00e0 delle malattie rare per fare le cose quando tutto sembra perduto\u2026 questo studio \u00e8 <strong>un ottimo esempio<\/strong> di come una piccola organizzazione non-profit possa contribuire a stimolare e tradurre la ricerca biomedica e genetica di base in un trattamento umano&quot;. <em>\u2013 <\/em><em>Dott. James Radke<\/em><em>, Rapporto sulle malattie rare<\/em><\/p>\n<p>&quot;\u00c8 enorme<strong>, \u00c8 un miracolo<\/strong>Devin ha nuove speranze, sogni, il suo detto \u00e8: &quot;Sogna in grande o torna a casa&quot; <em>-Giammy,<\/em> <em>Salute della CNN<\/em><\/p>\n<p>\u201cLa storia continua di <strong>la sconfitta della Progeria \u00e8 una gloriosa illustrazione del valore della ricerca di base nello scoprire come qualcosa accade <\/strong>\u2013 e questo \u00e8 il cuore e l&#039;anima della scienza.&quot; <em>\u2013 <\/em><a href=\"https:\/\/blogs.plos.org\/dnascience\/2012\/10\/11\/from-rapid-aging-to-common-heart-disease\/\"><em>Dott. Ricki Lewis, PLOS<\/em><\/a>\u00a0 COLLEGAMENTO: <a href=\"https:\/\/blogs.plos.org\/dnascience\/2012\/10\/11\/from-rapid-aging-to-common-heart-disease\/\">https:\/\/blogs.plos.org\/dnascience\/2012\/10\/11\/from-rapid-aging-to-common-heart-disease\/<\/a><\/p>\n<div id=\"attachment_2039\" style=\"width: 442px\" class=\"wp-caption aligncenter\"><img loading=\"lazy\" decoding=\"async\" aria-describedby=\"caption-attachment-2039\" class=\"size-full wp-image-2039\" src=\"https:\/\/www.progeriaresearch.org\/wp-content\/uploads\/2017\/05\/Frannnie-with-WSJ.jpg\" alt=\"\" width=\"432\" height=\"324\" srcset=\"https:\/\/www.progeriaresearch.org\/wp-content\/uploads\/2017\/05\/Frannnie-with-WSJ.jpg 432w, https:\/\/www.progeriaresearch.org\/wp-content\/uploads\/2017\/05\/Frannnie-with-WSJ-300x225.jpg 300w\" sizes=\"(max-width: 432px) 100vw, 432px\" \/><p id=\"caption-attachment-2039\" class=\"wp-caption-text\">Frannie Marmorstein di Spectrum Health tiene in mano con entusiasmo l&#039;edizione del 25 settembre 2012 del Wall Street Journal, mostrando l&#039;articolo sui risultati della sperimentazione in alto nella prima pagina!<\/p><\/div>\n<p><strong>Vedi gli articoli completi qui\u2026<\/strong><\/p>\n<p><strong><img loading=\"lazy\" decoding=\"async\" src=\"https:\/\/web.archive.org\/web\/20170218083307im_\/https:\/\/www.progeriaresearch.org\/assets\/images\/news_images\/npr.jpg\" alt=\"\" width=\"182\" height=\"60\" \/><\/strong><\/p>\n<p><strong>WBF 88.7 \u2013 NPR News \u2013 ASCOLTA l&#039;intervista di Robert Siegel &quot;All Things Considered&quot; con il direttore medico della PRF e suo figlio Sam! (link non pi\u00f9 disponibile)<\/strong><\/p>\n<p><img loading=\"lazy\" decoding=\"async\" src=\"https:\/\/web.archive.org\/web\/20170218083307im_\/https:\/\/www.progeriaresearch.org\/assets\/images\/news_images\/wcvb.jpg\" alt=\"\" width=\"200\" height=\"63\" \/><\/p>\n<p><strong>GUARDA il servizio giornalistico sulla filiale locale di Boston della ABC, WCVB-TV (link non pi\u00f9 disponibile)<\/strong><\/p>\n<p><img loading=\"lazy\" decoding=\"async\" src=\"https:\/\/web.archive.org\/web\/20170218083307im_\/https:\/\/www.progeriaresearch.org\/assets\/images\/news_images\/wsj.jpg\" alt=\"\" width=\"150\" height=\"92\" \/><\/p>\n<p><strong>Wall Street Journal \u2013 Market Watch (link non pi\u00f9 disponibile)<\/strong><\/p>\n<p><strong>Primo-<\/strong><strong>Ogni trattamento per una rara malattia dell&#039;invecchiamento infantile mostra miglioramenti in tutti i partecipanti alla sperimentazione (link non pi\u00f9 disponibile)<\/strong><\/p>\n<p><a href=\"https:\/\/online.wsj.com\/article\/SB10000872396390444083304578016110045188652.html\" target=\"_blank\" rel=\"noopener noreferrer\"><strong>Lo studio di una malattia rara aiuta a cercare indizi sull&#039;invecchiamento \/ Il farmaco rallenta i danni nei bambini che sono anche collegati a problemi cardiaci in altri<\/strong><\/a><\/p>\n<p><strong><img loading=\"lazy\" decoding=\"async\" src=\"https:\/\/web.archive.org\/web\/20170218083307im_\/https:\/\/www.progeriaresearch.org\/assets\/images\/medical_images\/cnn.jpg\" alt=\"\" width=\"170\" height=\"86\" \/><\/strong><\/p>\n<p><strong><a href=\"https:\/\/www.cnn.com\/2012\/09\/25\/health\/progeria-treatment\/index.html\" target=\"_blank\" rel=\"noopener noreferrer\">Salute della CNN<\/a><\/strong><\/p>\n<p><a href=\"https:\/\/www.cnn.com\/2012\/09\/25\/health\/progeria-treatment\/index.html\" target=\"_blank\" rel=\"noopener noreferrer\"><strong>Progressi nella cura delle malattie legate all&#039;invecchiamento precoce dei bambini<\/strong><\/a><\/p>\n<p><strong><img loading=\"lazy\" decoding=\"async\" src=\"https:\/\/web.archive.org\/web\/20170218083307im_\/https:\/\/www.progeriaresearch.org\/assets\/images\/news_images\/wcvb.jpg\" alt=\"\" width=\"200\" height=\"63\" \/><\/strong><\/p>\n<p><strong>Nuovo studio mirato alla malattia infantile dell&#039;invecchiamento rapido (link non pi\u00f9 disponibile) <\/strong><\/p>\n<p><strong><img loading=\"lazy\" decoding=\"async\" src=\"https:\/\/web.archive.org\/web\/20170218083307im_\/https:\/\/www.progeriaresearch.org\/assets\/images\/news_images\/science-daily.jpg\" alt=\"\" width=\"177\" height=\"60\" \/><br \/><\/strong><strong><a href=\"https:\/\/www.sciencedaily.com\/releases\/2012\/09\/120924152539.htm\" target=\"_blank\" rel=\"noopener noreferrer\">Scienza quotidiana: <\/a><\/strong><a href=\"https:\/\/www.sciencedaily.com\/releases\/2012\/09\/120924152539.htm\" target=\"_blank\" rel=\"noopener noreferrer\"><strong>Farmaco originariamente sviluppato per il cancro si dimostra efficace per i bambini affetti da progeria<\/strong><\/a><\/p>\n<p><img loading=\"lazy\" decoding=\"async\" src=\"https:\/\/web.archive.org\/web\/20170218083307im_\/https:\/\/www.progeriaresearch.org\/assets\/images\/news_images\/npr.jpg\" alt=\"\" width=\"180\" height=\"59\" \/><br \/><strong>90.9 WBUR Salute comune: <\/strong><strong>Trovata la prima cura per la malattia dell&#039;invecchiamento rapido nei bambini (link non pi\u00f9 disponibile) <\/strong><\/p>\n<table border=\"0\" align=\"center\">\n<tbody>\n<tr>\n<td>\n<p><strong>Siamo eternamente grati al fantastico team di <a href=\"https:\/\/www.spectrumscience.com\/\" target=\"_blank\" rel=\"noopener noreferrer\">Spettro<\/a> per i loro instancabili sforzi nel diffondere la parola su Proger<\/strong><strong>ia e PRF <\/strong><strong>lavoro.\u00a0<\/strong><\/p>\n<p><strong>\u00a0<\/strong><a href=\"https:\/\/web.archive.org\/web\/20170218083307\/https:\/\/www.spectrumscience.com\"><img loading=\"lazy\" decoding=\"async\" src=\"https:\/\/web.archive.org\/web\/20170218083307im_\/https:\/\/www.progeriaresearch.org\/assets\/images\/news_images\/SSCLogo_LongTagRT.jpg\" alt=\"\" width=\"350\" height=\"67\" \/><\/a><\/p>\n<\/td>\n<\/tr>\n<\/tbody>\n<\/table>\n<p><strong>\u00a0<\/strong><strong>\u00a0<\/strong><\/p>\n<p>[\/et_pb_text][\/et_pb_column][\/et_pb_row][\/et_pb_section]<\/p>","protected":false},"excerpt":{"rendered":"<p>[et_pb_section fb_built=&#8221;1&#8243; _builder_version=&#8221;3.22&#8243;][et_pb_row _builder_version=&#8221;3.25&#8243; background_size=&#8221;initial&#8221; background_position=&#8221;top_left&#8221; background_repeat=&#8221;repeat&#8221;][et_pb_column type=&#8221;4_4&#8243; _builder_version=&#8221;3.25&#8243; custom_padding=&#8221;|||&#8221; custom_padding__hover=&#8221;|||&#8221;][et_pb_text _builder_version=&#8221;4.6.5&#8243; background_size=&#8221;initial&#8221; background_position=&#8221;top_left&#8221; background_repeat=&#8221;repeat&#8221; hover_enabled=&#8221;0&#8243; sticky_enabled=&#8221;0&#8243;] News of the first-ever treatment for Progeria is spreading around the globe, with dozens of media outlets reporting on this remarkable advancement. Click here to read the announcement, and see below for links on dozens of articles, radio [&hellip;]<\/p>","protected":false},"author":1,"featured_media":2039,"comment_status":"open","ping_status":"open","sticky":false,"template":"","format":"standard","meta":{"_et_pb_use_builder":"on","_et_pb_old_content":"<p>News of the first-ever treatment for Progeria is spreading around the globe, with dozens of media outlets reporting on this remarkable advancement. <a href=\"https:\/\/www.progeriaresearch.org\/wp-content\/uploads\/2019\/04\/FINAL-PNAS-Press-Release.pdf\">Click here<\/a> to read the announcement, and see below for links on dozens of articles, radio clips and TV airings!<\/p><p><b><a href=\"https:\/\/www.progeriaresearch.org\/assets\/files\/pdf\/newsletters\/Sept%202012%20Special%20nwsltr.pdf\">Click here<\/a> to read our special newsletter on the findings. <\/b><strong>Extra! Extra! Read All About It!<\/strong><\/p><p>The public\u2019s fascination with Progeria and its relation to aging continues to rise, as word of the first treatment for children with Progeria spreads. Check out these stories on-line and on-air from top-tier outlets.\u00a0<strong> Be the first to know as more stories appear<\/strong>: 'like' us on <a href=\"https:\/\/www.facebook.com\/pages\/Progeria-Research-Foundation\/146655732033554\">Facebook<\/a>, follow us on <a href=\"https:\/\/twitter.com\/Progeria\">Twitter<\/a>, or <a href=\"mailto:info@progeriaresearch.org\">send us your email address<\/a>.<\/p>[caption id=\"attachment_2038\" align=\"alignleft\" width=\"225\"]<img class=\"wp-image-2038 size-full\" src=\"https:\/\/www.progeriaresearch.org\/wp-content\/uploads\/2017\/05\/Devin-looking-to-left.jpg\" alt=\"\" width=\"225\" height=\"286\" \/> Devin from Canada during a 2008 visit to Boston Children\u2019s Hospital for the Progeria clinical drug trial.[\/caption]<p>What people are saying\u2026<\/p><p>\u201cthe result of <strong>a scientific sprint<\/strong>\u201d \u2013 <em>Robert Siegel, NPR<\/em><\/p><p>\u201cThere\u2019s been <strong>an unexpected payoff for the rest of humanity<\/strong>...some\u2026will be looking for ways to use this new information to ward off a range of diseases associated with aging\u2026 perhaps the most remarkable thing about the new treatment is how fast it was developed.\u201d\u00a0 \u2013 <em>Jon Hamilton, NPR<\/em><\/p><p>\u201cNow, we not only have our first treatment, but we know for the first time that Progeria can be improved, and this <strong>inspires us to work harder and faster<\/strong> toward additional treatments that could work in conjunction with Lonafarnib to make a difference in the health of children with Progeria<em>.\u201d\u00a0 \u00a0<\/em><em>- PRF\u2019s Medical Director Dr. Leslie Gordon, CNN Health<\/em><\/p><p>\"The first time anyone has done anything that in any way, shape or form <strong>altered the natural history of this disease<\/strong>.\" <em>\u2013 Progeria Drug trial Chair Dr. Mark Kieran,<\/em> <em>The Boston Globe<\/em><\/p><p>\"[These results] show the dedication parents and non-profits have in the rare disease community to get things done when all seems lost\u2026 this study is <strong>a great example<\/strong> of how a small non-profit can help stimulate and translate basic biomedical and genetic research into a human treatment.\" <em>\u2013 <\/em><em>James Radke PhD<\/em><em>, Rare Disease Report<\/em><\/p><p>\"It\u2019s huge<strong>, It\u2019s a miracle<\/strong>. Devin has new hope, dreams, his saying is, \u201cDream big or go home\u201d <em>\u2013 Jamie,<\/em> <em>CNN Health<\/em><\/p><p>\u201cThe continuing story of <strong>conquering Progeria is a glorious illustration of the value of basic research in discovering how something happens <\/strong>\u2013 and that\u2019s the heart and soul of science.\u201d <em>\u2013 <\/em><a href=\"https:\/\/blogs.plos.org\/dnascience\/2012\/10\/11\/from-rapid-aging-to-common-heart-disease\/\"><em>Ricki Lewis, PhD, PLOS<\/em><\/a>\u00a0 LINK: <a href=\"https:\/\/blogs.plos.org\/dnascience\/2012\/10\/11\/from-rapid-aging-to-common-heart-disease\/\">https:\/\/blogs.plos.org\/dnascience\/2012\/10\/11\/from-rapid-aging-to-common-heart-disease\/<\/a><\/p>[caption id=\"attachment_2039\" align=\"aligncenter\" width=\"432\"]<img class=\"size-full wp-image-2039\" src=\"https:\/\/www.progeriaresearch.org\/wp-content\/uploads\/2017\/05\/Frannnie-with-WSJ.jpg\" alt=\"\" width=\"432\" height=\"324\" \/> Spectrum Health's Frannie Marmorstein excitedly holds the Sept. 25, 2012 edition of the Wall Street Journal, showing the trial results article above the fold on the front page![\/caption]<p><strong>See complete articles here\u2026<\/strong><\/p><p><strong><img src=\"https:\/\/web.archive.org\/web\/20170218083307im_\/https:\/\/www.progeriaresearch.org\/assets\/images\/news_images\/npr.jpg\" alt=\"\" width=\"182\" height=\"60\" \/><\/strong><\/p><p><strong><a href=\"https:\/\/news.wbfo.org\/post\/experimental-drug-first-help-kids-premature-aging-disease\" target=\"_blank\" rel=\"noopener noreferrer\">WBF 88.7 \u2013 NPR News \u2013<\/a><a href=\"https:\/\/web.archive.org\/web\/20170218083307\/https:\/\/news.wbfo.org\/post\/experimental-drug-first-help-kids-premature-aging-disease\" target=\"_blank\" rel=\"noopener noreferrer\">LISTEN<\/a><a href=\"https:\/\/web.archive.org\/web\/20170218083307\/https:\/\/news.wbfo.org\/post\/experimental-drug-first-help-kids-premature-aging-disease\" target=\"_blank\" rel=\"noopener noreferrer\"> to Robert Siegel\u2019s \u201cAll Things Considered\u201d interview with PRF\u2019s Medical Director and her son Sam!<\/a><\/strong><\/p><p>\u00a0<\/p><p><img src=\"https:\/\/web.archive.org\/web\/20170218083307im_\/https:\/\/www.progeriaresearch.org\/assets\/images\/news_images\/wcvb.jpg\" alt=\"\" width=\"200\" height=\"63\" \/><\/p><p>\u00a0<\/p><p><strong><a href=\"https:\/\/www.youtube.com\/watch?v=XaD2fEedefI\" target=\"_blank\" rel=\"noopener noreferrer\">WATCH the news report on Boston\u2019s local abc affiliate, WCVB-TV<\/a><\/strong><\/p><p>\u00a0<\/p><p><img src=\"https:\/\/web.archive.org\/web\/20170218083307im_\/https:\/\/www.progeriaresearch.org\/assets\/images\/news_images\/wsj.jpg\" alt=\"\" width=\"150\" height=\"92\" \/><\/p><p><strong><a href=\"https:\/\/web.archive.org\/web\/20170218083307\/https:\/\/www.marketwatch.com\/story\/first-ever-treatment-for-rare-childhood-aging-disease-shows-improvement-in-all-trial-participants-2012-09-24\" target=\"_blank\" rel=\"noopener noreferrer\">Wall Street<\/a><a href=\"https:\/\/www.marketwatch.com\/story\/first-ever-treatment-for-rare-childhood-aging-disease-shows-improvement-in-all-trial-participants-2012-09-24\" target=\"_blank\" rel=\"noopener noreferrer\"> Journal - Market Watch<\/a><\/strong><\/p><p><a href=\"https:\/\/web.archive.org\/web\/20170218083307\/https:\/\/www.marketwatch.com\/story\/first-ever-treatment-for-rare-childhood-aging-disease-shows-improvement-in-all-trial-participants-2012-09-24\" target=\"_blank\" rel=\"noopener noreferrer\"><strong>First-<\/strong><\/a><a href=\"https:\/\/www.marketwatch.com\/story\/first-ever-treatment-for-rare-childhood-aging-disease-shows-improvement-in-all-trial-participants-2012-09-24\" target=\"_blank\" rel=\"noopener noreferrer\"><strong>Ever Treatment For Rare Childhood Aging Disease Shows Improvement In All Trial Participant<\/strong><\/a><\/p><p><a href=\"https:\/\/online.wsj.com\/article\/SB10000872396390444083304578016110045188652.html\" target=\"_blank\" rel=\"noopener noreferrer\"><strong>Study of Rare Disease Helps in Search for Clues on Aging \/\u00a0 Drug Slows Damage in Children That Also Is Linked to Heart Problems in Others<\/strong><\/a><\/p><p>\u00a0<\/p><p><strong><img src=\"https:\/\/web.archive.org\/web\/20170218083307im_\/https:\/\/www.progeriaresearch.org\/assets\/images\/medical_images\/cnn.jpg\" alt=\"\" width=\"170\" height=\"86\" \/><\/strong><\/p><p>\u00a0<\/p><p><strong><a href=\"https:\/\/www.cnn.com\/2012\/09\/25\/health\/progeria-treatment\/index.html\" target=\"_blank\" rel=\"noopener noreferrer\">CNN Health<\/a><\/strong><\/p><p><a href=\"https:\/\/www.cnn.com\/2012\/09\/25\/health\/progeria-treatment\/index.html\" target=\"_blank\" rel=\"noopener noreferrer\"><strong>Advances in kids' early aging disease<\/strong><\/a><\/p><p>\u00a0<\/p><p><strong><img src=\"https:\/\/web.archive.org\/web\/20170218083307im_\/https:\/\/www.progeriaresearch.org\/assets\/images\/news_images\/wcvb.jpg\" alt=\"\" width=\"200\" height=\"63\" \/><\/strong><\/p><p><strong><a href=\"https:\/\/www.wcvb.com\/health\/New-trial-targets-rapid-aging-childhood-disease\/-\/9848730\/16723010\/-\/ybbbq9z\/-\/index.html\" target=\"_blank\" rel=\"noopener noreferrer\">WCVB.com<\/a><\/strong><\/p><p><a href=\"https:\/\/www.wcvb.com\/health\/New-trial-targets-rapid-aging-childhood-disease\/-\/9848730\/16723010\/-\/ybbbq9z\/-\/index.html\" target=\"_blank\" rel=\"noopener noreferrer\"><strong>New trial targets rapid-aging childhood disease<\/strong><\/a><\/p><p>\u00a0<\/p><p><strong><img src=\"https:\/\/web.archive.org\/web\/20170218083307im_\/https:\/\/www.progeriaresearch.org\/assets\/images\/news_images\/science-daily.jpg\" alt=\"\" width=\"177\" height=\"60\" \/><\/strong><\/p><p><strong><a href=\"https:\/\/www.sciencedaily.com\/releases\/2012\/09\/120924152539.htm\" target=\"_blank\" rel=\"noopener noreferrer\">Science Daily<\/a><\/strong><\/p><p><a href=\"https:\/\/www.sciencedaily.com\/releases\/2012\/09\/120924152539.htm\" target=\"_blank\" rel=\"noopener noreferrer\"><strong>Drug Originally Developed for Cancer Proves Effective for Children With Progeria<\/strong><\/a><\/p><p>\u00a0<\/p><p><img src=\"https:\/\/web.archive.org\/web\/20170218083307im_\/https:\/\/www.progeriaresearch.org\/assets\/images\/news_images\/npr.jpg\" alt=\"\" width=\"180\" height=\"59\" \/><\/p><p><strong><a href=\"https:\/\/commonhealth.wbur.org\/2012\/09\/first-treatment-progeria\">90.9 WBUR CommonHealth<\/a><\/strong><\/p><p><a href=\"https:\/\/commonhealth.wbur.org\/2012\/09\/first-treatment-progeria\" target=\"_blank\" rel=\"noopener noreferrer\"><strong>First Treatment Found For Rapid-Aging Disease In Children<\/strong><\/a><\/p><p>\u00a0<\/p><p>\u00a0<\/p><table border=\"0\" align=\"center\"><tbody><tr><td><p><strong>We are eternally grateful to the fantastic team at <a href=\"https:\/\/www.spectrumscience.com\/\" target=\"_blank\" rel=\"noopener noreferrer\">Spectrum<\/a> for their tireless efforts to spread the word about Proger<\/strong><strong>ia and PRF\u2019s <\/strong><strong>work.\u00a0<\/strong><\/p><p><strong>\u00a0<\/strong><a href=\"https:\/\/web.archive.org\/web\/20170218083307\/https:\/\/www.spectrumscience.com\"><img src=\"https:\/\/web.archive.org\/web\/20170218083307im_\/https:\/\/www.progeriaresearch.org\/assets\/images\/news_images\/SSCLogo_LongTagRT.jpg\" alt=\"\" width=\"350\" height=\"67\" \/><\/a><\/p><\/td><\/tr><\/tbody><\/table><p><strong>\u00a0<\/strong><strong>\u00a0<\/strong><\/p>","_et_gb_content_width":"","footnotes":"","_links_to":"","_links_to_target":""},"categories":[2],"tags":[],"class_list":["post-2037","post","type-post","status-publish","format-standard","has-post-thumbnail","hentry","category-news"],"yoast_head":"<!-- This site is optimized with the Yoast SEO plugin v26.8 - https:\/\/yoast.com\/product\/yoast-seo-wordpress\/ -->\n<title>The World Learns of Progeria Treatment - The Progeria Research Foundation<\/title>\n<meta name=\"robots\" content=\"index, follow, max-snippet:-1, max-image-preview:large, max-video-preview:-1\" \/>\n<link rel=\"canonical\" href=\"https:\/\/www.progeriaresearch.org\/it\/2012\/09\/24\/the-world-learns-of-progeria-treatment\/\" \/>\n<meta property=\"og:locale\" content=\"it_IT\" \/>\n<meta property=\"og:type\" content=\"article\" \/>\n<meta property=\"og:title\" content=\"The World Learns of Progeria Treatment - The Progeria Research Foundation\" \/>\n<meta property=\"og:description\" content=\"[et_pb_section fb_built=&#8221;1&#8243; _builder_version=&#8221;3.22&#8243;][et_pb_row _builder_version=&#8221;3.25&#8243; background_size=&#8221;initial&#8221; background_position=&#8221;top_left&#8221; background_repeat=&#8221;repeat&#8221;][et_pb_column type=&#8221;4_4&#8243; _builder_version=&#8221;3.25&#8243; custom_padding=&#8221;|||&#8221; custom_padding__hover=&#8221;|||&#8221;][et_pb_text _builder_version=&#8221;4.6.5&#8243; background_size=&#8221;initial&#8221; background_position=&#8221;top_left&#8221; background_repeat=&#8221;repeat&#8221; hover_enabled=&#8221;0&#8243; sticky_enabled=&#8221;0&#8243;] News of the first-ever treatment for Progeria is spreading around the globe, with dozens of media outlets reporting on this remarkable advancement. Click here to read the announcement, and see below for links on dozens of articles, radio [&hellip;]\" \/>\n<meta property=\"og:url\" content=\"https:\/\/www.progeriaresearch.org\/it\/2012\/09\/24\/the-world-learns-of-progeria-treatment\/\" \/>\n<meta property=\"og:site_name\" content=\"The Progeria Research Foundation\" \/>\n<meta property=\"article:publisher\" content=\"https:\/\/www.facebook.com\/ProgeriaResearch\/\" \/>\n<meta property=\"article:published_time\" content=\"2012-09-24T12:11:18+00:00\" \/>\n<meta property=\"article:modified_time\" content=\"2020-12-11T16:41:51+00:00\" \/>\n<meta property=\"og:image\" content=\"https:\/\/www.progeriaresearch.org\/wp-content\/uploads\/2017\/05\/Frannnie-with-WSJ.jpg\" \/>\n\t<meta property=\"og:image:width\" content=\"432\" \/>\n\t<meta property=\"og:image:height\" content=\"324\" \/>\n\t<meta property=\"og:image:type\" content=\"image\/jpeg\" \/>\n<meta name=\"author\" content=\"gravoc\" \/>\n<meta name=\"twitter:card\" content=\"summary_large_image\" \/>\n<meta name=\"twitter:creator\" content=\"@Progeria\" \/>\n<meta name=\"twitter:site\" content=\"@Progeria\" \/>\n<meta name=\"twitter:label1\" content=\"Written by\" \/>\n\t<meta name=\"twitter:data1\" content=\"gravoc\" \/>\n\t<meta name=\"twitter:label2\" content=\"Est. reading time\" \/>\n\t<meta name=\"twitter:data2\" content=\"3 minuti\" \/>\n<script type=\"application\/ld+json\" class=\"yoast-schema-graph\">{\"@context\":\"https:\/\/schema.org\",\"@graph\":[{\"@type\":\"Article\",\"@id\":\"https:\/\/www.progeriaresearch.org\/2012\/09\/24\/the-world-learns-of-progeria-treatment\/#article\",\"isPartOf\":{\"@id\":\"https:\/\/www.progeriaresearch.org\/2012\/09\/24\/the-world-learns-of-progeria-treatment\/\"},\"author\":{\"name\":\"gravoc\",\"@id\":\"https:\/\/www.progeriaresearch.org\/ta\/#\/schema\/person\/a3c935a81e92242c6a77ae0018542928\"},\"headline\":\"The World Learns of Progeria Treatment\",\"datePublished\":\"2012-09-24T12:11:18+00:00\",\"dateModified\":\"2020-12-11T16:41:51+00:00\",\"mainEntityOfPage\":{\"@id\":\"https:\/\/www.progeriaresearch.org\/2012\/09\/24\/the-world-learns-of-progeria-treatment\/\"},\"wordCount\":682,\"commentCount\":0,\"publisher\":{\"@id\":\"https:\/\/www.progeriaresearch.org\/ta\/#organization\"},\"image\":{\"@id\":\"https:\/\/www.progeriaresearch.org\/2012\/09\/24\/the-world-learns-of-progeria-treatment\/#primaryimage\"},\"thumbnailUrl\":\"https:\/\/www.progeriaresearch.org\/wp-content\/uploads\/2017\/05\/Frannnie-with-WSJ.jpg\",\"articleSection\":[\"News\"],\"inLanguage\":\"it-IT\",\"potentialAction\":[{\"@type\":\"CommentAction\",\"name\":\"Comment\",\"target\":[\"https:\/\/www.progeriaresearch.org\/2012\/09\/24\/the-world-learns-of-progeria-treatment\/#respond\"]}]},{\"@type\":\"WebPage\",\"@id\":\"https:\/\/www.progeriaresearch.org\/2012\/09\/24\/the-world-learns-of-progeria-treatment\/\",\"url\":\"https:\/\/www.progeriaresearch.org\/2012\/09\/24\/the-world-learns-of-progeria-treatment\/\",\"name\":\"The World Learns of Progeria Treatment - The Progeria Research Foundation\",\"isPartOf\":{\"@id\":\"https:\/\/www.progeriaresearch.org\/ta\/#website\"},\"primaryImageOfPage\":{\"@id\":\"https:\/\/www.progeriaresearch.org\/2012\/09\/24\/the-world-learns-of-progeria-treatment\/#primaryimage\"},\"image\":{\"@id\":\"https:\/\/www.progeriaresearch.org\/2012\/09\/24\/the-world-learns-of-progeria-treatment\/#primaryimage\"},\"thumbnailUrl\":\"https:\/\/www.progeriaresearch.org\/wp-content\/uploads\/2017\/05\/Frannnie-with-WSJ.jpg\",\"datePublished\":\"2012-09-24T12:11:18+00:00\",\"dateModified\":\"2020-12-11T16:41:51+00:00\",\"breadcrumb\":{\"@id\":\"https:\/\/www.progeriaresearch.org\/2012\/09\/24\/the-world-learns-of-progeria-treatment\/#breadcrumb\"},\"inLanguage\":\"it-IT\",\"potentialAction\":[{\"@type\":\"ReadAction\",\"target\":[\"https:\/\/www.progeriaresearch.org\/2012\/09\/24\/the-world-learns-of-progeria-treatment\/\"]}]},{\"@type\":\"ImageObject\",\"inLanguage\":\"it-IT\",\"@id\":\"https:\/\/www.progeriaresearch.org\/2012\/09\/24\/the-world-learns-of-progeria-treatment\/#primaryimage\",\"url\":\"https:\/\/www.progeriaresearch.org\/wp-content\/uploads\/2017\/05\/Frannnie-with-WSJ.jpg\",\"contentUrl\":\"https:\/\/www.progeriaresearch.org\/wp-content\/uploads\/2017\/05\/Frannnie-with-WSJ.jpg\",\"width\":432,\"height\":324,\"caption\":\"Spectrums Frannie Marmorstein excitedly holds the Sept. 25, 2012 edition of the Wall Street Journal, showing the trial results article above the fold on the front page!\"},{\"@type\":\"BreadcrumbList\",\"@id\":\"https:\/\/www.progeriaresearch.org\/2012\/09\/24\/the-world-learns-of-progeria-treatment\/#breadcrumb\",\"itemListElement\":[{\"@type\":\"ListItem\",\"position\":1,\"name\":\"Home\",\"item\":\"https:\/\/www.progeriaresearch.org\/\"},{\"@type\":\"ListItem\",\"position\":2,\"name\":\"The World Learns of Progeria Treatment\"}]},{\"@type\":\"WebSite\",\"@id\":\"https:\/\/www.progeriaresearch.org\/ta\/#website\",\"url\":\"https:\/\/www.progeriaresearch.org\/ta\/\",\"name\":\"The Progeria Research Foundation\",\"description\":\"For the Children \u2665 For the Cure\",\"publisher\":{\"@id\":\"https:\/\/www.progeriaresearch.org\/ta\/#organization\"},\"potentialAction\":[{\"@type\":\"SearchAction\",\"target\":{\"@type\":\"EntryPoint\",\"urlTemplate\":\"https:\/\/www.progeriaresearch.org\/ta\/?s={search_term_string}\"},\"query-input\":{\"@type\":\"PropertyValueSpecification\",\"valueRequired\":true,\"valueName\":\"search_term_string\"}}],\"inLanguage\":\"it-IT\"},{\"@type\":\"Organization\",\"@id\":\"https:\/\/www.progeriaresearch.org\/ta\/#organization\",\"name\":\"The Progeria Research Foundation\",\"url\":\"https:\/\/www.progeriaresearch.org\/ta\/\",\"logo\":{\"@type\":\"ImageObject\",\"inLanguage\":\"it-IT\",\"@id\":\"https:\/\/www.progeriaresearch.org\/ta\/#\/schema\/logo\/image\/\",\"url\":\"https:\/\/www.progeriaresearch.org\/wp-content\/uploads\/2019\/05\/PRF_Logo_2019_optimized.png\",\"contentUrl\":\"https:\/\/www.progeriaresearch.org\/wp-content\/uploads\/2019\/05\/PRF_Logo_2019_optimized.png\",\"width\":300,\"height\":86,\"caption\":\"The Progeria Research Foundation\"},\"image\":{\"@id\":\"https:\/\/www.progeriaresearch.org\/ta\/#\/schema\/logo\/image\/\"},\"sameAs\":[\"https:\/\/www.facebook.com\/ProgeriaResearch\/\",\"https:\/\/x.com\/Progeria\",\"https:\/\/www.instagram.com\/progeriaresearch\/\"]},{\"@type\":\"Person\",\"@id\":\"https:\/\/www.progeriaresearch.org\/ta\/#\/schema\/person\/a3c935a81e92242c6a77ae0018542928\",\"name\":\"gravoc\",\"image\":{\"@type\":\"ImageObject\",\"inLanguage\":\"it-IT\",\"@id\":\"https:\/\/www.progeriaresearch.org\/ta\/#\/schema\/person\/image\/\",\"url\":\"https:\/\/secure.gravatar.com\/avatar\/cee2d206466fdbfc70635d168190f07f615d6e9c97c316eb6a88b5b563efdd7b?s=96&d=mm&r=g\",\"contentUrl\":\"https:\/\/secure.gravatar.com\/avatar\/cee2d206466fdbfc70635d168190f07f615d6e9c97c316eb6a88b5b563efdd7b?s=96&d=mm&r=g\",\"caption\":\"gravoc\"},\"url\":\"https:\/\/www.progeriaresearch.org\/it\/author\/gravoc\/\"}]}<\/script>\n<!-- \/ Yoast SEO plugin. -->","yoast_head_json":{"title":"The World Learns of Progeria Treatment - The Progeria Research Foundation","robots":{"index":"index","follow":"follow","max-snippet":"max-snippet:-1","max-image-preview":"max-image-preview:large","max-video-preview":"max-video-preview:-1"},"canonical":"https:\/\/www.progeriaresearch.org\/it\/2012\/09\/24\/the-world-learns-of-progeria-treatment\/","og_locale":"it_IT","og_type":"article","og_title":"The World Learns of Progeria Treatment - The Progeria Research Foundation","og_description":"[et_pb_section fb_built=&#8221;1&#8243; _builder_version=&#8221;3.22&#8243;][et_pb_row _builder_version=&#8221;3.25&#8243; background_size=&#8221;initial&#8221; background_position=&#8221;top_left&#8221; background_repeat=&#8221;repeat&#8221;][et_pb_column type=&#8221;4_4&#8243; _builder_version=&#8221;3.25&#8243; custom_padding=&#8221;|||&#8221; custom_padding__hover=&#8221;|||&#8221;][et_pb_text _builder_version=&#8221;4.6.5&#8243; background_size=&#8221;initial&#8221; background_position=&#8221;top_left&#8221; background_repeat=&#8221;repeat&#8221; hover_enabled=&#8221;0&#8243; sticky_enabled=&#8221;0&#8243;] News of the first-ever treatment for Progeria is spreading around the globe, with dozens of media outlets reporting on this remarkable advancement. Click here to read the announcement, and see below for links on dozens of articles, radio [&hellip;]","og_url":"https:\/\/www.progeriaresearch.org\/it\/2012\/09\/24\/the-world-learns-of-progeria-treatment\/","og_site_name":"The Progeria Research Foundation","article_publisher":"https:\/\/www.facebook.com\/ProgeriaResearch\/","article_published_time":"2012-09-24T12:11:18+00:00","article_modified_time":"2020-12-11T16:41:51+00:00","og_image":[{"width":432,"height":324,"url":"https:\/\/www.progeriaresearch.org\/wp-content\/uploads\/2017\/05\/Frannnie-with-WSJ.jpg","type":"image\/jpeg"}],"author":"gravoc","twitter_card":"summary_large_image","twitter_creator":"@Progeria","twitter_site":"@Progeria","twitter_misc":{"Written by":"gravoc","Est. reading time":"3 minuti"},"schema":{"@context":"https:\/\/schema.org","@graph":[{"@type":"Article","@id":"https:\/\/www.progeriaresearch.org\/2012\/09\/24\/the-world-learns-of-progeria-treatment\/#article","isPartOf":{"@id":"https:\/\/www.progeriaresearch.org\/2012\/09\/24\/the-world-learns-of-progeria-treatment\/"},"author":{"name":"gravoc","@id":"https:\/\/www.progeriaresearch.org\/ta\/#\/schema\/person\/a3c935a81e92242c6a77ae0018542928"},"headline":"The World Learns of Progeria Treatment","datePublished":"2012-09-24T12:11:18+00:00","dateModified":"2020-12-11T16:41:51+00:00","mainEntityOfPage":{"@id":"https:\/\/www.progeriaresearch.org\/2012\/09\/24\/the-world-learns-of-progeria-treatment\/"},"wordCount":682,"commentCount":0,"publisher":{"@id":"https:\/\/www.progeriaresearch.org\/ta\/#organization"},"image":{"@id":"https:\/\/www.progeriaresearch.org\/2012\/09\/24\/the-world-learns-of-progeria-treatment\/#primaryimage"},"thumbnailUrl":"https:\/\/www.progeriaresearch.org\/wp-content\/uploads\/2017\/05\/Frannnie-with-WSJ.jpg","articleSection":["News"],"inLanguage":"it-IT","potentialAction":[{"@type":"CommentAction","name":"Comment","target":["https:\/\/www.progeriaresearch.org\/2012\/09\/24\/the-world-learns-of-progeria-treatment\/#respond"]}]},{"@type":"WebPage","@id":"https:\/\/www.progeriaresearch.org\/2012\/09\/24\/the-world-learns-of-progeria-treatment\/","url":"https:\/\/www.progeriaresearch.org\/2012\/09\/24\/the-world-learns-of-progeria-treatment\/","name":"The World Learns of Progeria Treatment - The Progeria Research Foundation","isPartOf":{"@id":"https:\/\/www.progeriaresearch.org\/ta\/#website"},"primaryImageOfPage":{"@id":"https:\/\/www.progeriaresearch.org\/2012\/09\/24\/the-world-learns-of-progeria-treatment\/#primaryimage"},"image":{"@id":"https:\/\/www.progeriaresearch.org\/2012\/09\/24\/the-world-learns-of-progeria-treatment\/#primaryimage"},"thumbnailUrl":"https:\/\/www.progeriaresearch.org\/wp-content\/uploads\/2017\/05\/Frannnie-with-WSJ.jpg","datePublished":"2012-09-24T12:11:18+00:00","dateModified":"2020-12-11T16:41:51+00:00","breadcrumb":{"@id":"https:\/\/www.progeriaresearch.org\/2012\/09\/24\/the-world-learns-of-progeria-treatment\/#breadcrumb"},"inLanguage":"it-IT","potentialAction":[{"@type":"ReadAction","target":["https:\/\/www.progeriaresearch.org\/2012\/09\/24\/the-world-learns-of-progeria-treatment\/"]}]},{"@type":"ImageObject","inLanguage":"it-IT","@id":"https:\/\/www.progeriaresearch.org\/2012\/09\/24\/the-world-learns-of-progeria-treatment\/#primaryimage","url":"https:\/\/www.progeriaresearch.org\/wp-content\/uploads\/2017\/05\/Frannnie-with-WSJ.jpg","contentUrl":"https:\/\/www.progeriaresearch.org\/wp-content\/uploads\/2017\/05\/Frannnie-with-WSJ.jpg","width":432,"height":324,"caption":"Spectrums Frannie Marmorstein excitedly holds the Sept. 25, 2012 edition of the Wall Street Journal, showing the trial results article above the fold on the front page!"},{"@type":"BreadcrumbList","@id":"https:\/\/www.progeriaresearch.org\/2012\/09\/24\/the-world-learns-of-progeria-treatment\/#breadcrumb","itemListElement":[{"@type":"ListItem","position":1,"name":"Home","item":"https:\/\/www.progeriaresearch.org\/"},{"@type":"ListItem","position":2,"name":"The World Learns of Progeria Treatment"}]},{"@type":"WebSite","@id":"https:\/\/www.progeriaresearch.org\/ta\/#website","url":"https:\/\/www.progeriaresearch.org\/ta\/","name":"Fondazione per la ricerca sulla progeria","description":"Per i bambini \u2665 Per la cura","publisher":{"@id":"https:\/\/www.progeriaresearch.org\/ta\/#organization"},"potentialAction":[{"@type":"SearchAction","target":{"@type":"EntryPoint","urlTemplate":"https:\/\/www.progeriaresearch.org\/ta\/?s={search_term_string}"},"query-input":{"@type":"PropertyValueSpecification","valueRequired":true,"valueName":"search_term_string"}}],"inLanguage":"it-IT"},{"@type":"Organization","@id":"https:\/\/www.progeriaresearch.org\/ta\/#organization","name":"Fondazione per la ricerca sulla progeria","url":"https:\/\/www.progeriaresearch.org\/ta\/","logo":{"@type":"ImageObject","inLanguage":"it-IT","@id":"https:\/\/www.progeriaresearch.org\/ta\/#\/schema\/logo\/image\/","url":"https:\/\/www.progeriaresearch.org\/wp-content\/uploads\/2019\/05\/PRF_Logo_2019_optimized.png","contentUrl":"https:\/\/www.progeriaresearch.org\/wp-content\/uploads\/2019\/05\/PRF_Logo_2019_optimized.png","width":300,"height":86,"caption":"The Progeria Research Foundation"},"image":{"@id":"https:\/\/www.progeriaresearch.org\/ta\/#\/schema\/logo\/image\/"},"sameAs":["https:\/\/www.facebook.com\/ProgeriaResearch\/","https:\/\/x.com\/Progeria","https:\/\/www.instagram.com\/progeriaresearch\/"]},{"@type":"Person","@id":"https:\/\/www.progeriaresearch.org\/ta\/#\/schema\/person\/a3c935a81e92242c6a77ae0018542928","name":"gravoc","image":{"@type":"ImageObject","inLanguage":"it-IT","@id":"https:\/\/www.progeriaresearch.org\/ta\/#\/schema\/person\/image\/","url":"https:\/\/secure.gravatar.com\/avatar\/cee2d206466fdbfc70635d168190f07f615d6e9c97c316eb6a88b5b563efdd7b?s=96&d=mm&r=g","contentUrl":"https:\/\/secure.gravatar.com\/avatar\/cee2d206466fdbfc70635d168190f07f615d6e9c97c316eb6a88b5b563efdd7b?s=96&d=mm&r=g","caption":"gravoc"},"url":"https:\/\/www.progeriaresearch.org\/it\/author\/gravoc\/"}]}},"_links":{"self":[{"href":"https:\/\/www.progeriaresearch.org\/it\/wp-json\/wp\/v2\/posts\/2037","targetHints":{"allow":["GET"]}}],"collection":[{"href":"https:\/\/www.progeriaresearch.org\/it\/wp-json\/wp\/v2\/posts"}],"about":[{"href":"https:\/\/www.progeriaresearch.org\/it\/wp-json\/wp\/v2\/types\/post"}],"author":[{"embeddable":true,"href":"https:\/\/www.progeriaresearch.org\/it\/wp-json\/wp\/v2\/users\/1"}],"replies":[{"embeddable":true,"href":"https:\/\/www.progeriaresearch.org\/it\/wp-json\/wp\/v2\/comments?post=2037"}],"version-history":[{"count":0,"href":"https:\/\/www.progeriaresearch.org\/it\/wp-json\/wp\/v2\/posts\/2037\/revisions"}],"wp:featuredmedia":[{"embeddable":true,"href":"https:\/\/www.progeriaresearch.org\/it\/wp-json\/wp\/v2\/media\/2039"}],"wp:attachment":[{"href":"https:\/\/www.progeriaresearch.org\/it\/wp-json\/wp\/v2\/media?parent=2037"}],"wp:term":[{"taxonomy":"category","embeddable":true,"href":"https:\/\/www.progeriaresearch.org\/it\/wp-json\/wp\/v2\/categories?post=2037"},{"taxonomy":"post_tag","embeddable":true,"href":"https:\/\/www.progeriaresearch.org\/it\/wp-json\/wp\/v2\/tags?post=2037"}],"curies":[{"name":"parola chiave","href":"https:\/\/api.w.org\/{rel}","templated":true}]}}