{"id":2025,"date":"2012-05-15T23:01:02","date_gmt":"2012-05-15T23:01:02","guid":{"rendered":"https:\/\/www.progeriaresearch.org\/?p=2025"},"modified":"2020-12-10T18:32:09","modified_gmt":"2020-12-10T23:32:09","slug":"number-of-children-identified-continues-to-soar","status":"publish","type":"post","link":"https:\/\/www.progeriaresearch.org\/nl\/2012\/05\/15\/number-of-children-identified-continues-to-soar\/","title":{"rendered":"Aantal ge\u00efdentificeerde kinderen blijft stijgen"},"content":{"rendered":"<p>[et_pb_section fb_built=\u201d1\u2033 _builder_version=\u201d3.22\u2033][et_pb_row _builder_version=\u201d3.25\u2033 background_size=\u201dinitial\u201d background_position=\u201dtop_left\u201d background_repeat=\u201dherhalen\u201d][et_pb_column type=\u201d4_4\u2033 _builder_version=\u201d3.25\u2033 custom_padding=\u201d|||\u201d custom_padding__hover=\u201d|||\u201d][et_pb_text _builder_version=\u201d4.6.5\u2033 background_size=\u201dinitial\u201d background_position=\u201dtop_left\u201d background_repeat=\u201dherhalen\u201d hover_enabled=\u201d0\u2033 sticky_enabled=\u201d0\u2033]<\/p>\n<p>Dankzij PRF&#039;s <a href=\"https:\/\/www.progeriaresearch.org\/nl\/find-the-children\/\">\u201cVind de andere 150\u201d <\/a>(nu Find the Children) initiatief, de wereldwijde campagne om alle kinderen met Progeria te vinden, heeft geholpen om een verbazingwekkende 85% toename te bereiken in degenen die ge\u00efdentificeerd zijn. Nu kunnen meer kinderen dan ooit de ondersteuning krijgen die ze nodig hebben.<\/p>\n<div id=\"secondary-header-content\">\n<p><strong>PRF heeft bewustzijn naar nieuwe hoogten en gebieden van de wereld gebracht, wat resulteerde in een verbazingwekkende toename van 46: van 54 naar 100 kinderen** in iets meer dan drie jaar. V\u00f3\u00f3r de campagne was het aantal nieuwe ge\u00efdentificeerde kinderen minder dan 3 per jaar!!\u00a0<\/strong><\/p>\n<p>**10 van de 90 hebben niet-progerine-producerende progero\u00efde laminopathie\u00ebn (progeria&#039;s die geen progerine produceren)<\/p>\n<p>In oktober 2009 lanceerde PRF haar <a href=\"https:\/\/www.progeriaresearch.org\/nl\/find-the-children\/\">\u201cVind de andere 150\u201d <\/a>(nu Find the Children) campagne in samenwerking met <a href=\"https:\/\/www.globalhealthpr.com\/\" target=\"_blank\" rel=\"noopener noreferrer\">GlobalHealthPR<\/a>, een wereldwijde gezondheidscommunicatiegroep met kantoren in de Verenigde Staten, Azi\u00eb, West-Europa en Latijns-Amerika. Het doel: wereldwijd zoeken naar kinderen met de uiterst zeldzame ziekte Progeria, zodat ze de unieke zorg kunnen krijgen die ze nodig hebben en de klinische wetenschap voor Progeria kunnen helpen bevorderen. Door proactieve outreach en een speciale website met informatie in 20 talen, slaagt deze campagne ver boven onze verwachtingen!<\/p>\n<\/div>\n<blockquote>\n<p>Het totale aantal bekende levende kinderen met Progeria is nu 100 wereldwijd. De kinderen komen van vijf continenten en vari\u00ebren in leeftijd van 8 maanden tot 20 jaar.<\/p>\n<\/blockquote>\n<div id=\"attachment_2026\" style=\"width: 585px\" class=\"wp-caption aligncenter\"><img loading=\"lazy\" decoding=\"async\" aria-describedby=\"caption-attachment-2026\" class=\"size-full wp-image-2026\" src=\"https:\/\/www.progeriaresearch.org\/wp-content\/uploads\/2017\/05\/Child-Map-as-of-Nov-9-2012-100-kids-3.jpg\" alt=\"\" width=\"575\" height=\"356\" srcset=\"https:\/\/www.progeriaresearch.org\/wp-content\/uploads\/2017\/05\/Child-Map-as-of-Nov-9-2012-100-kids-3.jpg 575w, https:\/\/www.progeriaresearch.org\/wp-content\/uploads\/2017\/05\/Child-Map-as-of-Nov-9-2012-100-kids-3-300x186.jpg 300w\" sizes=\"(max-width: 575px) 100vw, 575px\" \/><p id=\"caption-attachment-2026\" class=\"wp-caption-text\">De resultaten van de campagne tot nu toe, die taal- en geografische grenzen overstijgen, zijn een waar bewijs van de kracht van wereldwijde samenwerking.<\/p><\/div>\n<p>\u201cBij de lancering van de campagne zeiden we dat het vinden van zelfs maar \u00e9\u00e9n kind de campagne tot een succes zou maken\u201d, aldus <a href=\"https:\/\/www.progeriaresearch.org\/nl\/officers-and-staff\/\">Audrey Gordon<\/a>, President en Executive Director, PRF. &quot;We weten nu dat we door onze voortdurende wereldwijde inspanningen nog meer kinderen met Progeria kunnen vinden om hen unieke en essenti\u00eble medische diensten en zorg te bieden, en het medisch onderzoek aanzienlijk kunnen bevorderen om behandelingen en een genezing te ontwikkelen.&quot;<\/p>\n<p>Laten we de vaart erin houden! <strong>Hoe kunt u dit helpen realiseren?<\/strong><\/p>\n<p>\u2666 Moedig uw vrienden, familie, zakencollega&#039;s en iedereen in uw adresboek aan om ons te bezoeken <a href=\"https:\/\/www.progeriaresearch.org\/nl\/find-the-children\/\">Vind de andere 150 <\/a>(nu Zoek de kinderen) <a href=\"https:\/\/www.findtheother150.org\">,<\/a> waar informatie over de ziekte in meerdere talen is opgenomen.<\/p>\n<p>\u2666 Volg updates van PRF via <a href=\"https:\/\/www.facebook.com\/ProgeriaResearch\/\" target=\"_blank\" rel=\"noopener noreferrer\">Facebook<\/a> En <a href=\"https:\/\/twitter.com\/progeria\" target=\"_blank\" rel=\"noopener noreferrer\">Twitter<\/a>en moedig anderen aan om deze pagina&#039;s te gebruiken om meer informatie te vinden.<\/p>\n<p>\u2666 Als u mediacontacten hebt in China, Oost-Europa en andere landen waar de wereldwijde communicatie beperkt is, neem dan contact met ons op.<\/p>\n<p align=\"center\"><strong>Hartelijk dank allemaal voor jullie hulp bij het vinden van deze bijzondere kinderen!<\/strong><\/p>\n<p>[\/et_pb_text][\/et_pb_column][\/et_pb_row][\/et_pb_section]<\/p>","protected":false},"excerpt":{"rendered":"<p>[et_pb_section fb_built=\u201d1\u2033 _builder_version=\u201d3.22\u2033][et_pb_row _builder_version=\u201d3.25\u2033 background_size=\u201dinitial\u201d background_position=\u201dtop_left\u201d background_repeat=\u201drepeat\u201d][et_pb_column type=\u201d4_4\u2033 _builder_version=\u201d3.25\u2033 custom_padding=\u201d|||\u201d custom_padding__hover=\u201d|||\u201d][et_pb_text _builder_version=\u201d4.6.5\u2033 background_size=\u201dinitial\u201d background_position=\u201dtop_left\u201d background_repeat=\u201drepeat\u201d hover_enabled=\u201d0\u2033 sticky_enabled=\u201d0\u2033] Dankzij het initiatief \u201cFind the Other 150\u201d (nu Find the Children) van PRF heeft de wereldwijde campagne om alle kinderen met progeria te vinden geleid tot een verbazingwekkende toename van 85% in het aantal ge\u00efdentificeerde kinderen. Nu kunnen meer kinderen dan ooit [\u2026]<\/p>","protected":false},"author":1,"featured_media":2026,"comment_status":"open","ping_status":"open","sticky":false,"template":"","format":"standard","meta":{"_et_pb_use_builder":"on","_et_pb_old_content":"<p>Thanks to PRF's <a href=\"https:\/\/www.findtheother150.org\/\">\"Find the Other 150\" <\/a>initiative, the global campaign to find all children with Progeria has helped attain an astonishing 85% increase in those identified. Now more children than ever can get the support they need.<\/p><div id=\"secondary-header-content\"><p><strong>PRF has brought awareness to new heights and areas of the world, resulting in an astonishing increase of 46:\u00a0 from 54 to 100 children** in just over three years. \u00a0Prior to the campaign, the number of new children identified was less than 3 per year!!\u00a0<\/strong><\/p><p>**10 of the 90 have non-progerin-producing progeroid laminopathies (Progerias that do not produce Progerin)<\/p><p>In October 2009, PRF launched its <a href=\"https:\/\/www.findtheother150.org\">\"Find the Other 150\" <\/a>campaign in partnership with <a href=\"https:\/\/www.globalhealthpr.com\/\" target=\"_blank\" rel=\"noopener noreferrer\">GlobalHealthPR<\/a>, a worldwide health communications group with offices in the United States, Asia, Western Europe and Latin America. Its goal: search globally for children with the extremely rare disease Progeria, so they can receive the unique the care they need and help advance clinical science for Progeria. Through proactive outreach and a dedicated web site with information in 20 languages (<a href=\"https:\/\/www.findtheother150.org\/\">www.findtheother150.org<\/a>), this campaign is succeeding far beyond our expectations!<\/p><\/div><blockquote><p>The total number of known living children with Progeria is now 100 worldwide. The children span five continents, and range in age from 8 months to 20 years.<\/p><\/blockquote>[caption id=\"attachment_2026\" align=\"aligncenter\" width=\"575\"]<img class=\"size-full wp-image-2026\" src=\"https:\/\/www.progeriaresearch.org\/wp-content\/uploads\/2017\/05\/Child-Map-as-of-Nov-9-2012-100-kids-3.jpg\" alt=\"\" width=\"575\" height=\"356\" \/> Stretching across language and geographic barriers, the campaign's results to date are a true testament to the power of global collaboration.[\/caption]<p>\"At the launch of the campaign, we said that finding even one child would make the campaign a success,\" said <a href=\"https:\/\/www.progeriaresearch.org\/officersandstaff.html\">Audrey Gordon<\/a>, President and Executive Director, PRF. \" We now know that through our continued global efforts, we can find even more children with Progeria to provide them with unique and essential medical services and care, and significantly further medical research to develop treatments and a cure.\"<\/p><p>Let's keep the momentum going! <strong>How can you help make this happen?<\/strong><\/p><p>\u2666 Encourage your friends, family, business colleagues and everyone in your address book to visit <a href=\"https:\/\/www.findtheother150.org\">www.findtheother150.org,<\/a> where information about the disease is included in several languages.<\/p><p>\u2666 Follow updates from PRF through <a href=\"https:\/\/www.causes.com\/causes\/183613?m=071cdb23\" target=\"_blank\" rel=\"noopener noreferrer\">Facebook<\/a> and <a href=\"https:\/\/twitter.com\/progeria\" target=\"_blank\" rel=\"noopener noreferrer\">Twitter<\/a>, and encourage others to use these pages to find out more information.<\/p><p>\u2666 If you have media contacts in China, Eastern Europe and other countries in which global communication is limited, please contact us.<\/p><p align=\"center\"><strong>Thank you ALL for helping us find these special children!<\/strong><\/p>","_et_gb_content_width":"","footnotes":"","_links_to":"","_links_to_target":""},"categories":[2],"tags":[],"class_list":["post-2025","post","type-post","status-publish","format-standard","has-post-thumbnail","hentry","category-news"],"yoast_head":"<!-- This site is optimized with the Yoast SEO plugin v26.8 - https:\/\/yoast.com\/product\/yoast-seo-wordpress\/ -->\n<title>Number of Children Identified Continues to Soar - The Progeria Research Foundation<\/title>\n<meta name=\"robots\" content=\"index, follow, max-snippet:-1, max-image-preview:large, max-video-preview:-1\" \/>\n<link rel=\"canonical\" href=\"https:\/\/www.progeriaresearch.org\/nl\/2012\/05\/15\/number-of-children-identified-continues-to-soar\/\" \/>\n<meta property=\"og:locale\" content=\"nl_NL\" \/>\n<meta property=\"og:type\" content=\"article\" \/>\n<meta property=\"og:title\" content=\"Number of Children Identified Continues to Soar - The Progeria Research Foundation\" \/>\n<meta property=\"og:description\" content=\"[et_pb_section fb_built=&#8221;1&#8243; _builder_version=&#8221;3.22&#8243;][et_pb_row _builder_version=&#8221;3.25&#8243; background_size=&#8221;initial&#8221; background_position=&#8221;top_left&#8221; background_repeat=&#8221;repeat&#8221;][et_pb_column type=&#8221;4_4&#8243; _builder_version=&#8221;3.25&#8243; custom_padding=&#8221;|||&#8221; custom_padding__hover=&#8221;|||&#8221;][et_pb_text _builder_version=&#8221;4.6.5&#8243; background_size=&#8221;initial&#8221; background_position=&#8221;top_left&#8221; background_repeat=&#8221;repeat&#8221; hover_enabled=&#8221;0&#8243; sticky_enabled=&#8221;0&#8243;] Thanks to PRF&#8217;s &#8220;Find the Other 150&#8221; (now Find the Children) initiative, the global campaign to find all children with Progeria has helped attain an astonishing 85% increase in those identified. Now more children than ever can get [&hellip;]\" \/>\n<meta property=\"og:url\" content=\"https:\/\/www.progeriaresearch.org\/nl\/2012\/05\/15\/number-of-children-identified-continues-to-soar\/\" \/>\n<meta property=\"og:site_name\" content=\"The Progeria Research Foundation\" \/>\n<meta property=\"article:publisher\" content=\"https:\/\/www.facebook.com\/ProgeriaResearch\/\" \/>\n<meta property=\"article:published_time\" content=\"2012-05-15T23:01:02+00:00\" \/>\n<meta property=\"article:modified_time\" content=\"2020-12-10T23:32:09+00:00\" \/>\n<meta property=\"og:image\" content=\"https:\/\/www.progeriaresearch.org\/wp-content\/uploads\/2017\/05\/Child-Map-as-of-Nov-9-2012-100-kids-3.jpg\" \/>\n\t<meta property=\"og:image:width\" content=\"575\" \/>\n\t<meta property=\"og:image:height\" content=\"356\" \/>\n\t<meta property=\"og:image:type\" content=\"image\/jpeg\" \/>\n<meta name=\"author\" content=\"gravoc\" \/>\n<meta name=\"twitter:card\" content=\"summary_large_image\" \/>\n<meta name=\"twitter:creator\" content=\"@Progeria\" \/>\n<meta name=\"twitter:site\" content=\"@Progeria\" \/>\n<meta name=\"twitter:label1\" content=\"Written by\" \/>\n\t<meta name=\"twitter:data1\" content=\"gravoc\" \/>\n\t<meta name=\"twitter:label2\" content=\"Est. reading time\" \/>\n\t<meta name=\"twitter:data2\" content=\"2 minuten\" \/>\n<script type=\"application\/ld+json\" class=\"yoast-schema-graph\">{\"@context\":\"https:\/\/schema.org\",\"@graph\":[{\"@type\":\"Article\",\"@id\":\"https:\/\/www.progeriaresearch.org\/2012\/05\/15\/number-of-children-identified-continues-to-soar\/#article\",\"isPartOf\":{\"@id\":\"https:\/\/www.progeriaresearch.org\/2012\/05\/15\/number-of-children-identified-continues-to-soar\/\"},\"author\":{\"name\":\"gravoc\",\"@id\":\"https:\/\/www.progeriaresearch.org\/ta\/#\/schema\/person\/a3c935a81e92242c6a77ae0018542928\"},\"headline\":\"Number of Children Identified Continues to Soar\",\"datePublished\":\"2012-05-15T23:01:02+00:00\",\"dateModified\":\"2020-12-10T23:32:09+00:00\",\"mainEntityOfPage\":{\"@id\":\"https:\/\/www.progeriaresearch.org\/2012\/05\/15\/number-of-children-identified-continues-to-soar\/\"},\"wordCount\":463,\"commentCount\":0,\"publisher\":{\"@id\":\"https:\/\/www.progeriaresearch.org\/ta\/#organization\"},\"image\":{\"@id\":\"https:\/\/www.progeriaresearch.org\/2012\/05\/15\/number-of-children-identified-continues-to-soar\/#primaryimage\"},\"thumbnailUrl\":\"https:\/\/www.progeriaresearch.org\/wp-content\/uploads\/2017\/05\/Child-Map-as-of-Nov-9-2012-100-kids-3.jpg\",\"articleSection\":[\"News\"],\"inLanguage\":\"nl-NL\",\"potentialAction\":[{\"@type\":\"CommentAction\",\"name\":\"Comment\",\"target\":[\"https:\/\/www.progeriaresearch.org\/2012\/05\/15\/number-of-children-identified-continues-to-soar\/#respond\"]}]},{\"@type\":\"WebPage\",\"@id\":\"https:\/\/www.progeriaresearch.org\/2012\/05\/15\/number-of-children-identified-continues-to-soar\/\",\"url\":\"https:\/\/www.progeriaresearch.org\/2012\/05\/15\/number-of-children-identified-continues-to-soar\/\",\"name\":\"Number of Children Identified Continues to Soar - The Progeria Research Foundation\",\"isPartOf\":{\"@id\":\"https:\/\/www.progeriaresearch.org\/ta\/#website\"},\"primaryImageOfPage\":{\"@id\":\"https:\/\/www.progeriaresearch.org\/2012\/05\/15\/number-of-children-identified-continues-to-soar\/#primaryimage\"},\"image\":{\"@id\":\"https:\/\/www.progeriaresearch.org\/2012\/05\/15\/number-of-children-identified-continues-to-soar\/#primaryimage\"},\"thumbnailUrl\":\"https:\/\/www.progeriaresearch.org\/wp-content\/uploads\/2017\/05\/Child-Map-as-of-Nov-9-2012-100-kids-3.jpg\",\"datePublished\":\"2012-05-15T23:01:02+00:00\",\"dateModified\":\"2020-12-10T23:32:09+00:00\",\"breadcrumb\":{\"@id\":\"https:\/\/www.progeriaresearch.org\/2012\/05\/15\/number-of-children-identified-continues-to-soar\/#breadcrumb\"},\"inLanguage\":\"nl-NL\",\"potentialAction\":[{\"@type\":\"ReadAction\",\"target\":[\"https:\/\/www.progeriaresearch.org\/2012\/05\/15\/number-of-children-identified-continues-to-soar\/\"]}]},{\"@type\":\"ImageObject\",\"inLanguage\":\"nl-NL\",\"@id\":\"https:\/\/www.progeriaresearch.org\/2012\/05\/15\/number-of-children-identified-continues-to-soar\/#primaryimage\",\"url\":\"https:\/\/www.progeriaresearch.org\/wp-content\/uploads\/2017\/05\/Child-Map-as-of-Nov-9-2012-100-kids-3.jpg\",\"contentUrl\":\"https:\/\/www.progeriaresearch.org\/wp-content\/uploads\/2017\/05\/Child-Map-as-of-Nov-9-2012-100-kids-3.jpg\",\"width\":575,\"height\":356,\"caption\":\"Stretching across language and geographic barriers, the campaign's results to date are a true testament to the power of global collaboration.\"},{\"@type\":\"BreadcrumbList\",\"@id\":\"https:\/\/www.progeriaresearch.org\/2012\/05\/15\/number-of-children-identified-continues-to-soar\/#breadcrumb\",\"itemListElement\":[{\"@type\":\"ListItem\",\"position\":1,\"name\":\"Home\",\"item\":\"https:\/\/www.progeriaresearch.org\/\"},{\"@type\":\"ListItem\",\"position\":2,\"name\":\"Number of Children Identified Continues to Soar\"}]},{\"@type\":\"WebSite\",\"@id\":\"https:\/\/www.progeriaresearch.org\/ta\/#website\",\"url\":\"https:\/\/www.progeriaresearch.org\/ta\/\",\"name\":\"The Progeria Research Foundation\",\"description\":\"For the Children \u2665 For the Cure\",\"publisher\":{\"@id\":\"https:\/\/www.progeriaresearch.org\/ta\/#organization\"},\"potentialAction\":[{\"@type\":\"SearchAction\",\"target\":{\"@type\":\"EntryPoint\",\"urlTemplate\":\"https:\/\/www.progeriaresearch.org\/ta\/?s={search_term_string}\"},\"query-input\":{\"@type\":\"PropertyValueSpecification\",\"valueRequired\":true,\"valueName\":\"search_term_string\"}}],\"inLanguage\":\"nl-NL\"},{\"@type\":\"Organization\",\"@id\":\"https:\/\/www.progeriaresearch.org\/ta\/#organization\",\"name\":\"The Progeria Research Foundation\",\"url\":\"https:\/\/www.progeriaresearch.org\/ta\/\",\"logo\":{\"@type\":\"ImageObject\",\"inLanguage\":\"nl-NL\",\"@id\":\"https:\/\/www.progeriaresearch.org\/ta\/#\/schema\/logo\/image\/\",\"url\":\"https:\/\/www.progeriaresearch.org\/wp-content\/uploads\/2019\/05\/PRF_Logo_2019_optimized.png\",\"contentUrl\":\"https:\/\/www.progeriaresearch.org\/wp-content\/uploads\/2019\/05\/PRF_Logo_2019_optimized.png\",\"width\":300,\"height\":86,\"caption\":\"The Progeria Research Foundation\"},\"image\":{\"@id\":\"https:\/\/www.progeriaresearch.org\/ta\/#\/schema\/logo\/image\/\"},\"sameAs\":[\"https:\/\/www.facebook.com\/ProgeriaResearch\/\",\"https:\/\/x.com\/Progeria\",\"https:\/\/www.instagram.com\/progeriaresearch\/\"]},{\"@type\":\"Person\",\"@id\":\"https:\/\/www.progeriaresearch.org\/ta\/#\/schema\/person\/a3c935a81e92242c6a77ae0018542928\",\"name\":\"gravoc\",\"image\":{\"@type\":\"ImageObject\",\"inLanguage\":\"nl-NL\",\"@id\":\"https:\/\/www.progeriaresearch.org\/ta\/#\/schema\/person\/image\/\",\"url\":\"https:\/\/secure.gravatar.com\/avatar\/cee2d206466fdbfc70635d168190f07f615d6e9c97c316eb6a88b5b563efdd7b?s=96&d=mm&r=g\",\"contentUrl\":\"https:\/\/secure.gravatar.com\/avatar\/cee2d206466fdbfc70635d168190f07f615d6e9c97c316eb6a88b5b563efdd7b?s=96&d=mm&r=g\",\"caption\":\"gravoc\"},\"url\":\"https:\/\/www.progeriaresearch.org\/nl\/author\/gravoc\/\"}]}<\/script>\n<!-- \/ Yoast SEO plugin. -->","yoast_head_json":{"title":"Het aantal kinderen bij wie de aandoening is vastgesteld, blijft stijgen - The Progeria Research Foundation","robots":{"index":"index","follow":"follow","max-snippet":"max-snippet:-1","max-image-preview":"max-image-preview:large","max-video-preview":"max-video-preview:-1"},"canonical":"https:\/\/www.progeriaresearch.org\/nl\/2012\/05\/15\/number-of-children-identified-continues-to-soar\/","og_locale":"nl_NL","og_type":"article","og_title":"Number of Children Identified Continues to Soar - The Progeria Research Foundation","og_description":"[et_pb_section fb_built=&#8221;1&#8243; _builder_version=&#8221;3.22&#8243;][et_pb_row _builder_version=&#8221;3.25&#8243; background_size=&#8221;initial&#8221; background_position=&#8221;top_left&#8221; background_repeat=&#8221;repeat&#8221;][et_pb_column type=&#8221;4_4&#8243; _builder_version=&#8221;3.25&#8243; custom_padding=&#8221;|||&#8221; custom_padding__hover=&#8221;|||&#8221;][et_pb_text _builder_version=&#8221;4.6.5&#8243; background_size=&#8221;initial&#8221; background_position=&#8221;top_left&#8221; background_repeat=&#8221;repeat&#8221; hover_enabled=&#8221;0&#8243; sticky_enabled=&#8221;0&#8243;] Thanks to PRF&#8217;s &#8220;Find the Other 150&#8221; (now Find the Children) initiative, the global campaign to find all children with Progeria has helped attain an astonishing 85% increase in those identified. Now more children than ever can get [&hellip;]","og_url":"https:\/\/www.progeriaresearch.org\/nl\/2012\/05\/15\/number-of-children-identified-continues-to-soar\/","og_site_name":"The Progeria Research Foundation","article_publisher":"https:\/\/www.facebook.com\/ProgeriaResearch\/","article_published_time":"2012-05-15T23:01:02+00:00","article_modified_time":"2020-12-10T23:32:09+00:00","og_image":[{"width":575,"height":356,"url":"https:\/\/www.progeriaresearch.org\/wp-content\/uploads\/2017\/05\/Child-Map-as-of-Nov-9-2012-100-kids-3.jpg","type":"image\/jpeg"}],"author":"gravoc","twitter_card":"summary_large_image","twitter_creator":"@Progeria","twitter_site":"@Progeria","twitter_misc":{"Written by":"gravoc","Est. reading time":"2 minuten"},"schema":{"@context":"https:\/\/schema.org","@graph":[{"@type":"Article","@id":"https:\/\/www.progeriaresearch.org\/2012\/05\/15\/number-of-children-identified-continues-to-soar\/#article","isPartOf":{"@id":"https:\/\/www.progeriaresearch.org\/2012\/05\/15\/number-of-children-identified-continues-to-soar\/"},"author":{"name":"gravoc","@id":"https:\/\/www.progeriaresearch.org\/ta\/#\/schema\/person\/a3c935a81e92242c6a77ae0018542928"},"headline":"Number of Children Identified Continues to Soar","datePublished":"2012-05-15T23:01:02+00:00","dateModified":"2020-12-10T23:32:09+00:00","mainEntityOfPage":{"@id":"https:\/\/www.progeriaresearch.org\/2012\/05\/15\/number-of-children-identified-continues-to-soar\/"},"wordCount":463,"commentCount":0,"publisher":{"@id":"https:\/\/www.progeriaresearch.org\/ta\/#organization"},"image":{"@id":"https:\/\/www.progeriaresearch.org\/2012\/05\/15\/number-of-children-identified-continues-to-soar\/#primaryimage"},"thumbnailUrl":"https:\/\/www.progeriaresearch.org\/wp-content\/uploads\/2017\/05\/Child-Map-as-of-Nov-9-2012-100-kids-3.jpg","articleSection":["News"],"inLanguage":"nl-NL","potentialAction":[{"@type":"CommentAction","name":"Comment","target":["https:\/\/www.progeriaresearch.org\/2012\/05\/15\/number-of-children-identified-continues-to-soar\/#respond"]}]},{"@type":"WebPage","@id":"https:\/\/www.progeriaresearch.org\/2012\/05\/15\/number-of-children-identified-continues-to-soar\/","url":"https:\/\/www.progeriaresearch.org\/2012\/05\/15\/number-of-children-identified-continues-to-soar\/","name":"Het aantal kinderen bij wie de aandoening is vastgesteld, blijft stijgen - The Progeria Research Foundation","isPartOf":{"@id":"https:\/\/www.progeriaresearch.org\/ta\/#website"},"primaryImageOfPage":{"@id":"https:\/\/www.progeriaresearch.org\/2012\/05\/15\/number-of-children-identified-continues-to-soar\/#primaryimage"},"image":{"@id":"https:\/\/www.progeriaresearch.org\/2012\/05\/15\/number-of-children-identified-continues-to-soar\/#primaryimage"},"thumbnailUrl":"https:\/\/www.progeriaresearch.org\/wp-content\/uploads\/2017\/05\/Child-Map-as-of-Nov-9-2012-100-kids-3.jpg","datePublished":"2012-05-15T23:01:02+00:00","dateModified":"2020-12-10T23:32:09+00:00","breadcrumb":{"@id":"https:\/\/www.progeriaresearch.org\/2012\/05\/15\/number-of-children-identified-continues-to-soar\/#breadcrumb"},"inLanguage":"nl-NL","potentialAction":[{"@type":"ReadAction","target":["https:\/\/www.progeriaresearch.org\/2012\/05\/15\/number-of-children-identified-continues-to-soar\/"]}]},{"@type":"ImageObject","inLanguage":"nl-NL","@id":"https:\/\/www.progeriaresearch.org\/2012\/05\/15\/number-of-children-identified-continues-to-soar\/#primaryimage","url":"https:\/\/www.progeriaresearch.org\/wp-content\/uploads\/2017\/05\/Child-Map-as-of-Nov-9-2012-100-kids-3.jpg","contentUrl":"https:\/\/www.progeriaresearch.org\/wp-content\/uploads\/2017\/05\/Child-Map-as-of-Nov-9-2012-100-kids-3.jpg","width":575,"height":356,"caption":"Stretching across language and geographic barriers, the campaign's results to date are a true testament to the power of global collaboration."},{"@type":"BreadcrumbList","@id":"https:\/\/www.progeriaresearch.org\/2012\/05\/15\/number-of-children-identified-continues-to-soar\/#breadcrumb","itemListElement":[{"@type":"ListItem","position":1,"name":"Home","item":"https:\/\/www.progeriaresearch.org\/"},{"@type":"ListItem","position":2,"name":"Number of Children Identified Continues to Soar"}]},{"@type":"WebSite","@id":"https:\/\/www.progeriaresearch.org\/ta\/#website","url":"https:\/\/www.progeriaresearch.org\/ta\/","name":"De Progeria Research Stichting","description":"Voor de kinderen \u2665 Voor de genezing","publisher":{"@id":"https:\/\/www.progeriaresearch.org\/ta\/#organization"},"potentialAction":[{"@type":"SearchAction","target":{"@type":"EntryPoint","urlTemplate":"https:\/\/www.progeriaresearch.org\/ta\/?s={search_term_string}"},"query-input":{"@type":"PropertyValueSpecification","valueRequired":true,"valueName":"search_term_string"}}],"inLanguage":"nl-NL"},{"@type":"Organization","@id":"https:\/\/www.progeriaresearch.org\/ta\/#organization","name":"De Progeria Research Stichting","url":"https:\/\/www.progeriaresearch.org\/ta\/","logo":{"@type":"ImageObject","inLanguage":"nl-NL","@id":"https:\/\/www.progeriaresearch.org\/ta\/#\/schema\/logo\/image\/","url":"https:\/\/www.progeriaresearch.org\/wp-content\/uploads\/2019\/05\/PRF_Logo_2019_optimized.png","contentUrl":"https:\/\/www.progeriaresearch.org\/wp-content\/uploads\/2019\/05\/PRF_Logo_2019_optimized.png","width":300,"height":86,"caption":"The Progeria Research Foundation"},"image":{"@id":"https:\/\/www.progeriaresearch.org\/ta\/#\/schema\/logo\/image\/"},"sameAs":["https:\/\/www.facebook.com\/ProgeriaResearch\/","https:\/\/x.com\/Progeria","https:\/\/www.instagram.com\/progeriaresearch\/"]},{"@type":"Person","@id":"https:\/\/www.progeriaresearch.org\/ta\/#\/schema\/person\/a3c935a81e92242c6a77ae0018542928","name":"gravoc","image":{"@type":"ImageObject","inLanguage":"nl-NL","@id":"https:\/\/www.progeriaresearch.org\/ta\/#\/schema\/person\/image\/","url":"https:\/\/secure.gravatar.com\/avatar\/cee2d206466fdbfc70635d168190f07f615d6e9c97c316eb6a88b5b563efdd7b?s=96&d=mm&r=g","contentUrl":"https:\/\/secure.gravatar.com\/avatar\/cee2d206466fdbfc70635d168190f07f615d6e9c97c316eb6a88b5b563efdd7b?s=96&d=mm&r=g","caption":"gravoc"},"url":"https:\/\/www.progeriaresearch.org\/nl\/author\/gravoc\/"}]}},"_links":{"self":[{"href":"https:\/\/www.progeriaresearch.org\/nl\/wp-json\/wp\/v2\/posts\/2025","targetHints":{"allow":["GET"]}}],"collection":[{"href":"https:\/\/www.progeriaresearch.org\/nl\/wp-json\/wp\/v2\/posts"}],"about":[{"href":"https:\/\/www.progeriaresearch.org\/nl\/wp-json\/wp\/v2\/types\/post"}],"author":[{"embeddable":true,"href":"https:\/\/www.progeriaresearch.org\/nl\/wp-json\/wp\/v2\/users\/1"}],"replies":[{"embeddable":true,"href":"https:\/\/www.progeriaresearch.org\/nl\/wp-json\/wp\/v2\/comments?post=2025"}],"version-history":[{"count":0,"href":"https:\/\/www.progeriaresearch.org\/nl\/wp-json\/wp\/v2\/posts\/2025\/revisions"}],"wp:featuredmedia":[{"embeddable":true,"href":"https:\/\/www.progeriaresearch.org\/nl\/wp-json\/wp\/v2\/media\/2026"}],"wp:attachment":[{"href":"https:\/\/www.progeriaresearch.org\/nl\/wp-json\/wp\/v2\/media?parent=2025"}],"wp:term":[{"taxonomy":"category","embeddable":true,"href":"https:\/\/www.progeriaresearch.org\/nl\/wp-json\/wp\/v2\/categories?post=2025"},{"taxonomy":"post_tag","embeddable":true,"href":"https:\/\/www.progeriaresearch.org\/nl\/wp-json\/wp\/v2\/tags?post=2025"}],"curies":[{"name":"wp","href":"https:\/\/api.w.org\/{rel}","templated":true}]}}