{"id":12456,"date":"2021-03-18T17:07:12","date_gmt":"2021-03-18T21:07:12","guid":{"rendered":"https:\/\/www.progeriaresearch.org\/?p=12456"},"modified":"2022-04-27T10:18:30","modified_gmt":"2022-04-27T14:18:30","slug":"results-published-in-journal-aging","status":"publish","type":"post","link":"https:\/\/www.progeriaresearch.org\/pt\/2021\/03\/18\/results-published-in-journal-aging\/","title":{"rendered":"Resultados do 10\u00ba Workshop Cient\u00edfico Internacional da PRF publicados na revista Aging!"},"content":{"rendered":"<p>[et_pb_section fb_built=&#8221;1&#8243; admin_label=&#8221;section&#8221; _builder_version=&#8221;3.22&#8243; global_colors_info=&#8221;{}&#8221;][et_pb_row admin_label=&#8221;row&#8221; _builder_version=&#8221;3.25&#8243; background_size=&#8221;initial&#8221; background_position=&#8221;top_left&#8221; background_repeat=&#8221;repeat&#8221; global_colors_info=&#8221;{}&#8221;][et_pb_column type=&#8221;4_4&#8243; _builder_version=&#8221;3.25&#8243; custom_padding=&#8221;|||&#8221; global_colors_info=&#8221;{}&#8221; custom_padding__hover=&#8221;|||&#8221;][et_pb_text _builder_version=&#8221;4.9.0&#8243; _module_preset=&#8221;default&#8221; global_colors_info=&#8221;{}&#8221;]<\/p>\n<p><img loading=\"lazy\" decoding=\"async\" class=\"wp-image-12004 aligncenter size-medium\" src=\"https:\/\/www.progeriaresearch.org\/wp-content\/uploads\/2020\/12\/Complete-Photo-300x273.jpg\" alt=\"\" width=\"300\" height=\"273\" \/><\/p>\n<p>Em novembro de 2020, a PRF reuniu mais de 370 inscritos de 30 pa\u00edses em nosso primeiro workshop cient\u00edfico virtual. Os participantes receberam uma plataforma para compartilhar sua expertise em pesquisa sobre Progeria e conhecer algumas das crian\u00e7as que se beneficiar\u00e3o de seu trabalho. Um resumo do workshop foi publicado hoje no peri\u00f3dico <a href=\"https:\/\/www.aging-us.com\/article\/202835\/text#fulltext\" target=\"_blank\" rel=\"noopener\"><em>Envelhecimento<\/em><\/a>. Os participantes inclu\u00edram m\u00e9dicos, cientistas e pesquisadores pr\u00e9-cl\u00ednicos de classe mundial, al\u00e9m de fam\u00edlias de crian\u00e7as e jovens adultos com Prog\u00e9ria.<\/p>\n<p>As apresenta\u00e7\u00f5es das fam\u00edlias dos pacientes lideraram o programa, seguidas por atualiza\u00e7\u00f5es sobre o primeiro pedido da Progeria para aprova\u00e7\u00e3o de medicamento pela FDA (<a href=\"https:\/\/www.progeriaresearch.org\/wp-content\/uploads\/2020\/11\/PRF-Press-Release-Zokinvy-FDA-Approval-FINAL.pdf\">que foi concedido mais tarde naquele m\u00eas<\/a>), bem como resultados iniciais do \u00fanico ensaio cl\u00ednico atual de Progeria. Isso foi seguido por apresenta\u00e7\u00f5es de dados pr\u00e9-cl\u00ednicos n\u00e3o publicados sobre medicamentos em desenvolvimento visando a muta\u00e7\u00e3o de DNA causadora da doen\u00e7a, o mRNA aberrante, a prote\u00edna progerina e suas prote\u00ednas efetoras downstream. Amarrando o laborat\u00f3rio \u00e0 cabeceira, os cl\u00ednicos apresentaram novas descobertas sobre a hist\u00f3ria natural da doen\u00e7a para informar o desenvolvimento futuro de ensaios cl\u00ednicos e novos procedimentos de substitui\u00e7\u00e3o da v\u00e1lvula a\u00f3rtica de Progeria. O programa envolveu a comunidade de pesquisa de Progeria como uma \u00fanica unidade com um objetivo comum - tratar e curar crian\u00e7as com Progeria em todo o mundo.<\/p>\n<p>Para um resumo completo dos principais caminhos cient\u00edficos explorados pelas principais mentes na pesquisa da Prog\u00e9ria, clique <a href=\"https:\/\/www.aging-us.com\/article\/202835\/text#fulltext\" target=\"_blank\" rel=\"noopener\">aqui<\/a> para ler o artigo.<\/p>\n<p>[\/et_pb_text][\/et_pb_column][\/et_pb_row][\/et_pb_section]<\/p>","protected":false},"excerpt":{"rendered":"<p>Em novembro de 2020, a PRF reuniu mais de 370 inscritos de 30 pa\u00edses em nosso primeiro workshop cient\u00edfico virtual. Os participantes receberam uma plataforma para compartilhar sua expertise em pesquisa sobre Progeria e conhecer algumas das crian\u00e7as que se beneficiar\u00e3o de seu trabalho. Um resumo do workshop foi publicado hoje no peri\u00f3dico Aging.<\/p>","protected":false},"author":2,"featured_media":12004,"comment_status":"closed","ping_status":"closed","sticky":false,"template":"","format":"standard","meta":{"_et_pb_use_builder":"on","_et_pb_old_content":"","_et_gb_content_width":"","footnotes":"","_links_to":"","_links_to_target":""},"categories":[2,1],"tags":[],"class_list":["post-12456","post","type-post","status-publish","format-standard","has-post-thumbnail","hentry","category-news","category-uncategorized"],"yoast_head":"<!-- This site is optimized with the Yoast SEO plugin v26.8 - https:\/\/yoast.com\/product\/yoast-seo-wordpress\/ -->\n<title>The Progeria Research Foundation | Results from PRF\u2019s 10th International Scientific Workshop published in journal Aging!<\/title>\n<meta name=\"description\" content=\"In November 2020, PRF brought over 370 registrants from 30 countries \u2018together\u2019 in our first-ever virtual scientific workshop. Attendees were given a platform to share their expertise in Progeria research and meet some of the children who will benefit from their work. A summary of the workshop was published today in the journal Aging.\" \/>\n<meta name=\"robots\" content=\"index, follow, max-snippet:-1, max-image-preview:large, max-video-preview:-1\" \/>\n<link rel=\"canonical\" href=\"https:\/\/www.progeriaresearch.org\/pt\/2021\/03\/18\/results-published-in-journal-aging\/\" \/>\n<meta property=\"og:locale\" content=\"pt_PT\" \/>\n<meta property=\"og:type\" content=\"article\" \/>\n<meta property=\"og:title\" content=\"Results from PRF\u2019s 10th International Scientific Workshop published in journal Aging!\" \/>\n<meta property=\"og:description\" content=\"In November, 2020, PRF brought over 370 registrants from 30 countries \u2018together\u2019 in our first-ever virtual scientific workshop. Attendees were given a platform to share their expertise in Progeria research and meet some of the children who will benefit from their work. A summary of the workshop was published today in the journal Aging.\" \/>\n<meta property=\"og:url\" content=\"https:\/\/www.progeriaresearch.org\/pt\/2021\/03\/18\/results-published-in-journal-aging\/\" \/>\n<meta property=\"og:site_name\" content=\"The Progeria Research Foundation\" \/>\n<meta property=\"article:publisher\" content=\"https:\/\/www.facebook.com\/ProgeriaResearch\/\" \/>\n<meta property=\"article:published_time\" content=\"2021-03-18T21:07:12+00:00\" \/>\n<meta property=\"article:modified_time\" content=\"2022-04-27T14:18:30+00:00\" \/>\n<meta property=\"og:image\" content=\"https:\/\/www.progeriaresearch.org\/wp-content\/uploads\/2020\/12\/Complete-Photo.jpg\" \/>\n\t<meta property=\"og:image:width\" content=\"1500\" \/>\n\t<meta property=\"og:image:height\" content=\"1366\" \/>\n\t<meta property=\"og:image:type\" content=\"image\/jpeg\" \/>\n<meta name=\"author\" content=\"Karen Betournay\" \/>\n<meta name=\"twitter:card\" content=\"summary_large_image\" \/>\n<meta name=\"twitter:title\" content=\"Results from PRF\u2019s 10th International Scientific Workshop published in journal Aging!\" \/>\n<meta name=\"twitter:description\" content=\"In November, 2020, PRF brought over 370 registrants from 30 countries \u2018together\u2019 in our first-ever virtual scientific workshop. Attendees were given a platform to share their expertise in Progeria research and meet some of the children who will benefit from their work. A summary of the workshop was published today in the journal Aging.\" \/>\n<meta name=\"twitter:image\" content=\"https:\/\/www.progeriaresearch.org\/wp-content\/uploads\/2020\/12\/Complete-Photo.jpg\" \/>\n<meta name=\"twitter:creator\" content=\"@Progeria\" \/>\n<meta name=\"twitter:site\" content=\"@Progeria\" \/>\n<meta name=\"twitter:label1\" content=\"Written by\" \/>\n\t<meta name=\"twitter:data1\" content=\"Karen Betournay\" \/>\n\t<meta name=\"twitter:label2\" content=\"Est. reading time\" \/>\n\t<meta name=\"twitter:data2\" content=\"1 minuto\" \/>\n<script type=\"application\/ld+json\" class=\"yoast-schema-graph\">{\"@context\":\"https:\/\/schema.org\",\"@graph\":[{\"@type\":\"Article\",\"@id\":\"https:\/\/www.progeriaresearch.org\/2021\/03\/18\/results-published-in-journal-aging\/#article\",\"isPartOf\":{\"@id\":\"https:\/\/www.progeriaresearch.org\/2021\/03\/18\/results-published-in-journal-aging\/\"},\"author\":{\"name\":\"Karen Betournay\",\"@id\":\"https:\/\/www.progeriaresearch.org\/ta\/#\/schema\/person\/2be6cec85c11aaef7a7602636c5b9946\"},\"headline\":\"Results from PRF\u2019s 10th International Scientific Workshop published in journal Aging!\",\"datePublished\":\"2021-03-18T21:07:12+00:00\",\"dateModified\":\"2022-04-27T14:18:30+00:00\",\"mainEntityOfPage\":{\"@id\":\"https:\/\/www.progeriaresearch.org\/2021\/03\/18\/results-published-in-journal-aging\/\"},\"wordCount\":289,\"publisher\":{\"@id\":\"https:\/\/www.progeriaresearch.org\/ta\/#organization\"},\"image\":{\"@id\":\"https:\/\/www.progeriaresearch.org\/2021\/03\/18\/results-published-in-journal-aging\/#primaryimage\"},\"thumbnailUrl\":\"https:\/\/www.progeriaresearch.org\/wp-content\/uploads\/2020\/12\/Complete-Photo.jpg\",\"articleSection\":[\"News\",\"Uncategorized\"],\"inLanguage\":\"pt-PT\"},{\"@type\":\"WebPage\",\"@id\":\"https:\/\/www.progeriaresearch.org\/2021\/03\/18\/results-published-in-journal-aging\/\",\"url\":\"https:\/\/www.progeriaresearch.org\/2021\/03\/18\/results-published-in-journal-aging\/\",\"name\":\"The Progeria Research Foundation | Results from PRF\u2019s 10th International Scientific Workshop published in journal Aging!\",\"isPartOf\":{\"@id\":\"https:\/\/www.progeriaresearch.org\/ta\/#website\"},\"primaryImageOfPage\":{\"@id\":\"https:\/\/www.progeriaresearch.org\/2021\/03\/18\/results-published-in-journal-aging\/#primaryimage\"},\"image\":{\"@id\":\"https:\/\/www.progeriaresearch.org\/2021\/03\/18\/results-published-in-journal-aging\/#primaryimage\"},\"thumbnailUrl\":\"https:\/\/www.progeriaresearch.org\/wp-content\/uploads\/2020\/12\/Complete-Photo.jpg\",\"datePublished\":\"2021-03-18T21:07:12+00:00\",\"dateModified\":\"2022-04-27T14:18:30+00:00\",\"description\":\"In November 2020, PRF brought over 370 registrants from 30 countries \u2018together\u2019 in our first-ever virtual scientific workshop. Attendees were given a platform to share their expertise in Progeria research and meet some of the children who will benefit from their work. A summary of the workshop was published today in the journal Aging.\",\"breadcrumb\":{\"@id\":\"https:\/\/www.progeriaresearch.org\/2021\/03\/18\/results-published-in-journal-aging\/#breadcrumb\"},\"inLanguage\":\"pt-PT\",\"potentialAction\":[{\"@type\":\"ReadAction\",\"target\":[\"https:\/\/www.progeriaresearch.org\/2021\/03\/18\/results-published-in-journal-aging\/\"]}]},{\"@type\":\"ImageObject\",\"inLanguage\":\"pt-PT\",\"@id\":\"https:\/\/www.progeriaresearch.org\/2021\/03\/18\/results-published-in-journal-aging\/#primaryimage\",\"url\":\"https:\/\/www.progeriaresearch.org\/wp-content\/uploads\/2020\/12\/Complete-Photo.jpg\",\"contentUrl\":\"https:\/\/www.progeriaresearch.org\/wp-content\/uploads\/2020\/12\/Complete-Photo.jpg\",\"width\":1500,\"height\":1366},{\"@type\":\"BreadcrumbList\",\"@id\":\"https:\/\/www.progeriaresearch.org\/2021\/03\/18\/results-published-in-journal-aging\/#breadcrumb\",\"itemListElement\":[{\"@type\":\"ListItem\",\"position\":1,\"name\":\"Home\",\"item\":\"https:\/\/www.progeriaresearch.org\/\"},{\"@type\":\"ListItem\",\"position\":2,\"name\":\"Results from PRF\u2019s 10th International Scientific Workshop published in journal Aging!\"}]},{\"@type\":\"WebSite\",\"@id\":\"https:\/\/www.progeriaresearch.org\/ta\/#website\",\"url\":\"https:\/\/www.progeriaresearch.org\/ta\/\",\"name\":\"The Progeria Research Foundation\",\"description\":\"For the Children \u2665 For the Cure\",\"publisher\":{\"@id\":\"https:\/\/www.progeriaresearch.org\/ta\/#organization\"},\"potentialAction\":[{\"@type\":\"SearchAction\",\"target\":{\"@type\":\"EntryPoint\",\"urlTemplate\":\"https:\/\/www.progeriaresearch.org\/ta\/?s={search_term_string}\"},\"query-input\":{\"@type\":\"PropertyValueSpecification\",\"valueRequired\":true,\"valueName\":\"search_term_string\"}}],\"inLanguage\":\"pt-PT\"},{\"@type\":\"Organization\",\"@id\":\"https:\/\/www.progeriaresearch.org\/ta\/#organization\",\"name\":\"The Progeria Research Foundation\",\"url\":\"https:\/\/www.progeriaresearch.org\/ta\/\",\"logo\":{\"@type\":\"ImageObject\",\"inLanguage\":\"pt-PT\",\"@id\":\"https:\/\/www.progeriaresearch.org\/ta\/#\/schema\/logo\/image\/\",\"url\":\"https:\/\/www.progeriaresearch.org\/wp-content\/uploads\/2019\/05\/PRF_Logo_2019_optimized.png\",\"contentUrl\":\"https:\/\/www.progeriaresearch.org\/wp-content\/uploads\/2019\/05\/PRF_Logo_2019_optimized.png\",\"width\":300,\"height\":86,\"caption\":\"The Progeria Research Foundation\"},\"image\":{\"@id\":\"https:\/\/www.progeriaresearch.org\/ta\/#\/schema\/logo\/image\/\"},\"sameAs\":[\"https:\/\/www.facebook.com\/ProgeriaResearch\/\",\"https:\/\/x.com\/Progeria\",\"https:\/\/www.instagram.com\/progeriaresearch\/\"]},{\"@type\":\"Person\",\"@id\":\"https:\/\/www.progeriaresearch.org\/ta\/#\/schema\/person\/2be6cec85c11aaef7a7602636c5b9946\",\"name\":\"Karen Betournay\",\"image\":{\"@type\":\"ImageObject\",\"inLanguage\":\"pt-PT\",\"@id\":\"https:\/\/www.progeriaresearch.org\/ta\/#\/schema\/person\/image\/\",\"url\":\"https:\/\/secure.gravatar.com\/avatar\/78c0520933a7d708c5e1a5788ec6799d5e2ad6a2a6d4ff2ca1e512861d12f533?s=96&d=mm&r=g\",\"contentUrl\":\"https:\/\/secure.gravatar.com\/avatar\/78c0520933a7d708c5e1a5788ec6799d5e2ad6a2a6d4ff2ca1e512861d12f533?s=96&d=mm&r=g\",\"caption\":\"Karen Betournay\"},\"url\":\"https:\/\/www.progeriaresearch.org\/pt\/author\/karenb\/\"}]}<\/script>\n<!-- \/ Yoast SEO plugin. -->","yoast_head_json":{"title":"The Progeria Research Foundation | Results from PRF\u2019s 10th International Scientific Workshop published in journal Aging!","description":"In November 2020, PRF brought over 370 registrants from 30 countries \u2018together\u2019 in our first-ever virtual scientific workshop. Attendees were given a platform to share their expertise in Progeria research and meet some of the children who will benefit from their work. A summary of the workshop was published today in the journal Aging.","robots":{"index":"index","follow":"follow","max-snippet":"max-snippet:-1","max-image-preview":"max-image-preview:large","max-video-preview":"max-video-preview:-1"},"canonical":"https:\/\/www.progeriaresearch.org\/pt\/2021\/03\/18\/results-published-in-journal-aging\/","og_locale":"pt_PT","og_type":"article","og_title":"Results from PRF\u2019s 10th International Scientific Workshop published in journal Aging!","og_description":"In November, 2020, PRF brought over 370 registrants from 30 countries \u2018together\u2019 in our first-ever virtual scientific workshop. Attendees were given a platform to share their expertise in Progeria research and meet some of the children who will benefit from their work. A summary of the workshop was published today in the journal Aging.","og_url":"https:\/\/www.progeriaresearch.org\/pt\/2021\/03\/18\/results-published-in-journal-aging\/","og_site_name":"The Progeria Research Foundation","article_publisher":"https:\/\/www.facebook.com\/ProgeriaResearch\/","article_published_time":"2021-03-18T21:07:12+00:00","article_modified_time":"2022-04-27T14:18:30+00:00","og_image":[{"width":1500,"height":1366,"url":"https:\/\/www.progeriaresearch.org\/wp-content\/uploads\/2020\/12\/Complete-Photo.jpg","type":"image\/jpeg"}],"author":"Karen Betournay","twitter_card":"summary_large_image","twitter_title":"Results from PRF\u2019s 10th International Scientific Workshop published in journal Aging!","twitter_description":"In November, 2020, PRF brought over 370 registrants from 30 countries \u2018together\u2019 in our first-ever virtual scientific workshop. Attendees were given a platform to share their expertise in Progeria research and meet some of the children who will benefit from their work. A summary of the workshop was published today in the journal Aging.","twitter_image":"https:\/\/www.progeriaresearch.org\/wp-content\/uploads\/2020\/12\/Complete-Photo.jpg","twitter_creator":"@Progeria","twitter_site":"@Progeria","twitter_misc":{"Written by":"Karen Betournay","Est. reading time":"1 minuto"},"schema":{"@context":"https:\/\/schema.org","@graph":[{"@type":"Article","@id":"https:\/\/www.progeriaresearch.org\/2021\/03\/18\/results-published-in-journal-aging\/#article","isPartOf":{"@id":"https:\/\/www.progeriaresearch.org\/2021\/03\/18\/results-published-in-journal-aging\/"},"author":{"name":"Karen Betournay","@id":"https:\/\/www.progeriaresearch.org\/ta\/#\/schema\/person\/2be6cec85c11aaef7a7602636c5b9946"},"headline":"Results from PRF\u2019s 10th International Scientific Workshop published in journal Aging!","datePublished":"2021-03-18T21:07:12+00:00","dateModified":"2022-04-27T14:18:30+00:00","mainEntityOfPage":{"@id":"https:\/\/www.progeriaresearch.org\/2021\/03\/18\/results-published-in-journal-aging\/"},"wordCount":289,"publisher":{"@id":"https:\/\/www.progeriaresearch.org\/ta\/#organization"},"image":{"@id":"https:\/\/www.progeriaresearch.org\/2021\/03\/18\/results-published-in-journal-aging\/#primaryimage"},"thumbnailUrl":"https:\/\/www.progeriaresearch.org\/wp-content\/uploads\/2020\/12\/Complete-Photo.jpg","articleSection":["News","Uncategorized"],"inLanguage":"pt-PT"},{"@type":"WebPage","@id":"https:\/\/www.progeriaresearch.org\/2021\/03\/18\/results-published-in-journal-aging\/","url":"https:\/\/www.progeriaresearch.org\/2021\/03\/18\/results-published-in-journal-aging\/","name":"The Progeria Research Foundation | Results from PRF\u2019s 10th International Scientific Workshop published in journal Aging!","isPartOf":{"@id":"https:\/\/www.progeriaresearch.org\/ta\/#website"},"primaryImageOfPage":{"@id":"https:\/\/www.progeriaresearch.org\/2021\/03\/18\/results-published-in-journal-aging\/#primaryimage"},"image":{"@id":"https:\/\/www.progeriaresearch.org\/2021\/03\/18\/results-published-in-journal-aging\/#primaryimage"},"thumbnailUrl":"https:\/\/www.progeriaresearch.org\/wp-content\/uploads\/2020\/12\/Complete-Photo.jpg","datePublished":"2021-03-18T21:07:12+00:00","dateModified":"2022-04-27T14:18:30+00:00","description":"In November 2020, PRF brought over 370 registrants from 30 countries \u2018together\u2019 in our first-ever virtual scientific workshop. Attendees were given a platform to share their expertise in Progeria research and meet some of the children who will benefit from their work. A summary of the workshop was published today in the journal Aging.","breadcrumb":{"@id":"https:\/\/www.progeriaresearch.org\/2021\/03\/18\/results-published-in-journal-aging\/#breadcrumb"},"inLanguage":"pt-PT","potentialAction":[{"@type":"ReadAction","target":["https:\/\/www.progeriaresearch.org\/2021\/03\/18\/results-published-in-journal-aging\/"]}]},{"@type":"ImageObject","inLanguage":"pt-PT","@id":"https:\/\/www.progeriaresearch.org\/2021\/03\/18\/results-published-in-journal-aging\/#primaryimage","url":"https:\/\/www.progeriaresearch.org\/wp-content\/uploads\/2020\/12\/Complete-Photo.jpg","contentUrl":"https:\/\/www.progeriaresearch.org\/wp-content\/uploads\/2020\/12\/Complete-Photo.jpg","width":1500,"height":1366},{"@type":"BreadcrumbList","@id":"https:\/\/www.progeriaresearch.org\/2021\/03\/18\/results-published-in-journal-aging\/#breadcrumb","itemListElement":[{"@type":"ListItem","position":1,"name":"Home","item":"https:\/\/www.progeriaresearch.org\/"},{"@type":"ListItem","position":2,"name":"Results from PRF\u2019s 10th International Scientific Workshop published in journal Aging!"}]},{"@type":"WebSite","@id":"https:\/\/www.progeriaresearch.org\/ta\/#website","url":"https:\/\/www.progeriaresearch.org\/ta\/","name":"Funda\u00e7\u00e3o de Pesquisa Progeria","description":"Pelas Crian\u00e7as \u2665 Pela Cura","publisher":{"@id":"https:\/\/www.progeriaresearch.org\/ta\/#organization"},"potentialAction":[{"@type":"SearchAction","target":{"@type":"EntryPoint","urlTemplate":"https:\/\/www.progeriaresearch.org\/ta\/?s={search_term_string}"},"query-input":{"@type":"PropertyValueSpecification","valueRequired":true,"valueName":"search_term_string"}}],"inLanguage":"pt-PT"},{"@type":"Organization","@id":"https:\/\/www.progeriaresearch.org\/ta\/#organization","name":"Funda\u00e7\u00e3o de Pesquisa Progeria","url":"https:\/\/www.progeriaresearch.org\/ta\/","logo":{"@type":"ImageObject","inLanguage":"pt-PT","@id":"https:\/\/www.progeriaresearch.org\/ta\/#\/schema\/logo\/image\/","url":"https:\/\/www.progeriaresearch.org\/wp-content\/uploads\/2019\/05\/PRF_Logo_2019_optimized.png","contentUrl":"https:\/\/www.progeriaresearch.org\/wp-content\/uploads\/2019\/05\/PRF_Logo_2019_optimized.png","width":300,"height":86,"caption":"The Progeria Research Foundation"},"image":{"@id":"https:\/\/www.progeriaresearch.org\/ta\/#\/schema\/logo\/image\/"},"sameAs":["https:\/\/www.facebook.com\/ProgeriaResearch\/","https:\/\/x.com\/Progeria","https:\/\/www.instagram.com\/progeriaresearch\/"]},{"@type":"Person","@id":"https:\/\/www.progeriaresearch.org\/ta\/#\/schema\/person\/2be6cec85c11aaef7a7602636c5b9946","name":"Karen Betournay","image":{"@type":"ImageObject","inLanguage":"pt-PT","@id":"https:\/\/www.progeriaresearch.org\/ta\/#\/schema\/person\/image\/","url":"https:\/\/secure.gravatar.com\/avatar\/78c0520933a7d708c5e1a5788ec6799d5e2ad6a2a6d4ff2ca1e512861d12f533?s=96&d=mm&r=g","contentUrl":"https:\/\/secure.gravatar.com\/avatar\/78c0520933a7d708c5e1a5788ec6799d5e2ad6a2a6d4ff2ca1e512861d12f533?s=96&d=mm&r=g","caption":"Karen Betournay"},"url":"https:\/\/www.progeriaresearch.org\/pt\/author\/karenb\/"}]}},"_links":{"self":[{"href":"https:\/\/www.progeriaresearch.org\/pt\/wp-json\/wp\/v2\/posts\/12456","targetHints":{"allow":["GET"]}}],"collection":[{"href":"https:\/\/www.progeriaresearch.org\/pt\/wp-json\/wp\/v2\/posts"}],"about":[{"href":"https:\/\/www.progeriaresearch.org\/pt\/wp-json\/wp\/v2\/types\/post"}],"author":[{"embeddable":true,"href":"https:\/\/www.progeriaresearch.org\/pt\/wp-json\/wp\/v2\/users\/2"}],"replies":[{"embeddable":true,"href":"https:\/\/www.progeriaresearch.org\/pt\/wp-json\/wp\/v2\/comments?post=12456"}],"version-history":[{"count":0,"href":"https:\/\/www.progeriaresearch.org\/pt\/wp-json\/wp\/v2\/posts\/12456\/revisions"}],"wp:featuredmedia":[{"embeddable":true,"href":"https:\/\/www.progeriaresearch.org\/pt\/wp-json\/wp\/v2\/media\/12004"}],"wp:attachment":[{"href":"https:\/\/www.progeriaresearch.org\/pt\/wp-json\/wp\/v2\/media?parent=12456"}],"wp:term":[{"taxonomy":"category","embeddable":true,"href":"https:\/\/www.progeriaresearch.org\/pt\/wp-json\/wp\/v2\/categories?post=12456"},{"taxonomy":"post_tag","embeddable":true,"href":"https:\/\/www.progeriaresearch.org\/pt\/wp-json\/wp\/v2\/tags?post=12456"}],"curies":[{"name":"wp","href":"https:\/\/api.w.org\/{rel}","templated":true}]}}