{"id":1994,"date":"2014-05-15T22:20:00","date_gmt":"2014-05-15T22:20:00","guid":{"rendered":"https:\/\/www.progeriaresearch.org\/?p=1994"},"modified":"2020-12-11T15:28:08","modified_gmt":"2020-12-11T20:28:08","slug":"life-according-to-sam-wins-emmy-buy-share-the-dvd","status":"publish","type":"post","link":"https:\/\/www.progeriaresearch.org\/pt\/2014\/05\/15\/life-according-to-sam-wins-emmy-buy-share-the-dvd\/","title":{"rendered":"Life According to Sam ganha Emmy, compre e compartilhe o DVD"},"content":{"rendered":"<p>[et_pb_section fb_built=\u201d1\u2033 _builder_version=\u201d3.22\u2033][et_pb_row _builder_version=\u201d3.25\u2033 background_size=\u201dinicial\u201d background_position=\u201dtopo_esquerdo\u201d background_repeat=\u201drepetir\u201d][et_pb_column type=\u201d4_4\u2033 _builder_version=\u201d3.25\u2033 custom_padding=\u201d|||\u201d custom_padding__hover=\u201d|||\u201d][et_pb_text _builder_version=\u201d4.6.5\u2033 background_size=\u201dinicial\u201d background_position=\u201dtopo_esquerdo\u201d background_repeat=\u201drepetir\u201d hover_enabled=\u201d0\u2033 text_font_size=\u201d12px\u201d sticky_enabled=\u201d0\u2033]<\/p>\n<p>Ganhando um Emmy por \u201cM\u00e9rito Excepcional em Produ\u00e7\u00e3o de Document\u00e1rios\u201d. Parabenizamos a HBO Documentary Films e a talentosa equipe que ajudou a aumentar a conscientiza\u00e7\u00e3o sobre a Progeria e o trabalho da PRF por meio deste filme excepcional. O LATS continua a impactar os espectadores com sua mensagem de amor, determina\u00e7\u00e3o e esperan\u00e7a para crian\u00e7as com Progeria. Confira a impressionante lista de pr\u00eamios e como voc\u00ea pode ter uma c\u00f3pia <a href=\"https:\/\/www.progeriaresearch.org\/pt\/life-according-to-sam\/\">aqui.<\/a><\/p>\n<p>Que emocionante que Life According To Sam ganhou um Creative Arts Emmy de 2014 por &quot;M\u00e9rito Excepcional em Produ\u00e7\u00e3o de Document\u00e1rios&quot;. Nossos sinceros agradecimentos a Sheila Nevins e Nancy Abraham da HBO Documentary Films, Sean Fine e Andrea Nix Fine, Jeff Consiglio, Pablo Durana e toda a talentosa e apaixonada equipe que ajudou a aumentar a conscientiza\u00e7\u00e3o sobre a Progeria e o trabalho da PRF por meio deste filme excepcional. \u00a0<b><\/b><\/p>\n<div id=\"attachment_1995\" style=\"width: 410px\" class=\"wp-caption aligncenter\"><img loading=\"lazy\" decoding=\"async\" aria-describedby=\"caption-attachment-1995\" class=\"size-full wp-image-1995\" src=\"https:\/\/www.progeriaresearch.org\/wp-content\/uploads\/2017\/05\/Emmys-group.jpg\" alt=\"\" width=\"400\" height=\"341\" srcset=\"https:\/\/www.progeriaresearch.org\/wp-content\/uploads\/2017\/05\/Emmys-group.jpg 400w, https:\/\/www.progeriaresearch.org\/wp-content\/uploads\/2017\/05\/Emmys-group-300x256.jpg 300w\" sizes=\"(max-width: 400px) 100vw, 400px\" \/><p id=\"caption-attachment-1995\" class=\"wp-caption-text\">No show do Emmy Awards no Nokia Theatre em Los Angeles, CA: o editor Jeff Consiglio, a produtora s\u00eanior Nancy Abraham, os temas do filme Dr. Scott Berns e Dra. Leslie Gordon, os diretores Sean Fine e Andrea Nix Fine<\/p><\/div>\n<p><strong>Sam continua impactando os espectadores todos os dias com seu legado duradouro de esperan\u00e7a, determina\u00e7\u00e3o e amor.<\/strong><\/p>\n<p>O pr\u00eamio Emmy \u00e9 o mais recente de uma longa lista de pr\u00eamios e distin\u00e7\u00f5es que este filme recebeu:<\/p>\n<p><b>Tudo come\u00e7ou com o Festival de Cinema de Sundance.<\/b> Desde a sua estreia em janeiro de 2013 neste prestigiado festival, <b><i>A vida segundo Sam<\/i><\/b> teve uma trajet\u00f3ria incr\u00edvel no circuito de festivais, cativando p\u00fablicos por toda a Am\u00e9rica do Norte.<b><i> <\/i><\/b>LATS e seus diretores vencedores do Oscar Sean Fine e Andrea Nix Fine at\u00e9 mesmo entraram na \u201clista restrita\u201d para considera\u00e7\u00e3o ao Oscar, uma tremenda honra. LATS foi escolhido como um dos <b>\u201cO melhor do festival\u201d<\/b> no AFI Docs Festival em Washington, DC, foi o<b> Pr\u00eamio do P\u00fablico<\/b> Vencedor nos festivais de cinema de Nantucket, Boston Jewish, Newburyport e Martha&#039;s Vineyard, recebeu o pr\u00eamio <b>Melhor Narrativa<\/b> Pr\u00eamio em Nantucket, ganho <b>Melhor Document\u00e1rio de Longa-Metragem<\/b> nos Festivais Internacionais de Cinema de New Hampshire, Woods Hole e Rhode Island. Em abril de 2014, o filme tamb\u00e9m ganhou um Christopher Award, que \u00e9 concedido a cineastas cujo trabalho afirma os mais altos valores do esp\u00edrito humano.<\/p>\n<p>Tamb\u00e9m em abril, o LATS foi homenageado no prestigiado evento<a href=\"http:\/\/www.peabodyawards.com\/award-profile\/life-according-to-sam-hbo\" target=\"_blank\" rel=\"noopener noreferrer\"><b> <\/b><b>Pr\u00eamios Peabody<\/b><\/a><b>, <\/b>que reconhecem \u201chist\u00f3rias que importam\u201d. Concedido a 30-40 vencedores anualmente de mais de 1.000 inscri\u00e7\u00f5es, sua hist\u00f3ria de amor, vida e esperan\u00e7a para crian\u00e7as com Progeria continua a \u201cimportar\u201d para mais pessoas a cada dia.<\/p>\n<p><b><i>Tenha seu pr\u00f3prio exemplar HOJE!<\/i><\/b><\/p>\n<p><img loading=\"lazy\" decoding=\"async\" class=\"alignleft\" src=\"https:\/\/web.archive.org\/web\/20170215190749im_\/https:\/\/www.progeriaresearch.org\/assets\/images\/news_images\/life-according-to-sam-dvd_281.jpg\" width=\"248\" height=\"248\" \/><\/p>\n<p>Assista aqui: <a href=\"https:\/\/www.hbo.com\/documentaries\/life-according-to-sam\" target=\"_blank\" rel=\"noopener noreferrer\"><b>Loja HBO* <\/b><\/a>e compartilhe este filme inspirador com sua fam\u00edlia e amigos. LATS <b>agora tamb\u00e9m est\u00e1 dispon\u00edvel a qualquer momento ON DEMAND e HBO GO\u00a0<\/b><\/p>\n<p>[\/et_pb_text][\/et_pb_column][\/et_pb_row][\/et_pb_section]<\/p>","protected":false},"excerpt":{"rendered":"<p>[et_pb_section fb_built=\u201d1\u2033 _builder_version=\u201d3.22\u2033][et_pb_row _builder_version=\u201d3.25\u2033 background_size=\u201dinicial\u201d background_position=\u201dtop_left\u201d background_repeat=\u201drepeat\u201d][et_pb_column type=\u201d4_4\u2033 _builder_version=\u201d3.25\u2033 custom_padding=\u201d|||\u201d custom_padding__hover=\u201d|||\u201d][et_pb_text _builder_version=\u201d4.6.5\u2033 background_size=\u201dinitial\u201d background_position=\u201dtop_left\u201d background_repeat=\u201drepeat\u201d hover_enabled=\u201d0\u2033 text_font_size=\u201d12px\u201d sticky_enabled=\u201d0\u2033] Ganhando um Emmy por \u201cM\u00e9rito Excepcional em Cinema Documental\u201d. parabenizamos a HBO Documentary Films e a talentosa equipe que ajudou a aumentar a conscientiza\u00e7\u00e3o sobre o trabalho da Progeria e da PRF por meio deste filme excepcional. O LATS continua a impactar os espectadores [\u2026]<\/p>","protected":false},"author":1,"featured_media":11779,"comment_status":"open","ping_status":"open","sticky":false,"template":"","format":"standard","meta":{"_et_pb_use_builder":"on","_et_pb_old_content":"<p>[vc_custom_heading text=\"Life According to Sam Wins Emmy, Buy & Share the DVD\" font_container=\"tag:h1|text_align:left\" use_theme_fonts=\"yes\"]<\/p><div id=\"secondary-header-content\"><p>Winning an Emmy for \"Exceptional Merit in Documentary Filmmaking\". we congratulate HBO Documentary Films and the talented team who have helped raise awareness of Progeria and PRF's work through this exceptional film. LATS continues to impact viewers with its message of love, determination and hope for children with Progeria. Check out the impressive awards list and how you can own a copy <a href=\"https:\/\/www.progeriaresearch.org\/life-according-to-sam\/\">here.<\/a><\/p><\/div><p>How thrilling that Life According To Sam won a 2014 Creative Arts Emmy for \"Exceptional Merit in Documentary Filmmaking\".\u00a0 Our heartfelt thanks to Sheila Nevins and Nancy Abraham of HBO Documentary Films, Sean Fine & Andrea Nix Fine, Jeff Consiglio, Pablo Durana, and the entire talented, passionate team who have helped raise awareness of Progeria and PRF's work through this exceptional film. \u00a0<b><\/b><\/p>[caption id=\"attachment_1995\" align=\"aligncenter\" width=\"400\"]<img class=\"size-full wp-image-1995\" src=\"https:\/\/www.progeriaresearch.org\/wp-content\/uploads\/2017\/05\/Emmys-group.jpg\" alt=\"\" width=\"400\" height=\"341\" \/> At the Emmy Awards show at the Nokia Theatre in Los Angeles, CA: Editor Jeff Consiglio, Senior Producer Nancy Abraham, film subjects Dr. Scott Berns and Dr. Leslie Gordon, Directors Sean Fine and Andrea Nix Fine[\/caption]<p><strong>Sam continues to impact viewers every day with his lasting legacy of hope, determination and love.<\/strong><\/p><p>The Emmy award is the latest in a long line of awards and accolades this film has received:<\/p><p><b>It all started with the Sundance Film Festival.<\/b> Since its premiere in January 2013 at this prestigious festival, <b><i>Life According to Sam<\/i><\/b> had an amazing run on the festival circuit, captivating audiences across North America.<b><i> <\/i><\/b>LATS and its Oscar winning Directors Sean Fine and Andrea Nix Fine even made the \u201cshort list\u201d for Oscar consideration, a tremendous honor.\u00a0LATS was chosen as one of the <b>\u201cBest of Fest\u201d<\/b> at the AFI Docs Festival in Washington, DC, was the<b> Audience Award<\/b> Winner at the Nantucket, Boston Jewish, Newburyport and Martha\u2019s Vineyard Film Festivals, received the <b>Best Storytelling<\/b> Award at Nantucket , won <b>Best Feature Documentary<\/b> at the New Hampshire, Woods Hole and Rhode Island International Film Festivals.\u00a0 In April 2014, the film also won a Christopher Award, which is presented to filmmakers whose work affirms the highest values of the human spirit.<\/p><p>Also in April, LATS was honored at the prestigious<a href=\"https:\/\/www.peabodyawards.com\/stories\/story\/2013-peabody-winners\" target=\"_blank\" rel=\"noopener noreferrer\"><b> <\/b><b>Peabody Awards<\/b><\/a><b>, <\/b>which recognize \"stories that matter\".\u00a0 Awarded to 30-40 winners annually from more than 1,000\u00a0entries, its story of love, life and hope for children with Progeria continues to \"matter\" to more people every day.<\/p><p><b><i>Own your own copy TODAY!<\/i><\/b><\/p><p><img class=\"alignleft\" src=\"https:\/\/web.archive.org\/web\/20170215190749im_\/https:\/\/www.progeriaresearch.org\/assets\/images\/news_images\/life-according-to-sam-dvd_281.jpg\" width=\"248\" height=\"248\" \/><\/p><p>Buy your DVDs directly from the <a href=\"https:\/\/web.archive.org\/web\/20170215190749\/https:\/\/store.hbo.com\/detail.php?p=546129&SESSID=e7c169cae575e7da507c7b9b2b69bb2e&v=hbo\" target=\"_blank\" rel=\"noopener noreferrer\"><b>HBO Store* <\/b><\/a>and share this inspiring film with your family and friends. LATS <b>is also now available at any time ON DEMAND and HBO GO\u00a0<\/b><\/p>","_et_gb_content_width":"","footnotes":"","_links_to":"","_links_to_target":""},"categories":[2],"tags":[],"class_list":["post-1994","post","type-post","status-publish","format-standard","has-post-thumbnail","hentry","category-news"],"yoast_head":"<!-- This site is optimized with the Yoast SEO plugin v26.8 - https:\/\/yoast.com\/product\/yoast-seo-wordpress\/ -->\n<title>Life According to Sam Wins Emmy, Buy &amp; Share the DVD - The Progeria Research Foundation<\/title>\n<meta name=\"robots\" content=\"index, follow, max-snippet:-1, max-image-preview:large, max-video-preview:-1\" \/>\n<link rel=\"canonical\" href=\"https:\/\/www.progeriaresearch.org\/pt\/2014\/05\/15\/life-according-to-sam-wins-emmy-buy-share-the-dvd\/\" \/>\n<meta property=\"og:locale\" content=\"pt_PT\" \/>\n<meta property=\"og:type\" content=\"article\" \/>\n<meta property=\"og:title\" content=\"Life According to Sam Wins Emmy, Buy &amp; Share the DVD - The Progeria Research Foundation\" \/>\n<meta property=\"og:description\" content=\"[et_pb_section fb_built=&#8221;1&#8243; _builder_version=&#8221;3.22&#8243;][et_pb_row _builder_version=&#8221;3.25&#8243; background_size=&#8221;initial&#8221; background_position=&#8221;top_left&#8221; background_repeat=&#8221;repeat&#8221;][et_pb_column type=&#8221;4_4&#8243; _builder_version=&#8221;3.25&#8243; custom_padding=&#8221;|||&#8221; custom_padding__hover=&#8221;|||&#8221;][et_pb_text _builder_version=&#8221;4.6.5&#8243; background_size=&#8221;initial&#8221; background_position=&#8221;top_left&#8221; background_repeat=&#8221;repeat&#8221; hover_enabled=&#8221;0&#8243; text_font_size=&#8221;12px&#8221; sticky_enabled=&#8221;0&#8243;] Winning an Emmy for &#8220;Exceptional Merit in Documentary Filmmaking&#8221;. we congratulate HBO Documentary Films and the talented team who have helped raise awareness of Progeria and PRF&#8217;s work through this exceptional film. LATS continues to impact viewers [&hellip;]\" \/>\n<meta property=\"og:url\" content=\"https:\/\/www.progeriaresearch.org\/pt\/2014\/05\/15\/life-according-to-sam-wins-emmy-buy-share-the-dvd\/\" \/>\n<meta property=\"og:site_name\" content=\"The Progeria Research Foundation\" \/>\n<meta property=\"article:publisher\" content=\"https:\/\/www.facebook.com\/ProgeriaResearch\/\" \/>\n<meta property=\"article:published_time\" content=\"2014-05-15T22:20:00+00:00\" \/>\n<meta property=\"article:modified_time\" content=\"2020-12-11T20:28:08+00:00\" \/>\n<meta property=\"og:image\" content=\"https:\/\/www.progeriaresearch.org\/wp-content\/uploads\/2014\/05\/life-according-to-sam-dvd_281.jpg\" \/>\n\t<meta property=\"og:image:width\" content=\"281\" \/>\n\t<meta property=\"og:image:height\" content=\"281\" \/>\n\t<meta property=\"og:image:type\" content=\"image\/jpeg\" \/>\n<meta name=\"author\" content=\"gravoc\" \/>\n<meta name=\"twitter:card\" content=\"summary_large_image\" \/>\n<meta name=\"twitter:creator\" content=\"@Progeria\" \/>\n<meta name=\"twitter:site\" content=\"@Progeria\" \/>\n<meta name=\"twitter:label1\" content=\"Written by\" \/>\n\t<meta name=\"twitter:data1\" content=\"gravoc\" \/>\n\t<meta name=\"twitter:label2\" content=\"Est. reading time\" \/>\n\t<meta name=\"twitter:data2\" content=\"2 minutos\" \/>\n<script type=\"application\/ld+json\" class=\"yoast-schema-graph\">{\"@context\":\"https:\/\/schema.org\",\"@graph\":[{\"@type\":\"Article\",\"@id\":\"https:\/\/www.progeriaresearch.org\/it\/2014\/05\/15\/life-according-to-sam-wins-emmy-buy-share-the-dvd\/#article\",\"isPartOf\":{\"@id\":\"https:\/\/www.progeriaresearch.org\/it\/2014\/05\/15\/life-according-to-sam-wins-emmy-buy-share-the-dvd\/\"},\"author\":{\"name\":\"gravoc\",\"@id\":\"https:\/\/www.progeriaresearch.org\/ta\/#\/schema\/person\/a3c935a81e92242c6a77ae0018542928\"},\"headline\":\"Life According to Sam Wins Emmy, Buy &#038; Share the DVD\",\"datePublished\":\"2014-05-15T22:20:00+00:00\",\"dateModified\":\"2020-12-11T20:28:08+00:00\",\"mainEntityOfPage\":{\"@id\":\"https:\/\/www.progeriaresearch.org\/it\/2014\/05\/15\/life-according-to-sam-wins-emmy-buy-share-the-dvd\/\"},\"wordCount\":496,\"commentCount\":0,\"publisher\":{\"@id\":\"https:\/\/www.progeriaresearch.org\/ta\/#organization\"},\"image\":{\"@id\":\"https:\/\/www.progeriaresearch.org\/it\/2014\/05\/15\/life-according-to-sam-wins-emmy-buy-share-the-dvd\/#primaryimage\"},\"thumbnailUrl\":\"https:\/\/www.progeriaresearch.org\/wp-content\/uploads\/2014\/05\/life-according-to-sam-dvd_281.jpg\",\"articleSection\":[\"News\"],\"inLanguage\":\"pt-PT\",\"potentialAction\":[{\"@type\":\"CommentAction\",\"name\":\"Comment\",\"target\":[\"https:\/\/www.progeriaresearch.org\/it\/2014\/05\/15\/life-according-to-sam-wins-emmy-buy-share-the-dvd\/#respond\"]}]},{\"@type\":\"WebPage\",\"@id\":\"https:\/\/www.progeriaresearch.org\/it\/2014\/05\/15\/life-according-to-sam-wins-emmy-buy-share-the-dvd\/\",\"url\":\"https:\/\/www.progeriaresearch.org\/it\/2014\/05\/15\/life-according-to-sam-wins-emmy-buy-share-the-dvd\/\",\"name\":\"Life According to Sam Wins Emmy, Buy & Share the DVD - The Progeria Research Foundation\",\"isPartOf\":{\"@id\":\"https:\/\/www.progeriaresearch.org\/ta\/#website\"},\"primaryImageOfPage\":{\"@id\":\"https:\/\/www.progeriaresearch.org\/it\/2014\/05\/15\/life-according-to-sam-wins-emmy-buy-share-the-dvd\/#primaryimage\"},\"image\":{\"@id\":\"https:\/\/www.progeriaresearch.org\/it\/2014\/05\/15\/life-according-to-sam-wins-emmy-buy-share-the-dvd\/#primaryimage\"},\"thumbnailUrl\":\"https:\/\/www.progeriaresearch.org\/wp-content\/uploads\/2014\/05\/life-according-to-sam-dvd_281.jpg\",\"datePublished\":\"2014-05-15T22:20:00+00:00\",\"dateModified\":\"2020-12-11T20:28:08+00:00\",\"breadcrumb\":{\"@id\":\"https:\/\/www.progeriaresearch.org\/it\/2014\/05\/15\/life-according-to-sam-wins-emmy-buy-share-the-dvd\/#breadcrumb\"},\"inLanguage\":\"pt-PT\",\"potentialAction\":[{\"@type\":\"ReadAction\",\"target\":[\"https:\/\/www.progeriaresearch.org\/it\/2014\/05\/15\/life-according-to-sam-wins-emmy-buy-share-the-dvd\/\"]}]},{\"@type\":\"ImageObject\",\"inLanguage\":\"pt-PT\",\"@id\":\"https:\/\/www.progeriaresearch.org\/it\/2014\/05\/15\/life-according-to-sam-wins-emmy-buy-share-the-dvd\/#primaryimage\",\"url\":\"https:\/\/www.progeriaresearch.org\/wp-content\/uploads\/2014\/05\/life-according-to-sam-dvd_281.jpg\",\"contentUrl\":\"https:\/\/www.progeriaresearch.org\/wp-content\/uploads\/2014\/05\/life-according-to-sam-dvd_281.jpg\",\"width\":281,\"height\":281},{\"@type\":\"BreadcrumbList\",\"@id\":\"https:\/\/www.progeriaresearch.org\/it\/2014\/05\/15\/life-according-to-sam-wins-emmy-buy-share-the-dvd\/#breadcrumb\",\"itemListElement\":[{\"@type\":\"ListItem\",\"position\":1,\"name\":\"Home\",\"item\":\"https:\/\/www.progeriaresearch.org\/\"},{\"@type\":\"ListItem\",\"position\":2,\"name\":\"Life According to Sam Wins Emmy, Buy &#038; Share the DVD\"}]},{\"@type\":\"WebSite\",\"@id\":\"https:\/\/www.progeriaresearch.org\/ta\/#website\",\"url\":\"https:\/\/www.progeriaresearch.org\/ta\/\",\"name\":\"The Progeria Research Foundation\",\"description\":\"For the Children \u2665 For the Cure\",\"publisher\":{\"@id\":\"https:\/\/www.progeriaresearch.org\/ta\/#organization\"},\"potentialAction\":[{\"@type\":\"SearchAction\",\"target\":{\"@type\":\"EntryPoint\",\"urlTemplate\":\"https:\/\/www.progeriaresearch.org\/ta\/?s={search_term_string}\"},\"query-input\":{\"@type\":\"PropertyValueSpecification\",\"valueRequired\":true,\"valueName\":\"search_term_string\"}}],\"inLanguage\":\"pt-PT\"},{\"@type\":\"Organization\",\"@id\":\"https:\/\/www.progeriaresearch.org\/ta\/#organization\",\"name\":\"The Progeria Research Foundation\",\"url\":\"https:\/\/www.progeriaresearch.org\/ta\/\",\"logo\":{\"@type\":\"ImageObject\",\"inLanguage\":\"pt-PT\",\"@id\":\"https:\/\/www.progeriaresearch.org\/ta\/#\/schema\/logo\/image\/\",\"url\":\"https:\/\/www.progeriaresearch.org\/wp-content\/uploads\/2019\/05\/PRF_Logo_2019_optimized.png\",\"contentUrl\":\"https:\/\/www.progeriaresearch.org\/wp-content\/uploads\/2019\/05\/PRF_Logo_2019_optimized.png\",\"width\":300,\"height\":86,\"caption\":\"The Progeria Research Foundation\"},\"image\":{\"@id\":\"https:\/\/www.progeriaresearch.org\/ta\/#\/schema\/logo\/image\/\"},\"sameAs\":[\"https:\/\/www.facebook.com\/ProgeriaResearch\/\",\"https:\/\/x.com\/Progeria\",\"https:\/\/www.instagram.com\/progeriaresearch\/\"]},{\"@type\":\"Person\",\"@id\":\"https:\/\/www.progeriaresearch.org\/ta\/#\/schema\/person\/a3c935a81e92242c6a77ae0018542928\",\"name\":\"gravoc\",\"image\":{\"@type\":\"ImageObject\",\"inLanguage\":\"pt-PT\",\"@id\":\"https:\/\/www.progeriaresearch.org\/ta\/#\/schema\/person\/image\/\",\"url\":\"https:\/\/secure.gravatar.com\/avatar\/cee2d206466fdbfc70635d168190f07f615d6e9c97c316eb6a88b5b563efdd7b?s=96&d=mm&r=g\",\"contentUrl\":\"https:\/\/secure.gravatar.com\/avatar\/cee2d206466fdbfc70635d168190f07f615d6e9c97c316eb6a88b5b563efdd7b?s=96&d=mm&r=g\",\"caption\":\"gravoc\"},\"url\":\"https:\/\/www.progeriaresearch.org\/pt\/author\/gravoc\/\"}]}<\/script>\n<!-- \/ Yoast SEO plugin. -->","yoast_head_json":{"title":"O document\u00e1rio &quot;Life According to Sam&quot; ganha o Emmy. Compre e compartilhe o DVD - Funda\u00e7\u00e3o de Pesquisa da Progeria","robots":{"index":"index","follow":"follow","max-snippet":"max-snippet:-1","max-image-preview":"max-image-preview:large","max-video-preview":"max-video-preview:-1"},"canonical":"https:\/\/www.progeriaresearch.org\/pt\/2014\/05\/15\/life-according-to-sam-wins-emmy-buy-share-the-dvd\/","og_locale":"pt_PT","og_type":"article","og_title":"Life According to Sam Wins Emmy, Buy & Share the DVD - The Progeria Research Foundation","og_description":"[et_pb_section fb_built=&#8221;1&#8243; _builder_version=&#8221;3.22&#8243;][et_pb_row _builder_version=&#8221;3.25&#8243; background_size=&#8221;initial&#8221; background_position=&#8221;top_left&#8221; background_repeat=&#8221;repeat&#8221;][et_pb_column type=&#8221;4_4&#8243; _builder_version=&#8221;3.25&#8243; custom_padding=&#8221;|||&#8221; custom_padding__hover=&#8221;|||&#8221;][et_pb_text _builder_version=&#8221;4.6.5&#8243; background_size=&#8221;initial&#8221; background_position=&#8221;top_left&#8221; background_repeat=&#8221;repeat&#8221; hover_enabled=&#8221;0&#8243; text_font_size=&#8221;12px&#8221; sticky_enabled=&#8221;0&#8243;] Winning an Emmy for &#8220;Exceptional Merit in Documentary Filmmaking&#8221;. we congratulate HBO Documentary Films and the talented team who have helped raise awareness of Progeria and PRF&#8217;s work through this exceptional film. LATS continues to impact viewers [&hellip;]","og_url":"https:\/\/www.progeriaresearch.org\/pt\/2014\/05\/15\/life-according-to-sam-wins-emmy-buy-share-the-dvd\/","og_site_name":"The Progeria Research Foundation","article_publisher":"https:\/\/www.facebook.com\/ProgeriaResearch\/","article_published_time":"2014-05-15T22:20:00+00:00","article_modified_time":"2020-12-11T20:28:08+00:00","og_image":[{"width":281,"height":281,"url":"https:\/\/www.progeriaresearch.org\/wp-content\/uploads\/2014\/05\/life-according-to-sam-dvd_281.jpg","type":"image\/jpeg"}],"author":"gravoc","twitter_card":"summary_large_image","twitter_creator":"@Progeria","twitter_site":"@Progeria","twitter_misc":{"Written by":"gravoc","Est. reading time":"2 minutos"},"schema":{"@context":"https:\/\/schema.org","@graph":[{"@type":"Article","@id":"https:\/\/www.progeriaresearch.org\/it\/2014\/05\/15\/life-according-to-sam-wins-emmy-buy-share-the-dvd\/#article","isPartOf":{"@id":"https:\/\/www.progeriaresearch.org\/it\/2014\/05\/15\/life-according-to-sam-wins-emmy-buy-share-the-dvd\/"},"author":{"name":"gravoc","@id":"https:\/\/www.progeriaresearch.org\/ta\/#\/schema\/person\/a3c935a81e92242c6a77ae0018542928"},"headline":"Life According to Sam Wins Emmy, Buy &#038; Share the DVD","datePublished":"2014-05-15T22:20:00+00:00","dateModified":"2020-12-11T20:28:08+00:00","mainEntityOfPage":{"@id":"https:\/\/www.progeriaresearch.org\/it\/2014\/05\/15\/life-according-to-sam-wins-emmy-buy-share-the-dvd\/"},"wordCount":496,"commentCount":0,"publisher":{"@id":"https:\/\/www.progeriaresearch.org\/ta\/#organization"},"image":{"@id":"https:\/\/www.progeriaresearch.org\/it\/2014\/05\/15\/life-according-to-sam-wins-emmy-buy-share-the-dvd\/#primaryimage"},"thumbnailUrl":"https:\/\/www.progeriaresearch.org\/wp-content\/uploads\/2014\/05\/life-according-to-sam-dvd_281.jpg","articleSection":["News"],"inLanguage":"pt-PT","potentialAction":[{"@type":"CommentAction","name":"Comment","target":["https:\/\/www.progeriaresearch.org\/it\/2014\/05\/15\/life-according-to-sam-wins-emmy-buy-share-the-dvd\/#respond"]}]},{"@type":"WebPage","@id":"https:\/\/www.progeriaresearch.org\/it\/2014\/05\/15\/life-according-to-sam-wins-emmy-buy-share-the-dvd\/","url":"https:\/\/www.progeriaresearch.org\/it\/2014\/05\/15\/life-according-to-sam-wins-emmy-buy-share-the-dvd\/","name":"O document\u00e1rio &quot;Life According to Sam&quot; ganha o Emmy. Compre e compartilhe o DVD - Funda\u00e7\u00e3o de Pesquisa da Progeria","isPartOf":{"@id":"https:\/\/www.progeriaresearch.org\/ta\/#website"},"primaryImageOfPage":{"@id":"https:\/\/www.progeriaresearch.org\/it\/2014\/05\/15\/life-according-to-sam-wins-emmy-buy-share-the-dvd\/#primaryimage"},"image":{"@id":"https:\/\/www.progeriaresearch.org\/it\/2014\/05\/15\/life-according-to-sam-wins-emmy-buy-share-the-dvd\/#primaryimage"},"thumbnailUrl":"https:\/\/www.progeriaresearch.org\/wp-content\/uploads\/2014\/05\/life-according-to-sam-dvd_281.jpg","datePublished":"2014-05-15T22:20:00+00:00","dateModified":"2020-12-11T20:28:08+00:00","breadcrumb":{"@id":"https:\/\/www.progeriaresearch.org\/it\/2014\/05\/15\/life-according-to-sam-wins-emmy-buy-share-the-dvd\/#breadcrumb"},"inLanguage":"pt-PT","potentialAction":[{"@type":"ReadAction","target":["https:\/\/www.progeriaresearch.org\/it\/2014\/05\/15\/life-according-to-sam-wins-emmy-buy-share-the-dvd\/"]}]},{"@type":"ImageObject","inLanguage":"pt-PT","@id":"https:\/\/www.progeriaresearch.org\/it\/2014\/05\/15\/life-according-to-sam-wins-emmy-buy-share-the-dvd\/#primaryimage","url":"https:\/\/www.progeriaresearch.org\/wp-content\/uploads\/2014\/05\/life-according-to-sam-dvd_281.jpg","contentUrl":"https:\/\/www.progeriaresearch.org\/wp-content\/uploads\/2014\/05\/life-according-to-sam-dvd_281.jpg","width":281,"height":281},{"@type":"BreadcrumbList","@id":"https:\/\/www.progeriaresearch.org\/it\/2014\/05\/15\/life-according-to-sam-wins-emmy-buy-share-the-dvd\/#breadcrumb","itemListElement":[{"@type":"ListItem","position":1,"name":"Home","item":"https:\/\/www.progeriaresearch.org\/"},{"@type":"ListItem","position":2,"name":"Life According to Sam Wins Emmy, Buy &#038; Share the DVD"}]},{"@type":"WebSite","@id":"https:\/\/www.progeriaresearch.org\/ta\/#website","url":"https:\/\/www.progeriaresearch.org\/ta\/","name":"Funda\u00e7\u00e3o de Pesquisa Progeria","description":"Pelas Crian\u00e7as \u2665 Pela Cura","publisher":{"@id":"https:\/\/www.progeriaresearch.org\/ta\/#organization"},"potentialAction":[{"@type":"SearchAction","target":{"@type":"EntryPoint","urlTemplate":"https:\/\/www.progeriaresearch.org\/ta\/?s={search_term_string}"},"query-input":{"@type":"PropertyValueSpecification","valueRequired":true,"valueName":"search_term_string"}}],"inLanguage":"pt-PT"},{"@type":"Organization","@id":"https:\/\/www.progeriaresearch.org\/ta\/#organization","name":"Funda\u00e7\u00e3o de Pesquisa Progeria","url":"https:\/\/www.progeriaresearch.org\/ta\/","logo":{"@type":"ImageObject","inLanguage":"pt-PT","@id":"https:\/\/www.progeriaresearch.org\/ta\/#\/schema\/logo\/image\/","url":"https:\/\/www.progeriaresearch.org\/wp-content\/uploads\/2019\/05\/PRF_Logo_2019_optimized.png","contentUrl":"https:\/\/www.progeriaresearch.org\/wp-content\/uploads\/2019\/05\/PRF_Logo_2019_optimized.png","width":300,"height":86,"caption":"The Progeria Research Foundation"},"image":{"@id":"https:\/\/www.progeriaresearch.org\/ta\/#\/schema\/logo\/image\/"},"sameAs":["https:\/\/www.facebook.com\/ProgeriaResearch\/","https:\/\/x.com\/Progeria","https:\/\/www.instagram.com\/progeriaresearch\/"]},{"@type":"Person","@id":"https:\/\/www.progeriaresearch.org\/ta\/#\/schema\/person\/a3c935a81e92242c6a77ae0018542928","name":"gravo","image":{"@type":"ImageObject","inLanguage":"pt-PT","@id":"https:\/\/www.progeriaresearch.org\/ta\/#\/schema\/person\/image\/","url":"https:\/\/secure.gravatar.com\/avatar\/cee2d206466fdbfc70635d168190f07f615d6e9c97c316eb6a88b5b563efdd7b?s=96&d=mm&r=g","contentUrl":"https:\/\/secure.gravatar.com\/avatar\/cee2d206466fdbfc70635d168190f07f615d6e9c97c316eb6a88b5b563efdd7b?s=96&d=mm&r=g","caption":"gravoc"},"url":"https:\/\/www.progeriaresearch.org\/pt\/author\/gravoc\/"}]}},"_links":{"self":[{"href":"https:\/\/www.progeriaresearch.org\/pt\/wp-json\/wp\/v2\/posts\/1994","targetHints":{"allow":["GET"]}}],"collection":[{"href":"https:\/\/www.progeriaresearch.org\/pt\/wp-json\/wp\/v2\/posts"}],"about":[{"href":"https:\/\/www.progeriaresearch.org\/pt\/wp-json\/wp\/v2\/types\/post"}],"author":[{"embeddable":true,"href":"https:\/\/www.progeriaresearch.org\/pt\/wp-json\/wp\/v2\/users\/1"}],"replies":[{"embeddable":true,"href":"https:\/\/www.progeriaresearch.org\/pt\/wp-json\/wp\/v2\/comments?post=1994"}],"version-history":[{"count":0,"href":"https:\/\/www.progeriaresearch.org\/pt\/wp-json\/wp\/v2\/posts\/1994\/revisions"}],"wp:featuredmedia":[{"embeddable":true,"href":"https:\/\/www.progeriaresearch.org\/pt\/wp-json\/wp\/v2\/media\/11779"}],"wp:attachment":[{"href":"https:\/\/www.progeriaresearch.org\/pt\/wp-json\/wp\/v2\/media?parent=1994"}],"wp:term":[{"taxonomy":"category","embeddable":true,"href":"https:\/\/www.progeriaresearch.org\/pt\/wp-json\/wp\/v2\/categories?post=1994"},{"taxonomy":"post_tag","embeddable":true,"href":"https:\/\/www.progeriaresearch.org\/pt\/wp-json\/wp\/v2\/tags?post=1994"}],"curies":[{"name":"wp","href":"https:\/\/api.w.org\/{rel}","templated":true}]}}