{"id":2008,"date":"2014-01-10T22:38:24","date_gmt":"2014-01-10T22:38:24","guid":{"rendered":"https:\/\/www.progeriaresearch.org\/?p=2008"},"modified":"2020-12-11T11:52:10","modified_gmt":"2020-12-11T16:52:10","slug":"sam-berns-102396-011014","status":"publish","type":"post","link":"https:\/\/www.progeriaresearch.org\/pt\/2014\/01\/10\/sam-berns-102396-011014\/","title":{"rendered":"Sam Berns 23\/10\/96 \u2013 10\/01\/14"},"content":{"rendered":"<p>[et_pb_section fb_built=\u201d1\u2033 _builder_version=\u201d3.22\u2033][et_pb_row _builder_version=\u201d3.25\u2033 background_size=\u201dinicial\u201d background_position=\u201dtopo_esquerdo\u201d background_repeat=\u201drepetir\u201d][et_pb_column type=\u201d4_4\u2033 _builder_version=\u201d3.25\u2033 custom_padding=\u201d|||\u201d custom_padding__hover=\u201d|||\u201d][et_pb_text _builder_version=\u201d4.6.5\u2033 background_size=\u201dinicial\u201d background_position=\u201dtopo_esquerdo\u201d background_repeat=\u201drepetir\u201d hover_enabled=\u201d0\u2033 sticky_enabled=\u201d0\u2033]<\/p>\n<div id=\"secondary-header-content\">\n<div id=\"secondary-header-content\">\n<div id=\"secondary-header-content\">\n<div id=\"secondary-header-content\">\n<p><img loading=\"lazy\" decoding=\"async\" class=\"aligncenter\" src=\"https:\/\/web.archive.org\/web\/20170218022424im_\/https:\/\/www.progeriaresearch.org\/assets\/images\/news_images\/Sam-HBO-graduation.jpg\" width=\"275\" height=\"258\" \/><\/p>\n<p>A fam\u00edlia de Sam Berns confirmou hoje que ele faleceu na noite de sexta-feira, 10 de janeiro de 2014, devido a complica\u00e7\u00f5es da Prog\u00e9ria.<\/p>\n<p>Sam, de 17 anos, foi diagnosticado aos 22 meses de idade com Progeria. Seus pais, Drs. Leslie Gordon e Scott Berns, fundaram a The Progeria Research Foundation em 1999 para encontrar a causa, o tratamento e a cura. Crian\u00e7as com Progeria vivem em m\u00e9dia 13 anos.<\/p>\n<p>Em 2013, a HBO Documentaries transmitiu a hist\u00f3ria de Sam Berns em <a href=\"https:\/\/www.progeriaresearch.org\/pt\/life-according-to-sam\/\">A vida segundo Sam <\/a>, e sua coragem e esp\u00edrito comoveram todos que o conheceram pessoalmente ou foram inspirados por sua hist\u00f3ria. Sam tamb\u00e9m compartilhou sua filosofia de vida em <a href=\"https:\/\/www.youtube.com\/watch?v=36m1o-tM05g%20TEDxMidAtlantic\/\">TEDxMeio Atl\u00e2ntico <\/a>em outubro de 2013.<\/p>\n<p>Toda a comunidade da PRF lamenta a perda deste jovem extraordin\u00e1rio que n\u00e3o apenas inspirou a cria\u00e7\u00e3o da PRF, mas tamb\u00e9m tocou milh\u00f5es de pessoas no mundo todo.<\/p>\n<p>Express\u00f5es de simpatia e apoio podem ser expressas usando #prfsam no Twitter e The Progeria Foundation <a href=\"https:\/\/www.facebook.com\/ProgeriaResearch\">P\u00e1gina do Facebook <\/a>e\/ou direcionado para The Progeria Research Foundation em PO Box 3453, Peabody, MA 01961-3453.<\/p>\n<\/div>\n<\/div>\n<\/div>\n<\/div>\n<p>[\/et_pb_text][\/et_pb_column][\/et_pb_row][\/et_pb_section]<\/p>","protected":false},"excerpt":{"rendered":"<p>[et_pb_section fb_built=&#8221;1&#8243; _builder_version=&#8221;3.22&#8243;][et_pb_row _builder_version=&#8221;3.25&#8243; background_size=&#8221;initial&#8221; background_position=&#8221;top_left&#8221; background_repeat=&#8221;repeat&#8221;][et_pb_column type=&#8221;4_4&#8243; _builder_version=&#8221;3.25&#8243; custom_padding=&#8221;|||&#8221; custom_padding__hover=&#8221;|||&#8221;][et_pb_text _builder_version=&#8221;4.6.5&#8243; background_size=&#8221;initial&#8221; background_position=&#8221;top_left&#8221; background_repeat=&#8221;repeat&#8221; hover_enabled=&#8221;0&#8243; sticky_enabled=&#8221;0&#8243;] The family of Sam Berns confirmed today that he passed away Friday evening, January 10, 2014 due to complications from Progeria. Sam, age 17, was diagnosed at 22 months of age with Progeria. His parents, Drs. Leslie Gordon [&hellip;]<\/p>","protected":false},"author":1,"featured_media":11772,"comment_status":"open","ping_status":"open","sticky":false,"template":"","format":"standard","meta":{"_et_pb_use_builder":"on","_et_pb_old_content":"<p>[vc_custom_heading text=\"Sam Berns 10\/23\/96 - 01\/10\/14\" font_container=\"tag:h1|text_align:left\" use_theme_fonts=\"yes\"]<\/p><div id=\"secondary-header-content\"><div id=\"secondary-header-content\"><div id=\"secondary-header-content\"><div id=\"secondary-header-content\"><p><img class=\"aligncenter\" src=\"https:\/\/web.archive.org\/web\/20170218022424im_\/https:\/\/www.progeriaresearch.org\/assets\/images\/news_images\/Sam-HBO-graduation.jpg\" width=\"275\" height=\"258\" \/><\/p><p>The family of Sam Berns confirmed today that he passed away Friday evening, January 10, 2014 due to complications from Progeria.<\/p><p>Sam, age 17, was diagnosed at 22 months of age with Progeria. His parents, Drs. Leslie Gordon and Scott Berns, established The Progeria Research Foundation in 1999 to find the cause, treatment and cure. Children with Progeria live an average of 13 years.<\/p><p>In 2013, HBO Documentaries broadcast the story of Sam Berns in <a href=\"https:\/\/lifeaccordingtosam.com\/\">Life According to Sam <\/a>, and his courage and spirit moved everyone who came to know him personally or was inspired by his story. Sam also shared his life philosophy at <a href=\"https:\/\/www.youtube.com\/watch?v=36m1o-tM05g%20TEDxMidAtlantic\/\">TEDxMidAtlantic <\/a>in October 2013.<\/p><p>The entire PRF community mourns the loss of this remarkable young man who not only inspired PRF's creation, but also touched millions of people worldwide.<\/p><p>Expressions of sympathy and support may be expressed using #prfsam on Twitter and The Progeria Foundation <a href=\"https:\/\/www.facebook.com\/ProgeriaResearch\">Facebook page <\/a>and\/or directed to The Progeria Research Foundation at P.O. Box 3453, Peabody, MA 01961-3453.<\/p><\/div><\/div><\/div><\/div>","_et_gb_content_width":"","footnotes":"","_links_to":"","_links_to_target":""},"categories":[2],"tags":[],"class_list":["post-2008","post","type-post","status-publish","format-standard","has-post-thumbnail","hentry","category-news"],"yoast_head":"<!-- This site is optimized with the Yoast SEO plugin v26.8 - https:\/\/yoast.com\/product\/yoast-seo-wordpress\/ -->\n<title>Sam Berns 10\/23\/96 - 01\/10\/14 - The Progeria Research Foundation<\/title>\n<meta name=\"robots\" content=\"index, follow, max-snippet:-1, max-image-preview:large, max-video-preview:-1\" \/>\n<link rel=\"canonical\" href=\"https:\/\/www.progeriaresearch.org\/pt\/2014\/01\/10\/sam-berns-102396-011014\/\" \/>\n<meta property=\"og:locale\" content=\"pt_PT\" \/>\n<meta property=\"og:type\" content=\"article\" \/>\n<meta property=\"og:title\" content=\"Sam Berns 10\/23\/96 - 01\/10\/14 - The Progeria Research Foundation\" \/>\n<meta property=\"og:description\" content=\"[et_pb_section fb_built=&#8221;1&#8243; _builder_version=&#8221;3.22&#8243;][et_pb_row _builder_version=&#8221;3.25&#8243; background_size=&#8221;initial&#8221; background_position=&#8221;top_left&#8221; background_repeat=&#8221;repeat&#8221;][et_pb_column type=&#8221;4_4&#8243; _builder_version=&#8221;3.25&#8243; custom_padding=&#8221;|||&#8221; custom_padding__hover=&#8221;|||&#8221;][et_pb_text _builder_version=&#8221;4.6.5&#8243; background_size=&#8221;initial&#8221; background_position=&#8221;top_left&#8221; background_repeat=&#8221;repeat&#8221; hover_enabled=&#8221;0&#8243; sticky_enabled=&#8221;0&#8243;] The family of Sam Berns confirmed today that he passed away Friday evening, January 10, 2014 due to complications from Progeria. Sam, age 17, was diagnosed at 22 months of age with Progeria. His parents, Drs. Leslie Gordon [&hellip;]\" \/>\n<meta property=\"og:url\" content=\"https:\/\/www.progeriaresearch.org\/pt\/2014\/01\/10\/sam-berns-102396-011014\/\" \/>\n<meta property=\"og:site_name\" content=\"The Progeria Research Foundation\" \/>\n<meta property=\"article:publisher\" content=\"https:\/\/www.facebook.com\/ProgeriaResearch\/\" \/>\n<meta property=\"article:published_time\" content=\"2014-01-10T22:38:24+00:00\" \/>\n<meta property=\"article:modified_time\" content=\"2020-12-11T16:52:10+00:00\" \/>\n<meta property=\"og:image\" content=\"https:\/\/www.progeriaresearch.org\/wp-content\/uploads\/2014\/01\/Sam-HBO-graduation-1.jpg\" \/>\n\t<meta property=\"og:image:width\" content=\"275\" \/>\n\t<meta property=\"og:image:height\" content=\"258\" \/>\n\t<meta property=\"og:image:type\" content=\"image\/jpeg\" \/>\n<meta name=\"author\" content=\"gravoc\" \/>\n<meta name=\"twitter:card\" content=\"summary_large_image\" \/>\n<meta name=\"twitter:creator\" content=\"@Progeria\" \/>\n<meta name=\"twitter:site\" content=\"@Progeria\" \/>\n<meta name=\"twitter:label1\" content=\"Written by\" \/>\n\t<meta name=\"twitter:data1\" content=\"gravoc\" \/>\n\t<meta name=\"twitter:label2\" content=\"Est. reading time\" \/>\n\t<meta name=\"twitter:data2\" content=\"1 minuto\" \/>\n<script type=\"application\/ld+json\" class=\"yoast-schema-graph\">{\"@context\":\"https:\/\/schema.org\",\"@graph\":[{\"@type\":\"Article\",\"@id\":\"https:\/\/www.progeriaresearch.org\/ru\/2014\/01\/10\/sam-berns-102396-011014\/#article\",\"isPartOf\":{\"@id\":\"https:\/\/www.progeriaresearch.org\/ru\/2014\/01\/10\/sam-berns-102396-011014\/\"},\"author\":{\"name\":\"gravoc\",\"@id\":\"https:\/\/www.progeriaresearch.org\/ta\/#\/schema\/person\/a3c935a81e92242c6a77ae0018542928\"},\"headline\":\"Sam Berns 10\/23\/96 &#8211; 01\/10\/14\",\"datePublished\":\"2014-01-10T22:38:24+00:00\",\"dateModified\":\"2020-12-11T16:52:10+00:00\",\"mainEntityOfPage\":{\"@id\":\"https:\/\/www.progeriaresearch.org\/ru\/2014\/01\/10\/sam-berns-102396-011014\/\"},\"wordCount\":227,\"commentCount\":0,\"publisher\":{\"@id\":\"https:\/\/www.progeriaresearch.org\/ta\/#organization\"},\"image\":{\"@id\":\"https:\/\/www.progeriaresearch.org\/ru\/2014\/01\/10\/sam-berns-102396-011014\/#primaryimage\"},\"thumbnailUrl\":\"https:\/\/www.progeriaresearch.org\/wp-content\/uploads\/2014\/01\/Sam-HBO-graduation-1.jpg\",\"articleSection\":[\"News\"],\"inLanguage\":\"pt-PT\",\"potentialAction\":[{\"@type\":\"CommentAction\",\"name\":\"Comment\",\"target\":[\"https:\/\/www.progeriaresearch.org\/ru\/2014\/01\/10\/sam-berns-102396-011014\/#respond\"]}]},{\"@type\":\"WebPage\",\"@id\":\"https:\/\/www.progeriaresearch.org\/ru\/2014\/01\/10\/sam-berns-102396-011014\/\",\"url\":\"https:\/\/www.progeriaresearch.org\/ru\/2014\/01\/10\/sam-berns-102396-011014\/\",\"name\":\"Sam Berns 10\/23\/96 - 01\/10\/14 - The Progeria Research Foundation\",\"isPartOf\":{\"@id\":\"https:\/\/www.progeriaresearch.org\/ta\/#website\"},\"primaryImageOfPage\":{\"@id\":\"https:\/\/www.progeriaresearch.org\/ru\/2014\/01\/10\/sam-berns-102396-011014\/#primaryimage\"},\"image\":{\"@id\":\"https:\/\/www.progeriaresearch.org\/ru\/2014\/01\/10\/sam-berns-102396-011014\/#primaryimage\"},\"thumbnailUrl\":\"https:\/\/www.progeriaresearch.org\/wp-content\/uploads\/2014\/01\/Sam-HBO-graduation-1.jpg\",\"datePublished\":\"2014-01-10T22:38:24+00:00\",\"dateModified\":\"2020-12-11T16:52:10+00:00\",\"breadcrumb\":{\"@id\":\"https:\/\/www.progeriaresearch.org\/ru\/2014\/01\/10\/sam-berns-102396-011014\/#breadcrumb\"},\"inLanguage\":\"pt-PT\",\"potentialAction\":[{\"@type\":\"ReadAction\",\"target\":[\"https:\/\/www.progeriaresearch.org\/ru\/2014\/01\/10\/sam-berns-102396-011014\/\"]}]},{\"@type\":\"ImageObject\",\"inLanguage\":\"pt-PT\",\"@id\":\"https:\/\/www.progeriaresearch.org\/ru\/2014\/01\/10\/sam-berns-102396-011014\/#primaryimage\",\"url\":\"https:\/\/www.progeriaresearch.org\/wp-content\/uploads\/2014\/01\/Sam-HBO-graduation-1.jpg\",\"contentUrl\":\"https:\/\/www.progeriaresearch.org\/wp-content\/uploads\/2014\/01\/Sam-HBO-graduation-1.jpg\",\"width\":275,\"height\":258},{\"@type\":\"BreadcrumbList\",\"@id\":\"https:\/\/www.progeriaresearch.org\/ru\/2014\/01\/10\/sam-berns-102396-011014\/#breadcrumb\",\"itemListElement\":[{\"@type\":\"ListItem\",\"position\":1,\"name\":\"Home\",\"item\":\"https:\/\/www.progeriaresearch.org\/\"},{\"@type\":\"ListItem\",\"position\":2,\"name\":\"Sam Berns 10\/23\/96 &#8211; 01\/10\/14\"}]},{\"@type\":\"WebSite\",\"@id\":\"https:\/\/www.progeriaresearch.org\/ta\/#website\",\"url\":\"https:\/\/www.progeriaresearch.org\/ta\/\",\"name\":\"The Progeria Research Foundation\",\"description\":\"For the Children \u2665 For the Cure\",\"publisher\":{\"@id\":\"https:\/\/www.progeriaresearch.org\/ta\/#organization\"},\"potentialAction\":[{\"@type\":\"SearchAction\",\"target\":{\"@type\":\"EntryPoint\",\"urlTemplate\":\"https:\/\/www.progeriaresearch.org\/ta\/?s={search_term_string}\"},\"query-input\":{\"@type\":\"PropertyValueSpecification\",\"valueRequired\":true,\"valueName\":\"search_term_string\"}}],\"inLanguage\":\"pt-PT\"},{\"@type\":\"Organization\",\"@id\":\"https:\/\/www.progeriaresearch.org\/ta\/#organization\",\"name\":\"The Progeria Research Foundation\",\"url\":\"https:\/\/www.progeriaresearch.org\/ta\/\",\"logo\":{\"@type\":\"ImageObject\",\"inLanguage\":\"pt-PT\",\"@id\":\"https:\/\/www.progeriaresearch.org\/ta\/#\/schema\/logo\/image\/\",\"url\":\"https:\/\/www.progeriaresearch.org\/wp-content\/uploads\/2019\/05\/PRF_Logo_2019_optimized.png\",\"contentUrl\":\"https:\/\/www.progeriaresearch.org\/wp-content\/uploads\/2019\/05\/PRF_Logo_2019_optimized.png\",\"width\":300,\"height\":86,\"caption\":\"The Progeria Research Foundation\"},\"image\":{\"@id\":\"https:\/\/www.progeriaresearch.org\/ta\/#\/schema\/logo\/image\/\"},\"sameAs\":[\"https:\/\/www.facebook.com\/ProgeriaResearch\/\",\"https:\/\/x.com\/Progeria\",\"https:\/\/www.instagram.com\/progeriaresearch\/\"]},{\"@type\":\"Person\",\"@id\":\"https:\/\/www.progeriaresearch.org\/ta\/#\/schema\/person\/a3c935a81e92242c6a77ae0018542928\",\"name\":\"gravoc\",\"image\":{\"@type\":\"ImageObject\",\"inLanguage\":\"pt-PT\",\"@id\":\"https:\/\/www.progeriaresearch.org\/ta\/#\/schema\/person\/image\/\",\"url\":\"https:\/\/secure.gravatar.com\/avatar\/cee2d206466fdbfc70635d168190f07f615d6e9c97c316eb6a88b5b563efdd7b?s=96&d=mm&r=g\",\"contentUrl\":\"https:\/\/secure.gravatar.com\/avatar\/cee2d206466fdbfc70635d168190f07f615d6e9c97c316eb6a88b5b563efdd7b?s=96&d=mm&r=g\",\"caption\":\"gravoc\"},\"url\":\"https:\/\/www.progeriaresearch.org\/pt\/author\/gravoc\/\"}]}<\/script>\n<!-- \/ Yoast SEO plugin. -->","yoast_head_json":{"title":"Sam Berns 10\/23\/96 - 01\/10\/14 - The Progeria Research Foundation","robots":{"index":"index","follow":"follow","max-snippet":"max-snippet:-1","max-image-preview":"max-image-preview:large","max-video-preview":"max-video-preview:-1"},"canonical":"https:\/\/www.progeriaresearch.org\/pt\/2014\/01\/10\/sam-berns-102396-011014\/","og_locale":"pt_PT","og_type":"article","og_title":"Sam Berns 10\/23\/96 - 01\/10\/14 - The Progeria Research Foundation","og_description":"[et_pb_section fb_built=&#8221;1&#8243; _builder_version=&#8221;3.22&#8243;][et_pb_row _builder_version=&#8221;3.25&#8243; background_size=&#8221;initial&#8221; background_position=&#8221;top_left&#8221; background_repeat=&#8221;repeat&#8221;][et_pb_column type=&#8221;4_4&#8243; _builder_version=&#8221;3.25&#8243; custom_padding=&#8221;|||&#8221; custom_padding__hover=&#8221;|||&#8221;][et_pb_text _builder_version=&#8221;4.6.5&#8243; background_size=&#8221;initial&#8221; background_position=&#8221;top_left&#8221; background_repeat=&#8221;repeat&#8221; hover_enabled=&#8221;0&#8243; sticky_enabled=&#8221;0&#8243;] The family of Sam Berns confirmed today that he passed away Friday evening, January 10, 2014 due to complications from Progeria. Sam, age 17, was diagnosed at 22 months of age with Progeria. His parents, Drs. Leslie Gordon [&hellip;]","og_url":"https:\/\/www.progeriaresearch.org\/pt\/2014\/01\/10\/sam-berns-102396-011014\/","og_site_name":"The Progeria Research Foundation","article_publisher":"https:\/\/www.facebook.com\/ProgeriaResearch\/","article_published_time":"2014-01-10T22:38:24+00:00","article_modified_time":"2020-12-11T16:52:10+00:00","og_image":[{"width":275,"height":258,"url":"https:\/\/www.progeriaresearch.org\/wp-content\/uploads\/2014\/01\/Sam-HBO-graduation-1.jpg","type":"image\/jpeg"}],"author":"gravoc","twitter_card":"summary_large_image","twitter_creator":"@Progeria","twitter_site":"@Progeria","twitter_misc":{"Written by":"gravoc","Est. reading time":"1 minuto"},"schema":{"@context":"https:\/\/schema.org","@graph":[{"@type":"Article","@id":"https:\/\/www.progeriaresearch.org\/ru\/2014\/01\/10\/sam-berns-102396-011014\/#article","isPartOf":{"@id":"https:\/\/www.progeriaresearch.org\/ru\/2014\/01\/10\/sam-berns-102396-011014\/"},"author":{"name":"gravoc","@id":"https:\/\/www.progeriaresearch.org\/ta\/#\/schema\/person\/a3c935a81e92242c6a77ae0018542928"},"headline":"Sam Berns 10\/23\/96 &#8211; 01\/10\/14","datePublished":"2014-01-10T22:38:24+00:00","dateModified":"2020-12-11T16:52:10+00:00","mainEntityOfPage":{"@id":"https:\/\/www.progeriaresearch.org\/ru\/2014\/01\/10\/sam-berns-102396-011014\/"},"wordCount":227,"commentCount":0,"publisher":{"@id":"https:\/\/www.progeriaresearch.org\/ta\/#organization"},"image":{"@id":"https:\/\/www.progeriaresearch.org\/ru\/2014\/01\/10\/sam-berns-102396-011014\/#primaryimage"},"thumbnailUrl":"https:\/\/www.progeriaresearch.org\/wp-content\/uploads\/2014\/01\/Sam-HBO-graduation-1.jpg","articleSection":["News"],"inLanguage":"pt-PT","potentialAction":[{"@type":"CommentAction","name":"Comment","target":["https:\/\/www.progeriaresearch.org\/ru\/2014\/01\/10\/sam-berns-102396-011014\/#respond"]}]},{"@type":"WebPage","@id":"https:\/\/www.progeriaresearch.org\/ru\/2014\/01\/10\/sam-berns-102396-011014\/","url":"https:\/\/www.progeriaresearch.org\/ru\/2014\/01\/10\/sam-berns-102396-011014\/","name":"Sam Berns 10\/23\/96 - 01\/10\/14 - The Progeria Research Foundation","isPartOf":{"@id":"https:\/\/www.progeriaresearch.org\/ta\/#website"},"primaryImageOfPage":{"@id":"https:\/\/www.progeriaresearch.org\/ru\/2014\/01\/10\/sam-berns-102396-011014\/#primaryimage"},"image":{"@id":"https:\/\/www.progeriaresearch.org\/ru\/2014\/01\/10\/sam-berns-102396-011014\/#primaryimage"},"thumbnailUrl":"https:\/\/www.progeriaresearch.org\/wp-content\/uploads\/2014\/01\/Sam-HBO-graduation-1.jpg","datePublished":"2014-01-10T22:38:24+00:00","dateModified":"2020-12-11T16:52:10+00:00","breadcrumb":{"@id":"https:\/\/www.progeriaresearch.org\/ru\/2014\/01\/10\/sam-berns-102396-011014\/#breadcrumb"},"inLanguage":"pt-PT","potentialAction":[{"@type":"ReadAction","target":["https:\/\/www.progeriaresearch.org\/ru\/2014\/01\/10\/sam-berns-102396-011014\/"]}]},{"@type":"ImageObject","inLanguage":"pt-PT","@id":"https:\/\/www.progeriaresearch.org\/ru\/2014\/01\/10\/sam-berns-102396-011014\/#primaryimage","url":"https:\/\/www.progeriaresearch.org\/wp-content\/uploads\/2014\/01\/Sam-HBO-graduation-1.jpg","contentUrl":"https:\/\/www.progeriaresearch.org\/wp-content\/uploads\/2014\/01\/Sam-HBO-graduation-1.jpg","width":275,"height":258},{"@type":"BreadcrumbList","@id":"https:\/\/www.progeriaresearch.org\/ru\/2014\/01\/10\/sam-berns-102396-011014\/#breadcrumb","itemListElement":[{"@type":"ListItem","position":1,"name":"Home","item":"https:\/\/www.progeriaresearch.org\/"},{"@type":"ListItem","position":2,"name":"Sam Berns 10\/23\/96 &#8211; 01\/10\/14"}]},{"@type":"WebSite","@id":"https:\/\/www.progeriaresearch.org\/ta\/#website","url":"https:\/\/www.progeriaresearch.org\/ta\/","name":"Funda\u00e7\u00e3o de Pesquisa Progeria","description":"Pelas Crian\u00e7as \u2665 Pela Cura","publisher":{"@id":"https:\/\/www.progeriaresearch.org\/ta\/#organization"},"potentialAction":[{"@type":"SearchAction","target":{"@type":"EntryPoint","urlTemplate":"https:\/\/www.progeriaresearch.org\/ta\/?s={search_term_string}"},"query-input":{"@type":"PropertyValueSpecification","valueRequired":true,"valueName":"search_term_string"}}],"inLanguage":"pt-PT"},{"@type":"Organization","@id":"https:\/\/www.progeriaresearch.org\/ta\/#organization","name":"Funda\u00e7\u00e3o de Pesquisa Progeria","url":"https:\/\/www.progeriaresearch.org\/ta\/","logo":{"@type":"ImageObject","inLanguage":"pt-PT","@id":"https:\/\/www.progeriaresearch.org\/ta\/#\/schema\/logo\/image\/","url":"https:\/\/www.progeriaresearch.org\/wp-content\/uploads\/2019\/05\/PRF_Logo_2019_optimized.png","contentUrl":"https:\/\/www.progeriaresearch.org\/wp-content\/uploads\/2019\/05\/PRF_Logo_2019_optimized.png","width":300,"height":86,"caption":"The Progeria Research Foundation"},"image":{"@id":"https:\/\/www.progeriaresearch.org\/ta\/#\/schema\/logo\/image\/"},"sameAs":["https:\/\/www.facebook.com\/ProgeriaResearch\/","https:\/\/x.com\/Progeria","https:\/\/www.instagram.com\/progeriaresearch\/"]},{"@type":"Person","@id":"https:\/\/www.progeriaresearch.org\/ta\/#\/schema\/person\/a3c935a81e92242c6a77ae0018542928","name":"gravo","image":{"@type":"ImageObject","inLanguage":"pt-PT","@id":"https:\/\/www.progeriaresearch.org\/ta\/#\/schema\/person\/image\/","url":"https:\/\/secure.gravatar.com\/avatar\/cee2d206466fdbfc70635d168190f07f615d6e9c97c316eb6a88b5b563efdd7b?s=96&d=mm&r=g","contentUrl":"https:\/\/secure.gravatar.com\/avatar\/cee2d206466fdbfc70635d168190f07f615d6e9c97c316eb6a88b5b563efdd7b?s=96&d=mm&r=g","caption":"gravoc"},"url":"https:\/\/www.progeriaresearch.org\/pt\/author\/gravoc\/"}]}},"_links":{"self":[{"href":"https:\/\/www.progeriaresearch.org\/pt\/wp-json\/wp\/v2\/posts\/2008","targetHints":{"allow":["GET"]}}],"collection":[{"href":"https:\/\/www.progeriaresearch.org\/pt\/wp-json\/wp\/v2\/posts"}],"about":[{"href":"https:\/\/www.progeriaresearch.org\/pt\/wp-json\/wp\/v2\/types\/post"}],"author":[{"embeddable":true,"href":"https:\/\/www.progeriaresearch.org\/pt\/wp-json\/wp\/v2\/users\/1"}],"replies":[{"embeddable":true,"href":"https:\/\/www.progeriaresearch.org\/pt\/wp-json\/wp\/v2\/comments?post=2008"}],"version-history":[{"count":0,"href":"https:\/\/www.progeriaresearch.org\/pt\/wp-json\/wp\/v2\/posts\/2008\/revisions"}],"wp:featuredmedia":[{"embeddable":true,"href":"https:\/\/www.progeriaresearch.org\/pt\/wp-json\/wp\/v2\/media\/11772"}],"wp:attachment":[{"href":"https:\/\/www.progeriaresearch.org\/pt\/wp-json\/wp\/v2\/media?parent=2008"}],"wp:term":[{"taxonomy":"category","embeddable":true,"href":"https:\/\/www.progeriaresearch.org\/pt\/wp-json\/wp\/v2\/categories?post=2008"},{"taxonomy":"post_tag","embeddable":true,"href":"https:\/\/www.progeriaresearch.org\/pt\/wp-json\/wp\/v2\/tags?post=2008"}],"curies":[{"name":"wp","href":"https:\/\/api.w.org\/{rel}","templated":true}]}}