{"id":2153,"date":"2004-06-23T21:10:29","date_gmt":"2004-06-23T21:10:29","guid":{"rendered":"https:\/\/www.progeriaresearch.org\/?p=2153"},"modified":"2020-12-09T15:24:41","modified_gmt":"2020-12-09T20:24:41","slug":"work-of-the-progeria-research-foundation-highlighted-on-medical-research-website","status":"publish","type":"post","link":"https:\/\/www.progeriaresearch.org\/pt\/2004\/06\/23\/work-of-the-progeria-research-foundation-highlighted-on-medical-research-website\/","title":{"rendered":"Trabalho da Progeria Research Foundation em destaque no site de pesquisa m\u00e9dica"},"content":{"rendered":"<p>[et_pb_section fb_built=\u201d1\u2033 _builder_version=\u201d3.22\u2033][et_pb_row _builder_version=\u201d3.25\u2033 background_size=\u201dinicial\u201d background_position=\u201dsuperior_esquerdo\u201d background_repeat=\u201drepetir\u201d][et_pb_column type=\u201d4_4\u2033 _builder_version=\u201d3.25\u2033 custom_padding=\u201d|||\u201d custom_padding__hover=\u201d|||\u201d][et_pb_text _builder_version=\u201d4.6.5\u2033 background_size=\u201dinicial\u201d background_position=\u201dsuperior_esquerdo\u201d background_repeat=\u201drepetir\u201d]<\/p>\n<p>A Progeria Research Foundation foi destaque na edi\u00e7\u00e3o de 23 de junho de 2004 da SAGE KE \u2013 um recurso online para pesquisadores que trabalham na \u00e1rea do envelhecimento. O artigo, \u201cRacing Against Time\u201d, destacou a jornada da Progeria Research Foundation para impulsionar a pesquisa por tr\u00e1s da descoberta do gene Progeria.<\/p>\n<div id=\"secondary-header-content\">\n<div id=\"secondary-header-content\">\n<div id=\"secondary-header-content\">\n<div id=\"secondary-header-content\">\n<p><em>Trecho de \u201cCorrendo contra o tempo\u201d: <\/em>\u201cPor meio dos esfor\u00e7os da PRF, a Dra. Leslie Gordon diz com um sorriso orgulhoso que centenas de pessoas agora est\u00e3o trabalhando em nome de crian\u00e7as que t\u00eam a s\u00edndrome: N\u00e3o acho que voc\u00ea fa\u00e7a algo importante sozinho. Gr\u00e3o por gr\u00e3o, a praia cient\u00edfica de conhecimento sobre a Progeria est\u00e1 crescendo.\u201d<br \/><a href=\"https:\/\/www.sciencemag.org\/careers\/2004\/06\/race-against-time\" target=\"_blank\" rel=\"noopener noreferrer\">Clique aqui para ler o artigo completo<\/a><\/p>\n<\/div>\n<\/div>\n<\/div>\n<\/div>\n<p>[\/et_pb_text][\/et_pb_column][\/et_pb_row][\/et_pb_section]<\/p>","protected":false},"excerpt":{"rendered":"<p>[et_pb_section fb_built=\u201d1\u2033 _builder_version=\u201d3.22\u2033][et_pb_row _builder_version=\u201d3.25\u2033 background_size=\u201dinitial\u201d background_position=\u201dtop_left\u201d background_repeat=\u201drepeat\u201d][et_pb_column type=\u201d4_4\u2033 _builder_version=\u201d3.25\u2033 custom_padding=\u201d|||\u201d A Funda\u00e7\u00e3o de Pesquisa da Progeria foi destaque na edi\u00e7\u00e3o de 23 de junho de 2004 da SAGE KE \u2013 um recurso online para pesquisadores que trabalham na \u00e1rea do envelhecimento. O artigo, \u201dCorrendo Contra o Tempo\u201d, apresentou a jornada da Funda\u00e7\u00e3o de Pesquisa da Progeria para [\u2026]<\/p>","protected":false},"author":1,"featured_media":2043,"comment_status":"open","ping_status":"open","sticky":false,"template":"","format":"standard","meta":{"_et_pb_use_builder":"on","_et_pb_old_content":"<p>[vc_custom_heading text=\"Work of The Progeria Research Foundation Highlighted on Medical Research Website\" font_container=\"tag:h1|text_align:left\" use_theme_fonts=\"yes\"]<\/p><div id=\"secondary-header-content\"><div id=\"secondary-header-content\"><div id=\"secondary-header-content\"><div id=\"secondary-header-content\"><p>The Progeria Research Foundation was featured in the June 23, 2004 issue of SAGE KE - an online resource for researchers who are working in the field of aging.The article, \"Racing Against Time,\" featured The Progeria Research Foundation's journey to drive the research behind the Progeria gene discovery.<\/p><p><em>Excerpt from \"Racing Against Time\": <\/em>\"Through PRF's efforts, Dr. Leslie Gordon says with a proud smile, hundreds of people are now working on behalf of children who have the syndrome: I don't think you ever do anything important alone. Grain by grain, the scientific beach of knowledge about Progeria is growing.\"<\/p><p><a href=\"https:\/\/www.progeriaresearch.org\/pdf\/SageKE2004.pdf\"><img src=\"https:\/\/web.archive.org\/web\/20170216041726im_\/https:\/\/www.progeriaresearch.org\/assets\/images\/iconPDF.gif\" alt=\" \" width=\"34\" height=\"20\" align=\"left\" border=\"0\" \/>Click here for the entire article<\/a><\/p><p>*You will need the <a href=\"https:\/\/www.adobe.com\/\">Adobe Acrobat Plugin<\/a> to view and print forms. If you do not have the plug in you can get it here.<\/p><\/div><\/div><\/div><\/div>","_et_gb_content_width":"","footnotes":"","_links_to":"","_links_to_target":""},"categories":[2],"tags":[],"class_list":["post-2153","post","type-post","status-publish","format-standard","has-post-thumbnail","hentry","category-news"],"yoast_head":"<!-- This site is optimized with the Yoast SEO plugin v26.8 - https:\/\/yoast.com\/product\/yoast-seo-wordpress\/ -->\n<title>Work of The Progeria Research Foundation Highlighted on Medical Research Website - The Progeria Research Foundation<\/title>\n<meta name=\"robots\" content=\"index, follow, max-snippet:-1, max-image-preview:large, max-video-preview:-1\" \/>\n<link rel=\"canonical\" href=\"https:\/\/www.progeriaresearch.org\/pt\/2004\/06\/23\/work-of-the-progeria-research-foundation-highlighted-on-medical-research-website\/\" \/>\n<meta property=\"og:locale\" content=\"pt_PT\" \/>\n<meta property=\"og:type\" content=\"article\" \/>\n<meta property=\"og:title\" content=\"Work of The Progeria Research Foundation Highlighted on Medical Research Website - The Progeria Research Foundation\" \/>\n<meta property=\"og:description\" content=\"[et_pb_section fb_built=&#8221;1&#8243; _builder_version=&#8221;3.22&#8243;][et_pb_row _builder_version=&#8221;3.25&#8243; background_size=&#8221;initial&#8221; background_position=&#8221;top_left&#8221; background_repeat=&#8221;repeat&#8221;][et_pb_column type=&#8221;4_4&#8243; _builder_version=&#8221;3.25&#8243; custom_padding=&#8221;|||&#8221; custom_padding__hover=&#8221;|||&#8221;][et_pb_text _builder_version=&#8221;4.6.5&#8243; background_size=&#8221;initial&#8221; background_position=&#8221;top_left&#8221; background_repeat=&#8221;repeat&#8221;] The Progeria Research Foundation was featured in the June 23, 2004 issue of SAGE KE &#8211; an online resource for researchers who are working in the field of aging.The article, &#8220;Racing Against Time,&#8221; featured The Progeria Research Foundation&#8217;s journey to [&hellip;]\" \/>\n<meta property=\"og:url\" content=\"https:\/\/www.progeriaresearch.org\/pt\/2004\/06\/23\/work-of-the-progeria-research-foundation-highlighted-on-medical-research-website\/\" \/>\n<meta property=\"og:site_name\" content=\"The Progeria Research Foundation\" \/>\n<meta property=\"article:publisher\" content=\"https:\/\/www.facebook.com\/ProgeriaResearch\/\" \/>\n<meta property=\"article:published_time\" content=\"2004-06-23T21:10:29+00:00\" \/>\n<meta property=\"article:modified_time\" content=\"2020-12-09T20:24:41+00:00\" \/>\n<meta property=\"og:image\" content=\"https:\/\/www.progeriaresearch.org\/wp-content\/uploads\/2011\/05\/1PRFlogo2010_300dpi.jpg\" \/>\n\t<meta property=\"og:image:width\" content=\"400\" \/>\n\t<meta property=\"og:image:height\" content=\"165\" \/>\n\t<meta property=\"og:image:type\" content=\"image\/jpeg\" \/>\n<meta name=\"author\" content=\"gravoc\" \/>\n<meta name=\"twitter:card\" content=\"summary_large_image\" \/>\n<meta name=\"twitter:creator\" content=\"@Progeria\" \/>\n<meta name=\"twitter:site\" content=\"@Progeria\" \/>\n<meta name=\"twitter:label1\" content=\"Written by\" \/>\n\t<meta name=\"twitter:data1\" content=\"gravoc\" \/>\n\t<meta name=\"twitter:label2\" content=\"Est. reading time\" \/>\n\t<meta name=\"twitter:data2\" content=\"1 minuto\" \/>\n<script type=\"application\/ld+json\" class=\"yoast-schema-graph\">{\"@context\":\"https:\/\/schema.org\",\"@graph\":[{\"@type\":\"Article\",\"@id\":\"https:\/\/www.progeriaresearch.org\/ps\/2004\/06\/23\/work-of-the-progeria-research-foundation-highlighted-on-medical-research-website\/#article\",\"isPartOf\":{\"@id\":\"https:\/\/www.progeriaresearch.org\/ps\/2004\/06\/23\/work-of-the-progeria-research-foundation-highlighted-on-medical-research-website\/\"},\"author\":{\"name\":\"gravoc\",\"@id\":\"https:\/\/www.progeriaresearch.org\/ta\/#\/schema\/person\/a3c935a81e92242c6a77ae0018542928\"},\"headline\":\"Work of The Progeria Research Foundation Highlighted on Medical Research Website\",\"datePublished\":\"2004-06-23T21:10:29+00:00\",\"dateModified\":\"2020-12-09T20:24:41+00:00\",\"mainEntityOfPage\":{\"@id\":\"https:\/\/www.progeriaresearch.org\/ps\/2004\/06\/23\/work-of-the-progeria-research-foundation-highlighted-on-medical-research-website\/\"},\"wordCount\":178,\"commentCount\":0,\"publisher\":{\"@id\":\"https:\/\/www.progeriaresearch.org\/ta\/#organization\"},\"image\":{\"@id\":\"https:\/\/www.progeriaresearch.org\/ps\/2004\/06\/23\/work-of-the-progeria-research-foundation-highlighted-on-medical-research-website\/#primaryimage\"},\"thumbnailUrl\":\"https:\/\/www.progeriaresearch.org\/wp-content\/uploads\/2011\/05\/1PRFlogo2010_300dpi.jpg\",\"articleSection\":[\"News\"],\"inLanguage\":\"pt-PT\",\"potentialAction\":[{\"@type\":\"CommentAction\",\"name\":\"Comment\",\"target\":[\"https:\/\/www.progeriaresearch.org\/ps\/2004\/06\/23\/work-of-the-progeria-research-foundation-highlighted-on-medical-research-website\/#respond\"]}]},{\"@type\":\"WebPage\",\"@id\":\"https:\/\/www.progeriaresearch.org\/ps\/2004\/06\/23\/work-of-the-progeria-research-foundation-highlighted-on-medical-research-website\/\",\"url\":\"https:\/\/www.progeriaresearch.org\/ps\/2004\/06\/23\/work-of-the-progeria-research-foundation-highlighted-on-medical-research-website\/\",\"name\":\"Work of The Progeria Research Foundation Highlighted on Medical Research Website - The Progeria Research Foundation\",\"isPartOf\":{\"@id\":\"https:\/\/www.progeriaresearch.org\/ta\/#website\"},\"primaryImageOfPage\":{\"@id\":\"https:\/\/www.progeriaresearch.org\/ps\/2004\/06\/23\/work-of-the-progeria-research-foundation-highlighted-on-medical-research-website\/#primaryimage\"},\"image\":{\"@id\":\"https:\/\/www.progeriaresearch.org\/ps\/2004\/06\/23\/work-of-the-progeria-research-foundation-highlighted-on-medical-research-website\/#primaryimage\"},\"thumbnailUrl\":\"https:\/\/www.progeriaresearch.org\/wp-content\/uploads\/2011\/05\/1PRFlogo2010_300dpi.jpg\",\"datePublished\":\"2004-06-23T21:10:29+00:00\",\"dateModified\":\"2020-12-09T20:24:41+00:00\",\"breadcrumb\":{\"@id\":\"https:\/\/www.progeriaresearch.org\/ps\/2004\/06\/23\/work-of-the-progeria-research-foundation-highlighted-on-medical-research-website\/#breadcrumb\"},\"inLanguage\":\"pt-PT\",\"potentialAction\":[{\"@type\":\"ReadAction\",\"target\":[\"https:\/\/www.progeriaresearch.org\/ps\/2004\/06\/23\/work-of-the-progeria-research-foundation-highlighted-on-medical-research-website\/\"]}]},{\"@type\":\"ImageObject\",\"inLanguage\":\"pt-PT\",\"@id\":\"https:\/\/www.progeriaresearch.org\/ps\/2004\/06\/23\/work-of-the-progeria-research-foundation-highlighted-on-medical-research-website\/#primaryimage\",\"url\":\"https:\/\/www.progeriaresearch.org\/wp-content\/uploads\/2011\/05\/1PRFlogo2010_300dpi.jpg\",\"contentUrl\":\"https:\/\/www.progeriaresearch.org\/wp-content\/uploads\/2011\/05\/1PRFlogo2010_300dpi.jpg\",\"width\":400,\"height\":165,\"caption\":\"\"},{\"@type\":\"BreadcrumbList\",\"@id\":\"https:\/\/www.progeriaresearch.org\/ps\/2004\/06\/23\/work-of-the-progeria-research-foundation-highlighted-on-medical-research-website\/#breadcrumb\",\"itemListElement\":[{\"@type\":\"ListItem\",\"position\":1,\"name\":\"Home\",\"item\":\"https:\/\/www.progeriaresearch.org\/\"},{\"@type\":\"ListItem\",\"position\":2,\"name\":\"Work of The Progeria Research Foundation Highlighted on Medical Research Website\"}]},{\"@type\":\"WebSite\",\"@id\":\"https:\/\/www.progeriaresearch.org\/ta\/#website\",\"url\":\"https:\/\/www.progeriaresearch.org\/ta\/\",\"name\":\"The Progeria Research Foundation\",\"description\":\"For the Children \u2665 For the Cure\",\"publisher\":{\"@id\":\"https:\/\/www.progeriaresearch.org\/ta\/#organization\"},\"potentialAction\":[{\"@type\":\"SearchAction\",\"target\":{\"@type\":\"EntryPoint\",\"urlTemplate\":\"https:\/\/www.progeriaresearch.org\/ta\/?s={search_term_string}\"},\"query-input\":{\"@type\":\"PropertyValueSpecification\",\"valueRequired\":true,\"valueName\":\"search_term_string\"}}],\"inLanguage\":\"pt-PT\"},{\"@type\":\"Organization\",\"@id\":\"https:\/\/www.progeriaresearch.org\/ta\/#organization\",\"name\":\"The Progeria Research Foundation\",\"url\":\"https:\/\/www.progeriaresearch.org\/ta\/\",\"logo\":{\"@type\":\"ImageObject\",\"inLanguage\":\"pt-PT\",\"@id\":\"https:\/\/www.progeriaresearch.org\/ta\/#\/schema\/logo\/image\/\",\"url\":\"https:\/\/www.progeriaresearch.org\/wp-content\/uploads\/2019\/05\/PRF_Logo_2019_optimized.png\",\"contentUrl\":\"https:\/\/www.progeriaresearch.org\/wp-content\/uploads\/2019\/05\/PRF_Logo_2019_optimized.png\",\"width\":300,\"height\":86,\"caption\":\"The Progeria Research Foundation\"},\"image\":{\"@id\":\"https:\/\/www.progeriaresearch.org\/ta\/#\/schema\/logo\/image\/\"},\"sameAs\":[\"https:\/\/www.facebook.com\/ProgeriaResearch\/\",\"https:\/\/x.com\/Progeria\",\"https:\/\/www.instagram.com\/progeriaresearch\/\"]},{\"@type\":\"Person\",\"@id\":\"https:\/\/www.progeriaresearch.org\/ta\/#\/schema\/person\/a3c935a81e92242c6a77ae0018542928\",\"name\":\"gravoc\",\"image\":{\"@type\":\"ImageObject\",\"inLanguage\":\"pt-PT\",\"@id\":\"https:\/\/www.progeriaresearch.org\/ta\/#\/schema\/person\/image\/\",\"url\":\"https:\/\/secure.gravatar.com\/avatar\/cee2d206466fdbfc70635d168190f07f615d6e9c97c316eb6a88b5b563efdd7b?s=96&d=mm&r=g\",\"contentUrl\":\"https:\/\/secure.gravatar.com\/avatar\/cee2d206466fdbfc70635d168190f07f615d6e9c97c316eb6a88b5b563efdd7b?s=96&d=mm&r=g\",\"caption\":\"gravoc\"},\"url\":\"https:\/\/www.progeriaresearch.org\/pt\/author\/gravoc\/\"}]}<\/script>\n<!-- \/ Yoast SEO plugin. -->","yoast_head_json":{"title":"O trabalho da Funda\u00e7\u00e3o de Pesquisa da Progeria \u00e9 destacado em um site de pesquisa m\u00e9dica - Funda\u00e7\u00e3o de Pesquisa da Progeria","robots":{"index":"index","follow":"follow","max-snippet":"max-snippet:-1","max-image-preview":"max-image-preview:large","max-video-preview":"max-video-preview:-1"},"canonical":"https:\/\/www.progeriaresearch.org\/pt\/2004\/06\/23\/work-of-the-progeria-research-foundation-highlighted-on-medical-research-website\/","og_locale":"pt_PT","og_type":"article","og_title":"Work of The Progeria Research Foundation Highlighted on Medical Research Website - The Progeria Research Foundation","og_description":"[et_pb_section fb_built=&#8221;1&#8243; _builder_version=&#8221;3.22&#8243;][et_pb_row _builder_version=&#8221;3.25&#8243; background_size=&#8221;initial&#8221; background_position=&#8221;top_left&#8221; background_repeat=&#8221;repeat&#8221;][et_pb_column type=&#8221;4_4&#8243; _builder_version=&#8221;3.25&#8243; custom_padding=&#8221;|||&#8221; custom_padding__hover=&#8221;|||&#8221;][et_pb_text _builder_version=&#8221;4.6.5&#8243; background_size=&#8221;initial&#8221; background_position=&#8221;top_left&#8221; background_repeat=&#8221;repeat&#8221;] The Progeria Research Foundation was featured in the June 23, 2004 issue of SAGE KE &#8211; an online resource for researchers who are working in the field of aging.The article, &#8220;Racing Against Time,&#8221; featured The Progeria Research Foundation&#8217;s journey to [&hellip;]","og_url":"https:\/\/www.progeriaresearch.org\/pt\/2004\/06\/23\/work-of-the-progeria-research-foundation-highlighted-on-medical-research-website\/","og_site_name":"The Progeria Research Foundation","article_publisher":"https:\/\/www.facebook.com\/ProgeriaResearch\/","article_published_time":"2004-06-23T21:10:29+00:00","article_modified_time":"2020-12-09T20:24:41+00:00","og_image":[{"width":400,"height":165,"url":"https:\/\/www.progeriaresearch.org\/wp-content\/uploads\/2011\/05\/1PRFlogo2010_300dpi.jpg","type":"image\/jpeg"}],"author":"gravoc","twitter_card":"summary_large_image","twitter_creator":"@Progeria","twitter_site":"@Progeria","twitter_misc":{"Written by":"gravoc","Est. reading time":"1 minuto"},"schema":{"@context":"https:\/\/schema.org","@graph":[{"@type":"Article","@id":"https:\/\/www.progeriaresearch.org\/ps\/2004\/06\/23\/work-of-the-progeria-research-foundation-highlighted-on-medical-research-website\/#article","isPartOf":{"@id":"https:\/\/www.progeriaresearch.org\/ps\/2004\/06\/23\/work-of-the-progeria-research-foundation-highlighted-on-medical-research-website\/"},"author":{"name":"gravoc","@id":"https:\/\/www.progeriaresearch.org\/ta\/#\/schema\/person\/a3c935a81e92242c6a77ae0018542928"},"headline":"Work of The Progeria Research Foundation Highlighted on Medical Research Website","datePublished":"2004-06-23T21:10:29+00:00","dateModified":"2020-12-09T20:24:41+00:00","mainEntityOfPage":{"@id":"https:\/\/www.progeriaresearch.org\/ps\/2004\/06\/23\/work-of-the-progeria-research-foundation-highlighted-on-medical-research-website\/"},"wordCount":178,"commentCount":0,"publisher":{"@id":"https:\/\/www.progeriaresearch.org\/ta\/#organization"},"image":{"@id":"https:\/\/www.progeriaresearch.org\/ps\/2004\/06\/23\/work-of-the-progeria-research-foundation-highlighted-on-medical-research-website\/#primaryimage"},"thumbnailUrl":"https:\/\/www.progeriaresearch.org\/wp-content\/uploads\/2011\/05\/1PRFlogo2010_300dpi.jpg","articleSection":["News"],"inLanguage":"pt-PT","potentialAction":[{"@type":"CommentAction","name":"Comment","target":["https:\/\/www.progeriaresearch.org\/ps\/2004\/06\/23\/work-of-the-progeria-research-foundation-highlighted-on-medical-research-website\/#respond"]}]},{"@type":"WebPage","@id":"https:\/\/www.progeriaresearch.org\/ps\/2004\/06\/23\/work-of-the-progeria-research-foundation-highlighted-on-medical-research-website\/","url":"https:\/\/www.progeriaresearch.org\/ps\/2004\/06\/23\/work-of-the-progeria-research-foundation-highlighted-on-medical-research-website\/","name":"O trabalho da Funda\u00e7\u00e3o de Pesquisa da Progeria \u00e9 destacado em um site de pesquisa m\u00e9dica - Funda\u00e7\u00e3o de Pesquisa da Progeria","isPartOf":{"@id":"https:\/\/www.progeriaresearch.org\/ta\/#website"},"primaryImageOfPage":{"@id":"https:\/\/www.progeriaresearch.org\/ps\/2004\/06\/23\/work-of-the-progeria-research-foundation-highlighted-on-medical-research-website\/#primaryimage"},"image":{"@id":"https:\/\/www.progeriaresearch.org\/ps\/2004\/06\/23\/work-of-the-progeria-research-foundation-highlighted-on-medical-research-website\/#primaryimage"},"thumbnailUrl":"https:\/\/www.progeriaresearch.org\/wp-content\/uploads\/2011\/05\/1PRFlogo2010_300dpi.jpg","datePublished":"2004-06-23T21:10:29+00:00","dateModified":"2020-12-09T20:24:41+00:00","breadcrumb":{"@id":"https:\/\/www.progeriaresearch.org\/ps\/2004\/06\/23\/work-of-the-progeria-research-foundation-highlighted-on-medical-research-website\/#breadcrumb"},"inLanguage":"pt-PT","potentialAction":[{"@type":"ReadAction","target":["https:\/\/www.progeriaresearch.org\/ps\/2004\/06\/23\/work-of-the-progeria-research-foundation-highlighted-on-medical-research-website\/"]}]},{"@type":"ImageObject","inLanguage":"pt-PT","@id":"https:\/\/www.progeriaresearch.org\/ps\/2004\/06\/23\/work-of-the-progeria-research-foundation-highlighted-on-medical-research-website\/#primaryimage","url":"https:\/\/www.progeriaresearch.org\/wp-content\/uploads\/2011\/05\/1PRFlogo2010_300dpi.jpg","contentUrl":"https:\/\/www.progeriaresearch.org\/wp-content\/uploads\/2011\/05\/1PRFlogo2010_300dpi.jpg","width":400,"height":165,"caption":""},{"@type":"BreadcrumbList","@id":"https:\/\/www.progeriaresearch.org\/ps\/2004\/06\/23\/work-of-the-progeria-research-foundation-highlighted-on-medical-research-website\/#breadcrumb","itemListElement":[{"@type":"ListItem","position":1,"name":"Home","item":"https:\/\/www.progeriaresearch.org\/"},{"@type":"ListItem","position":2,"name":"Work of The Progeria Research Foundation Highlighted on Medical Research Website"}]},{"@type":"WebSite","@id":"https:\/\/www.progeriaresearch.org\/ta\/#website","url":"https:\/\/www.progeriaresearch.org\/ta\/","name":"Funda\u00e7\u00e3o de Pesquisa Progeria","description":"Pelas Crian\u00e7as \u2665 Pela Cura","publisher":{"@id":"https:\/\/www.progeriaresearch.org\/ta\/#organization"},"potentialAction":[{"@type":"SearchAction","target":{"@type":"EntryPoint","urlTemplate":"https:\/\/www.progeriaresearch.org\/ta\/?s={search_term_string}"},"query-input":{"@type":"PropertyValueSpecification","valueRequired":true,"valueName":"search_term_string"}}],"inLanguage":"pt-PT"},{"@type":"Organization","@id":"https:\/\/www.progeriaresearch.org\/ta\/#organization","name":"Funda\u00e7\u00e3o de Pesquisa Progeria","url":"https:\/\/www.progeriaresearch.org\/ta\/","logo":{"@type":"ImageObject","inLanguage":"pt-PT","@id":"https:\/\/www.progeriaresearch.org\/ta\/#\/schema\/logo\/image\/","url":"https:\/\/www.progeriaresearch.org\/wp-content\/uploads\/2019\/05\/PRF_Logo_2019_optimized.png","contentUrl":"https:\/\/www.progeriaresearch.org\/wp-content\/uploads\/2019\/05\/PRF_Logo_2019_optimized.png","width":300,"height":86,"caption":"The Progeria Research Foundation"},"image":{"@id":"https:\/\/www.progeriaresearch.org\/ta\/#\/schema\/logo\/image\/"},"sameAs":["https:\/\/www.facebook.com\/ProgeriaResearch\/","https:\/\/x.com\/Progeria","https:\/\/www.instagram.com\/progeriaresearch\/"]},{"@type":"Person","@id":"https:\/\/www.progeriaresearch.org\/ta\/#\/schema\/person\/a3c935a81e92242c6a77ae0018542928","name":"gravo","image":{"@type":"ImageObject","inLanguage":"pt-PT","@id":"https:\/\/www.progeriaresearch.org\/ta\/#\/schema\/person\/image\/","url":"https:\/\/secure.gravatar.com\/avatar\/cee2d206466fdbfc70635d168190f07f615d6e9c97c316eb6a88b5b563efdd7b?s=96&d=mm&r=g","contentUrl":"https:\/\/secure.gravatar.com\/avatar\/cee2d206466fdbfc70635d168190f07f615d6e9c97c316eb6a88b5b563efdd7b?s=96&d=mm&r=g","caption":"gravoc"},"url":"https:\/\/www.progeriaresearch.org\/pt\/author\/gravoc\/"}]}},"_links":{"self":[{"href":"https:\/\/www.progeriaresearch.org\/pt\/wp-json\/wp\/v2\/posts\/2153","targetHints":{"allow":["GET"]}}],"collection":[{"href":"https:\/\/www.progeriaresearch.org\/pt\/wp-json\/wp\/v2\/posts"}],"about":[{"href":"https:\/\/www.progeriaresearch.org\/pt\/wp-json\/wp\/v2\/types\/post"}],"author":[{"embeddable":true,"href":"https:\/\/www.progeriaresearch.org\/pt\/wp-json\/wp\/v2\/users\/1"}],"replies":[{"embeddable":true,"href":"https:\/\/www.progeriaresearch.org\/pt\/wp-json\/wp\/v2\/comments?post=2153"}],"version-history":[{"count":0,"href":"https:\/\/www.progeriaresearch.org\/pt\/wp-json\/wp\/v2\/posts\/2153\/revisions"}],"wp:featuredmedia":[{"embeddable":true,"href":"https:\/\/www.progeriaresearch.org\/pt\/wp-json\/wp\/v2\/media\/2043"}],"wp:attachment":[{"href":"https:\/\/www.progeriaresearch.org\/pt\/wp-json\/wp\/v2\/media?parent=2153"}],"wp:term":[{"taxonomy":"category","embeddable":true,"href":"https:\/\/www.progeriaresearch.org\/pt\/wp-json\/wp\/v2\/categories?post=2153"},{"taxonomy":"post_tag","embeddable":true,"href":"https:\/\/www.progeriaresearch.org\/pt\/wp-json\/wp\/v2\/tags?post=2153"}],"curies":[{"name":"wp","href":"https:\/\/api.w.org\/{rel}","templated":true}]}}